{"id":183007,"date":"2025-12-10T16:33:10","date_gmt":"2025-12-10T16:33:10","guid":{"rendered":"https:\/\/www.europesays.com\/pt\/183007\/"},"modified":"2025-12-10T16:33:10","modified_gmt":"2025-12-10T16:33:10","slug":"sabrina-sabino-ao-retirar-vacina-da-hepatite-b-ao-nascer-eua-arriscam-retrocesso-historico","status":"publish","type":"post","link":"https:\/\/www.europesays.com\/pt\/183007\/","title":{"rendered":"Sabrina Sabino: \u201cAo retirar vacina da Hepatite B ao nascer, EUA arriscam retrocesso hist\u00f3rico\u201d"},"content":{"rendered":"<p>                            <img width=\"944\" height=\"531\" src=\"https:\/\/www.europesays.com\/pt\/wp-content\/uploads\/2025\/12\/Vacina-contra-a-Hepatite-B-e-uma-das-mais-seguras-e-eficazes-que-temos-diz-Sabrina-Foto-Banco-de-ima.jpeg\" class=\"attachment-custom-large size-custom-large article-featured-image\" alt=\"\" fetchpriority=\"high\" decoding=\"async\"  \/><\/p>\n<p class=\"image-caption\">Vacina contra a Hepatite B \u00e9 uma das mais seguras e eficazes que temos, diz Sabrina (Foto: Banco de imagens)  <\/p>\n<p>Prezados leitores, \u00e9 com preocupa\u00e7\u00e3o que retorno a este espa\u00e7o para discutir uma decis\u00e3o preocupante na comunidade cient\u00edfica internacional, especialmente entre n\u00f3s, infectologistas. O Comit\u00ea Consultivo em Pr\u00e1ticas de Imuniza\u00e7\u00e3o (ACIP) dos Estados Unidos, respons\u00e1vel por definir as diretrizes de vacina\u00e7\u00e3o do pa\u00eds, revogou a recomenda\u00e7\u00e3o universal de vacina\u00e7\u00e3o contra a Hepatite B para rec\u00e9m-nascidos.<\/p>\n<p>Continua depois da publicidade<\/p>\n<p>Esta \u00e9 uma decis\u00e3o que vai diretamente contra as evid\u00eancias cient\u00edficas e o sucesso hist\u00f3rico de uma pol\u00edtica de sa\u00fade p\u00fablica com mais de 30 anos. Por d\u00e9cadas, a<a href=\"https:\/\/www.nsctotal.com.br\/autor\/saude-em-dia\" target=\"_blank\" rel=\"noreferrer noopener nofollow\"> <\/a><strong><a href=\"https:\/\/www.nsctotal.com.br\/autor\/saude-em-dia\" target=\"_blank\" rel=\"noreferrer noopener nofollow\">dose da vacina contra Hepatite B<\/a> <\/strong>ao nascer tem sido a estrat\u00e9gia americana para controlar a doen\u00e7a, com resultados ineg\u00e1veis: a Hepatite B cr\u00f4nica foi erradicada em crian\u00e7as e jovens nos EUA devido a essa pol\u00edtica de vacina\u00e7\u00e3o universal no nascimento.<\/p>\n<p>A vacina\u00e7\u00e3o imediata (nas primeiras 12-24 horas de vida) previne o cont\u00e1gio de m\u00e3e para filho (transmiss\u00e3o vertical), que \u00e9 respons\u00e1vel por at\u00e9 90% das infec\u00e7\u00f5es cr\u00f4nicas em rec\u00e9m-nascidos e uma das principais vias de transmiss\u00e3o da doen\u00e7a no mundo.<\/p>\n<p>Com a nova diretriz, a vacina\u00e7\u00e3o no nascimento n\u00e3o \u00e9 mais uma recomenda\u00e7\u00e3o universal, passando a ser uma \u201cdecis\u00e3o individual\u201d a ser discutida com o m\u00e9dico \u2014 exceto em casos em que a m\u00e3e \u00e9 sabidamente positiva para o v\u00edrus. Se o beb\u00ea n\u00e3o for vacinado na maternidade, o in\u00edcio do esquema passar\u00e1 a ser recomendado apenas aos 2 meses de vida. Esta decis\u00e3o \u00e9 irrespons\u00e1vel e perigosa. Ao remover a vacina\u00e7\u00e3o no nascimento, perde-se a oportunidade de imunizar o beb\u00ea em seu momento de maior vulnerabilidade e reverte-se d\u00e9cadas de progresso.<\/p>\n<p>O Comit\u00ea Consultivo em Pr\u00e1ticas de Imuniza\u00e7\u00e3o (ACIP) dos Estados Unidos, sob a atual gest\u00e3o, tem sido fortemente criticado por incluir membros que n\u00e3o s\u00e3o reconhecidos pela sua experi\u00eancia na \u00e1rea de infectologia\/imunologia e que j\u00e1 demonstraram ceticismo em rela\u00e7\u00e3o \u00e0s vacinas, o que coloca em xeque a base cient\u00edfica e t\u00e9cnica das novas recomenda\u00e7\u00f5es.<\/p>\n<p>Continua depois da publicidade<\/p>\n<p>Essa mudan\u00e7a se soma a outros alertas recentes, como o ressurgimento de casos de sarampo nos EUA, uma prova de que a queda na cobertura vacinal universal tem consequ\u00eancias letais e imediatas.<\/p>\n<p>A vacina contra a Hepatite B \u00e9 uma das mais seguras e eficazes que temos, sendo um verdadeiro divisor de \u00e1guas na preven\u00e7\u00e3o do c\u00e2ncer de f\u00edgado. N\u00e3o h\u00e1 novas evid\u00eancias cient\u00edficas que justifiquem o atraso ou a remo\u00e7\u00e3o dessa prote\u00e7\u00e3o. Delegar essa decis\u00e3o, que foi historicamente um sucesso de sa\u00fade p\u00fablica, a uma escolha individual de risco, \u00e9 um erro crasso com potencial para causar um grave retrocesso nos indicadores de contamina\u00e7\u00e3o e de doen\u00e7a cr\u00f4nica.<\/p>\n<p>Felizmente, no Brasil, o Programa Nacional de Imuniza\u00e7\u00f5es (PNI) mant\u00e9m a Vacina contra a Hepatite B como obrigat\u00f3ria para todos os rec\u00e9m-nascidos, com a primeira dose devendo ser aplicada nas primeiras 12 horas de vida. Essa pol\u00edtica \u00e9 inegoci\u00e1vel e para nossa meta de elimina\u00e7\u00e3o das hepatites virais at\u00e9 2030, conforme o compromisso com a OMS.<\/p>\n<p>Confie na ci\u00eancia e deixe a pol\u00edtica de fora de decis\u00f5es cientificas.<\/p>\n<p><strong>Por Sabrina Sabino, m\u00e9dica infectologista, formada em Medicina pela PUCRS, mestre em Ci\u00eancias M\u00e9dicas pela Universidade Federal do Rio Grande do Sul e professora de Doen\u00e7as Infecciosas na Universidade Regional de Blumenau.<\/strong><\/p>\n<p>Continua depois da publicidade<\/p>\n","protected":false},"excerpt":{"rendered":"Vacina contra a Hepatite B \u00e9 uma das mais seguras e eficazes que temos, diz Sabrina (Foto: Banco&hellip;\n","protected":false},"author":2,"featured_media":183008,"comment_status":"","ping_status":"","sticky":false,"template":"","format":"standard","meta":{"footnotes":""},"categories":[86],"tags":[829,116,32,33,117,17778],"class_list":{"0":"post-183007","1":"post","2":"type-post","3":"status-publish","4":"format-standard","5":"has-post-thumbnail","7":"category-saude","8":"tag-conteudo-liberado","9":"tag-health","10":"tag-portugal","11":"tag-pt","12":"tag-saude","13":"tag-saude-em-dia"},"share_on_mastodon":{"url":"https:\/\/pubeurope.com\/@pt\/115696238991600423","error":""},"_links":{"self":[{"href":"https:\/\/www.europesays.com\/pt\/wp-json\/wp\/v2\/posts\/183007","targetHints":{"allow":["GET"]}}],"collection":[{"href":"https:\/\/www.europesays.com\/pt\/wp-json\/wp\/v2\/posts"}],"about":[{"href":"https:\/\/www.europesays.com\/pt\/wp-json\/wp\/v2\/types\/post"}],"author":[{"embeddable":true,"href":"https:\/\/www.europesays.com\/pt\/wp-json\/wp\/v2\/users\/2"}],"replies":[{"embeddable":true,"href":"https:\/\/www.europesays.com\/pt\/wp-json\/wp\/v2\/comments?post=183007"}],"version-history":[{"count":0,"href":"https:\/\/www.europesays.com\/pt\/wp-json\/wp\/v2\/posts\/183007\/revisions"}],"wp:featuredmedia":[{"embeddable":true,"href":"https:\/\/www.europesays.com\/pt\/wp-json\/wp\/v2\/media\/183008"}],"wp:attachment":[{"href":"https:\/\/www.europesays.com\/pt\/wp-json\/wp\/v2\/media?parent=183007"}],"wp:term":[{"taxonomy":"category","embeddable":true,"href":"https:\/\/www.europesays.com\/pt\/wp-json\/wp\/v2\/categories?post=183007"},{"taxonomy":"post_tag","embeddable":true,"href":"https:\/\/www.europesays.com\/pt\/wp-json\/wp\/v2\/tags?post=183007"}],"curies":[{"name":"wp","href":"https:\/\/api.w.org\/{rel}","templated":true}]}}