{"id":183009,"date":"2025-12-10T16:35:13","date_gmt":"2025-12-10T16:35:13","guid":{"rendered":"https:\/\/www.europesays.com\/pt\/183009\/"},"modified":"2025-12-10T16:35:13","modified_gmt":"2025-12-10T16:35:13","slug":"foto-viral-congelou-paraquedista-diante-do-sol","status":"publish","type":"post","link":"https:\/\/www.europesays.com\/pt\/183009\/","title":{"rendered":"foto viral congelou paraquedista diante do Sol"},"content":{"rendered":"<p dir=\"ltr\">Uma silhueta humana, em queda livre, pairando exatamente sobre a<strong><a href=\"https:\/\/www.em.com.br\/app\/noticia\/ciencia\/2022\/04\/12\/interna_ciencia,1359515\/agencia-espacial-europeia-divulga-fotos-do-sol-em-ultra-resolucao.shtml\" target=\"_blank\" rel=\"nofollow noopener\"> imagem do Sol<\/a><\/strong>. A fotografia, batizada de \u201cA queda de \u00cdcaro\u201d chamou aten\u00e7\u00e3o nas redes sociais por ser t\u00e3o rara. Para conseguir o clique, o astrofot\u00f3grafo americano Andrew McCharty precisou de meses de c\u00e1lculo, mil\u00edmetros de precis\u00e3o e uma janela de segundos entre o sucesso e o fracasso.<\/p>\n<p class=\"texto\">O registro foi feito no leito seco do lago Wilcox Playa, no Arizona, nos Estados Unidos. Para capturar um homem \u201ccaindo\u201d no Sol, McCarthy precisou manter-se im\u00f3vel enquanto trens de carga sacudiam o deserto, amea\u00e7ando atrapalhar o projeto. Ao seu redor, curiosos assistiam em sil\u00eancio \u00e0 tens\u00e3o do set improvisado.<\/p>\n<p class=\"texto\">\n<p dir=\"ltr\">No alto, o amigo e paraquedista Gabriel C. Brown aguardava a contagem regressiva dentro de um pequeno avi\u00e3o. O plano era simples apenas na teoria: alinhar salto, altitude, posi\u00e7\u00e3o do fot\u00f3grafo e trajet\u00f3ria do Sol num \u00fanico ponto perfeito.<\/p>\n<p class=\"texto\">\n<p dir=\"ltr\">Depois de seis tentativas frustradas, restava apenas uma chance antes que o astro subisse demais. O fot\u00f3grafo n\u00e3o decepcionou e conseguiu encantar o mundo.\u00a0<\/p>\n<p class=\"texto\">\n<p>A imagem que ecoa um mito<\/p>\n<p dir=\"ltr\">A fotografia mostra Brown como um ponto negro fr\u00e1gil \u2014 um \u00cdcaro contempor\u00e2neo \u2014 recortado contra a superf\u00edcie texturizada do Sol. O contraste entre a pequenez humana e a for\u00e7a avassaladora da estrela cria um impacto imediato, quase visceral.<\/p>\n<p dir=\"ltr\">Na mitologia grega, \u00cdcaro era filho de D\u00e9dalo, um inventor brilhante que foi preso junto com o filho na ilha de Creta. Para fugirem, D\u00e9dalo construiu asas feitas de penas coladas com cera. Antes de partirem, ele pediu ao filho que n\u00e3o voasse baixo demais \u2013 para que a umidade do mar n\u00e3o pesasse as asas \u2013, nem voasse alto demais \u2013\u00a0 para que o calor do Sol n\u00e3o derretesse a cera.<\/p>\n<p dir=\"ltr\">Mas, encantado com a sensa\u00e7\u00e3o do voo, \u00cdcaro ignorou o alerta e subiu cada vez mais. O Sol derreteu a cera, as asas se desfizeram e \u00cdcaro caiu no mar, onde morreu.<\/p>\n<p dir=\"ltr\">Para McCarthy, o t\u00edtulo da foto n\u00e3o remete ao desastre do personagem mitol\u00f3gico que voou alto demais, mas \u00e0 eterna dan\u00e7a entre ambi\u00e7\u00e3o e limite. \u00c9 um lembrete visual de que a natureza n\u00e3o se curva: n\u00f3s \u00e9 que orbitamos ao redor dela.<\/p>\n<p dir=\"ltr\"><strong><a href=\"https:\/\/www.whatsapp.com\/channel\/0029Va8e466AO7RPLL06EL2h\" target=\"_blank\" rel=\"nofollow noopener\">Siga nosso canal no WhatsApp e receba not\u00edcias relevantes para o seu dia<\/a><\/strong><\/p>\n<p dir=\"ltr\">\u201c\u00c9 um testemunho da realiza\u00e7\u00e3o humana, mas tamb\u00e9m da arrog\u00e2ncia humana\u201d, narrou em entrevista \u00e0 CNN.<\/p>\n","protected":false},"excerpt":{"rendered":"Uma silhueta humana, em queda livre, pairando exatamente sobre a imagem do Sol. A fotografia, batizada de \u201cA&hellip;\n","protected":false},"author":2,"featured_media":183010,"comment_status":"","ping_status":"","sticky":false,"template":"","format":"standard","meta":{"footnotes":""},"categories":[84],"tags":[207,109,107,108,315,2085,62,32,33,105,103,104,2836,106,110],"class_list":{"0":"post-183009","1":"post","2":"type-post","3":"status-publish","4":"format-standard","5":"has-post-thumbnail","7":"category-ciencia-e-tecnologia","8":"tag-arte","9":"tag-ciencia","10":"tag-ciencia-e-tecnologia","11":"tag-cienciaetecnologia","12":"tag-cultura","13":"tag-fotografia","14":"tag-mundo","15":"tag-portugal","16":"tag-pt","17":"tag-science","18":"tag-science-and-technology","19":"tag-scienceandtechnology","20":"tag-sol","21":"tag-technology","22":"tag-tecnologia"},"share_on_mastodon":{"url":"https:\/\/pubeurope.com\/@pt\/115696246679325466","error":""},"_links":{"self":[{"href":"https:\/\/www.europesays.com\/pt\/wp-json\/wp\/v2\/posts\/183009","targetHints":{"allow":["GET"]}}],"collection":[{"href":"https:\/\/www.europesays.com\/pt\/wp-json\/wp\/v2\/posts"}],"about":[{"href":"https:\/\/www.europesays.com\/pt\/wp-json\/wp\/v2\/types\/post"}],"author":[{"embeddable":true,"href":"https:\/\/www.europesays.com\/pt\/wp-json\/wp\/v2\/users\/2"}],"replies":[{"embeddable":true,"href":"https:\/\/www.europesays.com\/pt\/wp-json\/wp\/v2\/comments?post=183009"}],"version-history":[{"count":0,"href":"https:\/\/www.europesays.com\/pt\/wp-json\/wp\/v2\/posts\/183009\/revisions"}],"wp:featuredmedia":[{"embeddable":true,"href":"https:\/\/www.europesays.com\/pt\/wp-json\/wp\/v2\/media\/183010"}],"wp:attachment":[{"href":"https:\/\/www.europesays.com\/pt\/wp-json\/wp\/v2\/media?parent=183009"}],"wp:term":[{"taxonomy":"category","embeddable":true,"href":"https:\/\/www.europesays.com\/pt\/wp-json\/wp\/v2\/categories?post=183009"},{"taxonomy":"post_tag","embeddable":true,"href":"https:\/\/www.europesays.com\/pt\/wp-json\/wp\/v2\/tags?post=183009"}],"curies":[{"name":"wp","href":"https:\/\/api.w.org\/{rel}","templated":true}]}}