{"id":183011,"date":"2025-12-10T16:37:22","date_gmt":"2025-12-10T16:37:22","guid":{"rendered":"https:\/\/www.europesays.com\/pt\/183011\/"},"modified":"2025-12-10T16:37:22","modified_gmt":"2025-12-10T16:37:22","slug":"ja-ha-acordo-europeu-para-reduzir-as-emissoes-em-90-ate-2040-uniao-europeia","status":"publish","type":"post","link":"https:\/\/www.europesays.com\/pt\/183011\/","title":{"rendered":"J\u00e1 h\u00e1 acordo europeu para reduzir as emiss\u00f5es em 90% at\u00e9 2040 | Uni\u00e3o Europeia"},"content":{"rendered":"<p>A Uni\u00e3o Europeia chegou a um acordo sobre a meta juridicamente vinculativa para reduzir as emiss\u00f5es de gases com efeito de estufa em 90% at\u00e9 2040, em rela\u00e7\u00e3o aos n\u00edveis de 1990, mas poder-se-\u00e1 dizer que &#8220;o rei vai nu&#8221;: a decis\u00e3o envolve a compra de <a href=\"https:\/\/www.publico.pt\/2025\/07\/02\/azul\/perguntaserespostas\/sao-creditos-carbono-quer-ue-incluilos-meta-2040-2138380\" rel=\"nofollow noopener\" target=\"_blank\">cr\u00e9ditos de carbono<\/a> estrangeiros para cobrir 5% das redu\u00e7\u00f5es, o que significa que, na pr\u00e1tica, os pa\u00edses t\u00eam que reduzir as suas emiss\u00f5es internas em apenas 85%.<\/p>\n<p>&#8220;Um m\u00eas ap\u00f3s a COP30, transform\u00e1mos as nossas palavras em ac\u00e7\u00f5es &#8211; com uma meta juridicamente vinculativa de redu\u00e7\u00e3o de 90% das emiss\u00f5es at\u00e9 2040&#8221;, afirma a presidente da Comiss\u00e3o Europeia, Ursula von der Leyen, citada num comunicado da Comiss\u00e3o Europeia. &#8220;Temos uma direc\u00e7\u00e3o clara para a neutralidade clim\u00e1tica e um <a href=\"https:\/\/www.publico.pt\/2025\/07\/02\/azul\/noticia\/ue-quer-reduzir-emissoes-90-ate-2040-recorrendo-creditos-carbono-2138665\" rel=\"nofollow noopener\" target=\"_blank\">plano pragm\u00e1tico e flex\u00edvel<\/a> para tornar a transi\u00e7\u00e3o limpa mais competitiva.&#8221;<\/p>\n<p>A meta fica <a href=\"https:\/\/www.publico.pt\/2025\/06\/02\/azul\/noticia\/unica-solucao-viavel-credivel-ue-cumprir-lei-clima-cortar-emissoes-90-95-ate-2040-2135245\" rel=\"nofollow noopener\" target=\"_blank\">aqu\u00e9m do intervalo de 90% a 95%<\/a> de redu\u00e7\u00e3o de emiss\u00f5es l\u00edquidas recomendado pelo Conselho Consultivo Cient\u00edfico Europeu sobre Altera\u00e7\u00f5es Clim\u00e1ticas (<a href=\"https:\/\/www.publico.pt\/2023\/06\/14\/azul\/noticia\/objectivo-ue-2040-reduzir-menos-90-emissoes-recomendam-cientistas-2053353\" rel=\"nofollow noopener\" target=\"_blank\">ESABCC<\/a>, na sigla em ingl\u00eas), que j\u00e1 emitiu um comunicado a alertar que &#8220;algumas das flexibilidades introduzidas podem enfraquecer a ac\u00e7\u00e3o nacional e aumentar o risco de n\u00e3o atingir a meta de neutralidade clim\u00e1tica para 2050&#8221;.<\/p>\n<p>Ainda assim, o acordo ultrapassa os compromissos de redu\u00e7\u00e3o das emiss\u00f5es assumidos pela maioria das outras grandes economias, como a China ou os EUA. O Parlamento Europeu e o Conselho da UE, que re\u00fane os governos europeus, t\u00eam agora de aprovar cada um a meta para que esta seja formalmente integrada na Lei Europeia do Clima.<\/p>\n<p>&#8220;Este acordo mostra que o clima, a competitividade e a independ\u00eancia andam de m\u00e3os dadas e envia uma mensagem forte aos nossos parceiros mundiais. Cheg\u00e1mos a acordo sobre uma legisla\u00e7\u00e3o clim\u00e1tica forte, mas realista&#8221;, afirmou em comunicado o comiss\u00e1rio europeu para o Clima, Wopke Hoekstra.<\/p>\n<p>Negocia\u00e7\u00f5es dif\u00edceis<\/p>\n<p>De acordo com um comunicado do Parlamento Europeu na ter\u00e7a-feira \u00e0 noite, o acordo exigir\u00e1 que as ind\u00fastrias da UE reduzam as emiss\u00f5es em 85% e que, a partir de 2036, os pa\u00edses da UE paguem a pa\u00edses terceiros para que estes reduzam as emiss\u00f5es em seu nome, a fim de compensar o restante.<\/p>\n<p>        &#13;<\/p>\n<p>&#13;<br \/>\n                &#13;\n            <\/p>\n<p>&#13;<\/p>\n<p>A meta representa um compromisso pol\u00edtico ap\u00f3s meses de negocia\u00e7\u00f5es em que alguns governos, incluindo os da <a href=\"https:\/\/www.publico.pt\/2025\/11\/07\/azul\/noticia\/medo-novo-mercado-europeu-licencas-emissao-2153645\" rel=\"nofollow noopener\" target=\"_blank\">Pol\u00f3nia, Eslov\u00e1quia e Hungria<\/a>, se opuseram a cortes mais profundos nas emiss\u00f5es de di\u00f3xido de carbono, considerando-os demasiado exigentes para as ind\u00fastrias nacionais que lutam contra os elevados custos da energia, as importa\u00e7\u00f5es chinesas mais baratas e as tarifas dos EUA.<\/p>\n<p>No sentido contr\u00e1rio, outros membros da UE, incluindo Espanha, Pa\u00edses Baixos e Su\u00e9cia, insistiram no agravamento dos fen\u00f3menos clim\u00e1ticos extremos e na necessidade de recuperar o atraso em rela\u00e7\u00e3o \u00e0 China no fabrico de tecnologias limpas como raz\u00f5es para a meta mais elevada.<\/p>\n<p>Para conquistar os opositores, a UE tamb\u00e9m concordou em enfraquecer outras pol\u00edticas clim\u00e1ticas. Foi acordado, por exemplo, o adiamento por um ano (para 2028) da entrada em vigor do regime de com\u00e9rcio de <a href=\"https:\/\/www.publico.pt\/2025\/11\/07\/azul\/noticia\/europa-plano-reduzir-pobreza-energetica-ninguem-satisfeito-2153650\" rel=\"nofollow noopener\" target=\"_blank\">licen\u00e7as de emiss\u00e3o para os edif\u00edcios e os transportes rodovi\u00e1rios<\/a> (CELE2), que aumentaria o pre\u00e7o das emiss\u00f5es de carbono para os combust\u00edveis, o que poder\u00e1 p\u00f4r em causa o financiamento do Fundo Social para o Clima, que a UE prev\u00ea p\u00f4r em funcionamento em meados de 2026.<\/p>\n<p>Outra flexibilidade introduzida foi dar aos Estado-Membros a possibilidade de compensar as insufici\u00eancias num sector sem comprometer os progressos globais do pa\u00eds.<\/p>\n<p>        &#13;<\/p>\n<p>&#13;<br \/>\n                &#13;\n            <\/p>\n<p>&#13;<\/p>\n<p>Traject\u00f3ria tem que ser &#8220;cred\u00edvel&#8221;<\/p>\n<p>Esta \u00e9 a primeira vez que a Comiss\u00e3o Europeia assenta a sua proposta em pareceres baseados em dados concretos, previstos na Lei Europeia do Clima. A proposta inicial do Conselho Consultivo Cient\u00edfico Europeu sobre Altera\u00e7\u00f5es Clim\u00e1ticas, contudo, era que a meta europeia para 2040 se situasse entre os 90% e 95% de redu\u00e7\u00e3o das emiss\u00f5es, por compara\u00e7\u00e3o aos valores de 1990.<\/p>\n<p>Em comunicado, o <a href=\"https:\/\/climate-advisory-board.europa.eu\/2040-climate-target-a-key-milestone-but-flexibilities-could-jeopardise-2050-climate-neutrality\" target=\"_blank\" rel=\"nofollow noopener\">ESABCC<\/a> veio alertar que, &#8220;embora se destine a proporcionar uma margem de manobra na operacionaliza\u00e7\u00e3o&#8221;, a flexibilidade introduzida pelos <a href=\"https:\/\/www.publico.pt\/2025\/07\/02\/azul\/perguntaserespostas\/sao-creditos-carbono-quer-ue-incluilos-meta-2040-2138380\" rel=\"nofollow noopener\" target=\"_blank\">cr\u00e9ditos de carbono<\/a> internacionais &#8220;reduziria efectivamente os cortes nas emiss\u00f5es nacionais para 85%&#8221;.<\/p>\n<p>&#8220;Para que os cr\u00e9ditos de carbono internacionais possam desempenhar algum papel, devem cumprir as mais elevadas normas de integridade ambiental, a fim de evitar comprometer a transi\u00e7\u00e3o interna da UE&#8221;, afirma Ottmar Edenhofer, presidente do Conselho Consultivo.<\/p>\n<p>O economista acrescenta que &#8220;uma ac\u00e7\u00e3o nacional sustentada e cred\u00edvel \u00e9 essencial para impulsionar o investimento, a inova\u00e7\u00e3o e a transforma\u00e7\u00e3o estrutural em toda a economia europeia&#8221;. O regime de com\u00e9rcio de licen\u00e7as de emiss\u00e3o da UE (CELE) \u00e9 &#8220;um instrumento importante a este respeito&#8221;, salienta, &#8220;uma vez que a fixa\u00e7\u00e3o dos pre\u00e7os do carbono permite aos consumidores e \u00e0s empresas identificar as formas mais rent\u00e1veis de cumprir as metas clim\u00e1ticas&#8221;.<\/p>\n<p>Embora o acordo final introduza flexibilidades que v\u00e3o para al\u00e9m das recomenda\u00e7\u00f5es do Conselho Consultivo, refere o comunicado, os cientistas consideram que &#8220;o processo global demonstra como uma an\u00e1lise cient\u00edfica s\u00f3lida, independente e transparente pode orientar os decisores pol\u00edticos em decis\u00f5es complexas, mantendo a t\u00f3nica nos objectivos clim\u00e1ticos a longo prazo&#8221;. <strong>com Reuters<\/strong><\/p>\n","protected":false},"excerpt":{"rendered":"A Uni\u00e3o Europeia chegou a um acordo sobre a meta juridicamente vinculativa para reduzir as emiss\u00f5es de gases&hellip;\n","protected":false},"author":2,"featured_media":183012,"comment_status":"","ping_status":"","sticky":false,"template":"","format":"standard","meta":{"footnotes":""},"categories":[50],"tags":[785,27,28,2271,1834,37344,6391,15,16,14,25,26,21,22,62,12,13,19,20,28508,8118,23,24,17,18,29,30,31,636,63,64,65],"class_list":{"0":"post-183011","1":"post","2":"type-post","3":"status-publish","4":"format-standard","5":"has-post-thumbnail","7":"category-mundo","8":"tag-azul","9":"tag-breaking-news","10":"tag-breakingnews","11":"tag-clima","12":"tag-comissao-europeia","13":"tag-conselho-da-ue","14":"tag-cop30","15":"tag-featured-news","16":"tag-featurednews","17":"tag-headlines","18":"tag-latest-news","19":"tag-latestnews","20":"tag-main-news","21":"tag-mainnews","22":"tag-mundo","23":"tag-news","24":"tag-noticias","25":"tag-noticias-principais","26":"tag-noticiasprincipais","27":"tag-pacto-ecologico-europeu","28":"tag-parlamento-europeu","29":"tag-principais-noticias","30":"tag-principaisnoticias","31":"tag-top-stories","32":"tag-topstories","33":"tag-ultimas","34":"tag-ultimas-noticias","35":"tag-ultimasnoticias","36":"tag-uniao-europeia","37":"tag-world","38":"tag-world-news","39":"tag-worldnews"},"share_on_mastodon":{"url":"","error":"Validation failed: Text character limit of 500 exceeded"},"_links":{"self":[{"href":"https:\/\/www.europesays.com\/pt\/wp-json\/wp\/v2\/posts\/183011","targetHints":{"allow":["GET"]}}],"collection":[{"href":"https:\/\/www.europesays.com\/pt\/wp-json\/wp\/v2\/posts"}],"about":[{"href":"https:\/\/www.europesays.com\/pt\/wp-json\/wp\/v2\/types\/post"}],"author":[{"embeddable":true,"href":"https:\/\/www.europesays.com\/pt\/wp-json\/wp\/v2\/users\/2"}],"replies":[{"embeddable":true,"href":"https:\/\/www.europesays.com\/pt\/wp-json\/wp\/v2\/comments?post=183011"}],"version-history":[{"count":0,"href":"https:\/\/www.europesays.com\/pt\/wp-json\/wp\/v2\/posts\/183011\/revisions"}],"wp:featuredmedia":[{"embeddable":true,"href":"https:\/\/www.europesays.com\/pt\/wp-json\/wp\/v2\/media\/183012"}],"wp:attachment":[{"href":"https:\/\/www.europesays.com\/pt\/wp-json\/wp\/v2\/media?parent=183011"}],"wp:term":[{"taxonomy":"category","embeddable":true,"href":"https:\/\/www.europesays.com\/pt\/wp-json\/wp\/v2\/categories?post=183011"},{"taxonomy":"post_tag","embeddable":true,"href":"https:\/\/www.europesays.com\/pt\/wp-json\/wp\/v2\/tags?post=183011"}],"curies":[{"name":"wp","href":"https:\/\/api.w.org\/{rel}","templated":true}]}}