{"id":183013,"date":"2025-12-10T16:38:28","date_gmt":"2025-12-10T16:38:28","guid":{"rendered":"https:\/\/www.europesays.com\/pt\/183013\/"},"modified":"2025-12-10T16:38:28","modified_gmt":"2025-12-10T16:38:28","slug":"homem-procurado-no-brasil-por-homicidio-detido-em-cascais","status":"publish","type":"post","link":"https:\/\/www.europesays.com\/pt\/183013\/","title":{"rendered":"Homem procurado no Brasil por homic\u00eddio detido em Cascais"},"content":{"rendered":"<p class=\"category\"><a href=\"https:\/\/sicnoticias.pt\/pais\" rel=\"nofollow noopener\" target=\"_blank\">Pa\u00eds<\/a><\/p>\n<p class=\"g-article-lead lead\" data-field=\"lead\">Segundo a PJ, o homem entrou em Portugal em setembro de 2017 e encontrava-se em situa\u00e7\u00e3o irregular. Vivia com outros cidad\u00e3os estrangeiros e exercia trabalho n\u00e3o declarado.<\/p>\n<p><img decoding=\"async\" src=\"https:\/\/www.europesays.com\/pt\/wp-content\/uploads\/2025\/12\/1765384708_628_original.webp\" alt=\"Homem procurado no Brasil por homic\u00eddio detido em Cascais\"\/><\/p>\n<p>James C Hooper<\/p>\n<p><strong>A Pol\u00edcia Judici\u00e1ria (PJ) deteve em Cascais um homem procurado no Brasil por homic\u00eddio. O crime ocorreu em mar\u00e7o de 2005, numa cidade do Estado de Minas Gerais, quando o suspeito surpreendeu a v\u00edtima e disparou v\u00e1rios tiros de arma de fogo, provocando a sua morte.<\/strong><\/p>\n<p>O homem, de 57 anos, j\u00e1 estava condenado a 12 anos de pris\u00e3o.<\/p>\n<blockquote><p> &#8220;A &#8216;red notice&#8217; Interpol foi recebida no passado dia 02 de dezembro, desenvolvendo-se, desde a\u00ed, uma troca de informa\u00e7\u00f5es policiais com as autoridades brasileiras, permitindo proceder \u00e0 localiza\u00e7\u00e3o e deten\u00e7\u00e3o do agressor&#8221;, explica o comunicado da PJ.  <\/p><\/blockquote>\n<p>Segundo a PJ, o detido entrou em Portugal em setembro de 2017 e encontrava-se em situa\u00e7\u00e3o irregular. Vivia com outros cidad\u00e3os estrangeiros e exercia trabalho n\u00e3o declarado.<\/p>\n<p>O homem vai ser presente ao Tribunal da Rela\u00e7\u00e3o de Lisboa para aplica\u00e7\u00e3o de uma medida de coa\u00e7\u00e3o.<\/p>\n","protected":false},"excerpt":{"rendered":"Pa\u00eds Segundo a PJ, o homem entrou em Portugal em setembro de 2017 e encontrava-se em situa\u00e7\u00e3o irregular.&hellip;\n","protected":false},"author":2,"featured_media":183014,"comment_status":"","ping_status":"","sticky":false,"template":"","format":"standard","meta":{"footnotes":""},"categories":[10],"tags":[27,28,15,16,14,25,26,21,22,12,13,19,20,32,23,24,33,17,18,29,30,31],"class_list":{"0":"post-183013","1":"post","2":"type-post","3":"status-publish","4":"format-standard","5":"has-post-thumbnail","7":"category-portugal","8":"tag-breaking-news","9":"tag-breakingnews","10":"tag-featured-news","11":"tag-featurednews","12":"tag-headlines","13":"tag-latest-news","14":"tag-latestnews","15":"tag-main-news","16":"tag-mainnews","17":"tag-news","18":"tag-noticias","19":"tag-noticias-principais","20":"tag-noticiasprincipais","21":"tag-portugal","22":"tag-principais-noticias","23":"tag-principaisnoticias","24":"tag-pt","25":"tag-top-stories","26":"tag-topstories","27":"tag-ultimas","28":"tag-ultimas-noticias","29":"tag-ultimasnoticias"},"share_on_mastodon":{"url":"https:\/\/pubeurope.com\/@pt\/115696258697734712","error":""},"_links":{"self":[{"href":"https:\/\/www.europesays.com\/pt\/wp-json\/wp\/v2\/posts\/183013","targetHints":{"allow":["GET"]}}],"collection":[{"href":"https:\/\/www.europesays.com\/pt\/wp-json\/wp\/v2\/posts"}],"about":[{"href":"https:\/\/www.europesays.com\/pt\/wp-json\/wp\/v2\/types\/post"}],"author":[{"embeddable":true,"href":"https:\/\/www.europesays.com\/pt\/wp-json\/wp\/v2\/users\/2"}],"replies":[{"embeddable":true,"href":"https:\/\/www.europesays.com\/pt\/wp-json\/wp\/v2\/comments?post=183013"}],"version-history":[{"count":0,"href":"https:\/\/www.europesays.com\/pt\/wp-json\/wp\/v2\/posts\/183013\/revisions"}],"wp:featuredmedia":[{"embeddable":true,"href":"https:\/\/www.europesays.com\/pt\/wp-json\/wp\/v2\/media\/183014"}],"wp:attachment":[{"href":"https:\/\/www.europesays.com\/pt\/wp-json\/wp\/v2\/media?parent=183013"}],"wp:term":[{"taxonomy":"category","embeddable":true,"href":"https:\/\/www.europesays.com\/pt\/wp-json\/wp\/v2\/categories?post=183013"},{"taxonomy":"post_tag","embeddable":true,"href":"https:\/\/www.europesays.com\/pt\/wp-json\/wp\/v2\/tags?post=183013"}],"curies":[{"name":"wp","href":"https:\/\/api.w.org\/{rel}","templated":true}]}}