{"id":183016,"date":"2025-12-10T16:41:15","date_gmt":"2025-12-10T16:41:15","guid":{"rendered":"https:\/\/www.europesays.com\/pt\/183016\/"},"modified":"2025-12-10T16:41:15","modified_gmt":"2025-12-10T16:41:15","slug":"mulher-de-ozzy-osbourne-revela-ultimas-palavras-do-roqueiro-antes-da-morte-video","status":"publish","type":"post","link":"https:\/\/www.europesays.com\/pt\/183016\/","title":{"rendered":"Mulher de Ozzy Osbourne revela \u00faltimas palavras do roqueiro antes da morte; v\u00eddeo"},"content":{"rendered":"\n<p class=\" content-text__container theme-color-primary-first-letter\" data-track-category=\"Link no Texto\" data-track-links=\"\"> Sharon Osbourne revelou, nesta quarta-feira (10), em entrevista ao programa Uncensored, de Piers Morgan, as \u00faltimas palavras de seu marido, Ozzy Osbourne, antes de sua morte. O lend\u00e1rio roqueiro, conhecido como o Pr\u00edncipe das Trevas, faleceu em 22 de julho, aos 73 anos, em sua casa em Buckinghamshire, apenas duas semanas ap\u00f3s seu show de despedida no Villa Park, em Birmingham. <\/p>\n<ul class=\"content-unordered-list\">\n<li><strong>Mulher e filha de Ozzy Osbourne <\/strong><a class=\"\" href=\"https:\/\/oglobo.globo.com\/cultura\/noticia\/2025\/12\/03\/mulher-e-filha-de-ozzy-osbourne-homenageiam-roqueiro-no-dia-em-que-completaria-77-anos-nunca-soltarei-sua-mao.ghtml\" rel=\"nofollow noopener\" target=\"_blank\"><strong>homenageiam roqueiro no dia em que completaria 77 anos: &#8216;Nunca soltarei sua m\u00e3o at\u00e9 te ver do outro lado&#8217;<\/strong><\/a><\/li>\n<\/ul>\n<p class=\" content-text__container \" data-track-category=\"Link no Texto\" data-track-links=\"\"> De acordo com Sharon, no dia fat\u00eddico, Ozzy acordou \u00e0s 4h da manh\u00e3 e, 20 minutos depois, j\u00e1 havia morrido. Ela descreveu o momento com detalhes comoventes: &#8220;Ele teve um ataque card\u00edaco. Corri escada abaixo e l\u00e1 estava ele, tentando reanim\u00e1-lo, e eu pensei: &#8216;N\u00e3o fa\u00e7am isso, simplesmente o deixem. Deixem-no. Voc\u00eas n\u00e3o podem. Ele se foi.'&#8221; <\/p>\n<p class=\" content-text__container \" data-track-category=\"Link no Texto\" data-track-links=\"\"> Antes de ir para a academia de casa, onde costumava se exercitar por at\u00e9 90 minutos, Ozzy teria pedido \u00e0 esposa: &#8220;Me beija. Me abra\u00e7a forte.&#8221; Sharon contou ainda que ele havia passado a noite acordando v\u00e1rias vezes e que estava ciente de que seu corpo n\u00e3o suportaria mais esfor\u00e7os extremos, mas decidiu realizar o show de despedida planejado. <\/p>\n<p class=\" content-text__container \" data-track-category=\"Link no Texto\" data-track-links=\"\"> Sharon lembrou como, mesmo diante do estado delicado de sa\u00fade, incluindo batalhas contra pneumonia e sepse, Ozzy insistiu em continuar a rotina: &#8220;Um m\u00e9dico disse que ele n\u00e3o conseguiria terminar o show, mas ele insistiu.&#8221; Ao falar sobre a perda, Sharon emocionada afirmou que nunca mais pretende se casar: &#8220;Por enquanto \u00e9 s\u00f3 isso.&#8221; <\/p>\n<p>      <img decoding=\"async\" class=\"content-media__image\"  src=\"https:\/\/www.europesays.com\/pt\/wp-content\/uploads\/2025\/12\/captura-de-tela-2025-10-11-as-11.14.13.png\" alt=\"Sharon e Ozzy Osbourne \u2014 Foto: Reprodu\u00e7\u00e3o\/Instagram\" width=\"1270\" height=\"882\" loading=\"lazy\"\/>  Sharon e Ozzy Osbourne \u2014 Foto: Reprodu\u00e7\u00e3o\/Instagram        <\/p>\n<p class=\" content-text__container \" data-track-category=\"Link no Texto\" data-track-links=\"\"> Na semana passada, Sharon e a filha Kelly prestaram homenagens ao roqueiro no que seria seu 77\u00ba anivers\u00e1rio. Sharon compartilhou no Instagram fotos in\u00e9ditas e rom\u00e2nticas com Ozzy, escrevendo: &#8220;Meu querido marido, celebro o dia em que voc\u00ea nasceu. Nunca soltarei sua m\u00e3o at\u00e9 te ver do outro lado.&#8221; Um arranjo floral em Birmingham, na Ponte Black Sabbath, incluiu uma placa assinada por quatro de seus seis filhos: &#8220;N\u00f3s te amamos, papai. Com amor, Louis, Aimee, Kelly e Jack.&#8221; <\/p>\n<p class=\" content-text__container \" data-track-category=\"Link no Texto\" data-track-links=\"\"> Kelly tamb\u00e9m expressou a saudade do pai em suas redes sociais: &#8220;Feliz anivers\u00e1rio! Sinto sua falta, papai! Eu te amo mais que a pr\u00f3pria vida!&#8221; Ela compartilhou ainda lembran\u00e7as da fam\u00edlia montando a \u00e1rvore de Natal, destacando que as celebra\u00e7\u00f5es n\u00e3o ser\u00e3o mais as mesmas sem Ozzy. <\/p>\n<p class=\" content-text__container \" data-track-category=\"Link no Texto\" data-track-links=\"\"> Ozzy lutava contra o Mal de Parkinson havia seis anos e enfrentou problemas de sa\u00fade adicionais, incluindo uma queda em 2019 que agravou sua condi\u00e7\u00e3o. O \u00faltimo show do Black Sabbath reuniu Ozzy e os membros originais da banda \u2014 Tony Iommi, Geezer Butler e Bill Ward \u2014 para uma despedida hist\u00f3rica, a primeira desde 2005. <\/p>\n<p class=\" content-text__container \" data-track-category=\"Link no Texto\" data-track-links=\"\"> O legado da fam\u00edlia Osbourne ser\u00e1 documentado em Sharon &amp; Ozzy Osbourne: Coming Home, da BBC One, que mostrar\u00e1 o retorno do roqueiro ao Reino Unido e os cuidados de Sharon nos \u00faltimos anos de vida de Ozzy. O document\u00e1rio seguir\u00e1 Jack e Kelly narrando a dor de ver a m\u00e3e ao lado do pai doente, al\u00e9m de imagens dos bastidores do \u00faltimo show, oferecendo um retrato \u00edntimo e emocional do fim de uma era no rock mundial. <\/p>\n","protected":false},"excerpt":{"rendered":"Sharon Osbourne revelou, nesta quarta-feira (10), em entrevista ao programa Uncensored, de Piers Morgan, as \u00faltimas palavras de&hellip;\n","protected":false},"author":2,"featured_media":183017,"comment_status":"","ping_status":"","sticky":false,"template":"","format":"standard","meta":{"footnotes":""},"categories":[145],"tags":[211,210,114,115,319,32,33,318],"class_list":{"0":"post-183016","1":"post","2":"type-post","3":"status-publish","4":"format-standard","5":"has-post-thumbnail","7":"category-celebridades","8":"tag-celebridades","9":"tag-celebrities","10":"tag-entertainment","11":"tag-entretenimento","12":"tag-hard-news","13":"tag-portugal","14":"tag-pt","15":"tag-radar"},"share_on_mastodon":{"url":"https:\/\/pubeurope.com\/@pt\/115696270609931836","error":""},"_links":{"self":[{"href":"https:\/\/www.europesays.com\/pt\/wp-json\/wp\/v2\/posts\/183016","targetHints":{"allow":["GET"]}}],"collection":[{"href":"https:\/\/www.europesays.com\/pt\/wp-json\/wp\/v2\/posts"}],"about":[{"href":"https:\/\/www.europesays.com\/pt\/wp-json\/wp\/v2\/types\/post"}],"author":[{"embeddable":true,"href":"https:\/\/www.europesays.com\/pt\/wp-json\/wp\/v2\/users\/2"}],"replies":[{"embeddable":true,"href":"https:\/\/www.europesays.com\/pt\/wp-json\/wp\/v2\/comments?post=183016"}],"version-history":[{"count":0,"href":"https:\/\/www.europesays.com\/pt\/wp-json\/wp\/v2\/posts\/183016\/revisions"}],"wp:featuredmedia":[{"embeddable":true,"href":"https:\/\/www.europesays.com\/pt\/wp-json\/wp\/v2\/media\/183017"}],"wp:attachment":[{"href":"https:\/\/www.europesays.com\/pt\/wp-json\/wp\/v2\/media?parent=183016"}],"wp:term":[{"taxonomy":"category","embeddable":true,"href":"https:\/\/www.europesays.com\/pt\/wp-json\/wp\/v2\/categories?post=183016"},{"taxonomy":"post_tag","embeddable":true,"href":"https:\/\/www.europesays.com\/pt\/wp-json\/wp\/v2\/tags?post=183016"}],"curies":[{"name":"wp","href":"https:\/\/api.w.org\/{rel}","templated":true}]}}