{"id":183018,"date":"2025-12-10T16:48:18","date_gmt":"2025-12-10T16:48:18","guid":{"rendered":"https:\/\/www.europesays.com\/pt\/183018\/"},"modified":"2025-12-10T16:48:18","modified_gmt":"2025-12-10T16:48:18","slug":"os-5-melhores-filmes-da-netflix-em-2025-ate-agora-segundo-criticos-de-15-dos-maiores-jornais-e-revistas-de-cinema-do-mundo","status":"publish","type":"post","link":"https:\/\/www.europesays.com\/pt\/183018\/","title":{"rendered":"Os 5 melhores filmes da Netflix em 2025 (at\u00e9 agora), segundo cr\u00edticos de 15 dos maiores jornais e revistas de cinema do mundo"},"content":{"rendered":"<p>N\u00e3o foi a \u201cNetflix\u201d quem escolheu estes filmes, nem o onipresente Top 10 di\u00e1rio da plataforma, nem o algoritmo que decide o que aparece na tela inicial. Para chegar a uma lista dos cinco longas lan\u00e7ados em 2025 que mais impressionaram, emocionaram e intrigaram a cr\u00edtica, a \u201cRevista Bula\u201d recorreu a outro term\u00f4metro: o das reda\u00e7\u00f5es que, h\u00e1 d\u00e9cadas, ajudam a organizar o imagin\u00e1rio cin\u00e9filo em diferentes pa\u00edses. Em vez de contar cliques, contaram-se argumentos; em vez de medir minutos assistidos, mediu-se insist\u00eancia cr\u00edtica, recorr\u00eancia em listas e consist\u00eancia dos elogios.<\/p>\n<p>O ponto de partida foram quinze casas de cr\u00edtica que qualquer cin\u00e9filo reconhece de longe. Dos Estados Unidos vieram \u201cThe New York Times\u201d, \u201cLos Angeles Times\u201d, \u201cThe Washington Post\u201d, \u201cThe New Yorker\u201d, \u201cVariety\u201d, \u201cThe Hollywood Reporter\u201d e o site \u201cRogerEbert.com\u201d, herdeiro direto da tradi\u00e7\u00e3o de um dos cr\u00edticos mais influentes do s\u00e9culo 20. Do Reino Unido, \u201cThe Guardian\u201d, \u201cSight &amp; Sound\u201d (revista do British Film Institute) e \u201cScreen International\/Screen Daily\u201d. Da Fran\u00e7a, \u201cLe Monde\u201d e \u201cCahiers du Cin\u00e9ma\u201d; da Espanha, \u201cEl Pa\u00eds\u201d; da It\u00e1lia, \u201cla Repubblica\u201d; da Alemanha, a \u201cS\u00fcddeutsche Zeitung\u201d. Juntos, esses ve\u00edculos representam linhas est\u00e9ticas e interesses distintos, mas compartilham um mesmo grau de exig\u00eancia.<\/p>\n<p>O levantamento considerou apenas filmes lan\u00e7ados em 2025 com disponibilidade na \u201cNetflix\u201d \u2014 seja como originais produzidos para o streaming, seja como t\u00edtulos distribu\u00eddos com exclusividade pela plataforma. A partir da\u00ed, cruzaram-se tr\u00eas camadas de informa\u00e7\u00e3o: presen\u00e7a em listas de \u201cmelhores do ano (at\u00e9 agora)\u201d e balan\u00e7os de festivais; notas altas em resenhas assinadas por cr\u00edticos de refer\u00eancia; e recorr\u00eancia em textos anal\u00edticos que voltavam a citar os mesmos t\u00edtulos ao longo dos meses. Quando um filme surgia ao mesmo tempo nas p\u00e1ginas do \u201cThe New York Times\u201d, em uma resenha calorosa do \u201cThe Guardian\u201d e em men\u00e7\u00e3o elogiosa de \u201cCahiers du Cin\u00e9ma\u201d, por exemplo, ganhava peso adicional no c\u00e1lculo.<\/p>\n<p>O resultado \u00e9 um recorte de prest\u00edgio, constru\u00eddo a partir da forma como esses cinco filmes v\u00eam sendo debatidos, defendidos e revisitados por cr\u00edticos em diferentes pa\u00edses. \u201cSonhos de Trem\u201d, de Clint Bentley, foi acolhido como herdeiro delicado de uma tradi\u00e7\u00e3o contemplativa americana, evocando nomes como Terrence Malick em publica\u00e7\u00f5es europeias e norte-americanas. \u201cA Vizinha Perfeita\u201d, de Geeta Gandbhir, passou a aparecer com frequ\u00eancia em textos sobre document\u00e1rio pol\u00edtico, viol\u00eancia racial e leis de \u201cstand your ground\u201d. \u201cFrankenstein\u201d, de Guillermo del Toro, foi descrito por mais de um cr\u00edtico como o trabalho mais maduro da carreira do diretor. \u201cCasa de Dinamite\u201d, de Kathryn Bigelow, reacendeu debates sobre cinema pol\u00edtico hollywoodiano e a \u00e9tica das narrativas de amea\u00e7a nuclear. \u201cJay Kelly\u201d, de Noah Baumbach, figura em listas de melhores do ano como retrato inc\u00f4modo da masculinidade envelhecida e do custo afetivo da fama.<\/p>\n<p>A Vizinha Perfeita (2025), Geeta Gandbhir<\/p>\n<p><img loading=\"lazy\" decoding=\"async\" width=\"610\" height=\"407\" class=\"alignnone size-full\" src=\"https:\/\/www.europesays.com\/pt\/wp-content\/uploads\/2025\/12\/A-Vizinha-Perfeita-610x407.webp.webp\" alt=\"\"\/><strong class=\"attribution\">Divulga\u00e7\u00e3o \/ Netflix<\/strong><\/p>\n<p class=\"callout-body\">Este document\u00e1rio reconstr\u00f3i, em detalhes, um conflito de vizinhan\u00e7a na Fl\u00f3rida que come\u00e7a com pequenas irrita\u00e7\u00f5es cotidianas e termina em homic\u00eddio, expondo as fissuras de uma comunidade dividida por ra\u00e7a, medo e desconfian\u00e7a. A narrativa se apoia em imagens de c\u00e2meras corporais da pol\u00edcia, registros de chamadas de emerg\u00eancia e arquivos judiciais para mostrar como uma discuss\u00e3o aparentemente banal se transforma em trag\u00e9dia irrevers\u00edvel. A diretora acompanha familiares, amigos e moradores da regi\u00e3o, revelando como cada lado interpreta o epis\u00f3dio a partir de suas pr\u00f3prias experi\u00eancias, traumas e expectativas em rela\u00e7\u00e3o \u00e0 justi\u00e7a. O filme tamb\u00e9m investiga o impacto das leis locais de leg\u00edtima defesa, em especial a chamada regra de \u201cdefenda seu territ\u00f3rio\u201d, desnudando o modo como dispositivos legais podem ser acionados de maneira desigual dependendo da cor da pele das pessoas envolvidas. Ao combinar material de arquivo com depoimentos emocionados, a produ\u00e7\u00e3o evita simplifica\u00e7\u00f5es f\u00e1ceis e evidencia a desintegra\u00e7\u00e3o de uma comunidade que antes se via como unida. No centro de tudo permanece a dor dos que perderam um ente querido, confrontada com a tentativa da acusada de justificar suas a\u00e7\u00f5es, num retrato duro da forma como preconceito estrutural, legisla\u00e7\u00e3o permissiva e tens\u00e3o cotidiana podem convergir para um desfecho fatal.<\/p>\n<p>Casa de Dinamite (2025), Kathryn Bigelow<\/p>\n<p><img loading=\"lazy\" decoding=\"async\" width=\"610\" height=\"407\" class=\"alignnone size-full\" src=\"https:\/\/www.europesays.com\/pt\/wp-content\/uploads\/2025\/12\/IMG_5158-610x407.webp.webp\" alt=\"\"\/><strong class=\"attribution\">Divulga\u00e7\u00e3o \/ Netflix<\/strong><\/p>\n<p class=\"callout-body\">Este suspense pol\u00edtico em tempo quase real acompanha a equipe de gerenciamento de crises da Casa Branca quando radares detectam um m\u00edssil nuclear em rota em dire\u00e7\u00e3o ao territ\u00f3rio norte-americano, cuja origem ningu\u00e9m consegue identificar. Com poucos minutos para agir, militares, conselheiros e figuras do alto escal\u00e3o do governo se re\u00fanem em salas de situa\u00e7\u00e3o subterr\u00e2neas, tentando decifrar se o ataque \u00e9 um erro de c\u00e1lculo, um teste, uma provoca\u00e7\u00e3o de pot\u00eancia rival ou um gesto terrorista isolado. Enquanto dados incompletos chegam de diferentes ag\u00eancias, crescem as diverg\u00eancias sobre a resposta adequada: contra-atacar preventivamente, ganhar tempo em busca de confirma\u00e7\u00e3o ou confiar em sistemas de defesa que talvez n\u00e3o funcionem como prometido. A narrativa alterna entre esses bastidores de poder e o impacto psicol\u00f3gico nas pessoas encarregadas de decidir o destino de milh\u00f5es, expondo medos \u00edntimos, traumas de guerra e conflitos \u00e9ticos que entram em choque com protocolos r\u00edgidos. A diretora constr\u00f3i tens\u00e3o num crescendo constante, evitando respostas definitivas sobre a autoria do ataque e sobre a decis\u00e3o final, para sublinhar a fragilidade de um mundo em que a sobreviv\u00eancia coletiva depende de poucos indiv\u00edduos enclausurados em salas sem janelas, rodeados por telas, gr\u00e1ficos e rel\u00f3gios que correm rumo \u00e0 zero hora.<\/p>\n<p>Frankenstein (2025), Guillermo del Toro<\/p>\n<p><img loading=\"lazy\" decoding=\"async\" width=\"610\" height=\"407\" class=\"alignnone size-full\" src=\"https:\/\/www.europesays.com\/pt\/wp-content\/uploads\/2025\/12\/Frankenstein-610x407.webp.webp\" alt=\"\"\/><strong class=\"attribution\">Ken Woroner \/ Netflix<\/strong><\/p>\n<p class=\"callout-body\">Nesta releitura g\u00f3tica do cl\u00e1ssico liter\u00e1rio de Mary Shelley, um cientista brilhante e egoc\u00eantrico dedica sua vida a desafiar os limites da morte, convencido de que pode recriar a centelha que anima o corpo humano. Obcecado por sua pr\u00f3pria genialidade, ele recolhe fragmentos de corpos e constr\u00f3i uma nova criatura, sem medir as implica\u00e7\u00f5es \u00e9ticas e emocionais do experimento. Quando o ser ganha consci\u00eancia, nasce tamb\u00e9m um abismo entre o desejo de ser aceito e a repulsa que encontra em praticamente todos \u00e0 sua volta. Ao longo da hist\u00f3ria, acompanhamos o embate entre criador e cria\u00e7\u00e3o em mans\u00f5es sombrias, laborat\u00f3rios cheios de engrenagens e paisagens europeias tomadas por neblina, onde cada cen\u00e1rio reflete o estado emocional desses personagens dilacerados. A produ\u00e7\u00e3o enfatiza o ponto de vista do ser reanimado, explorando sua descoberta do mundo, o medo diante da pr\u00f3pria apar\u00eancia e a busca desesperada por afeto em figuras que lhe oferecem breves lampejos de humanidade. Com fotografia luxuosa, trilha musical l\u00edrica e performances de forte carga dram\u00e1tica, o longa transforma a conhecida hist\u00f3ria de terror em uma medita\u00e7\u00e3o tr\u00e1gica sobre solid\u00e3o, responsabilidade e o pre\u00e7o de brincar de deus.<\/p>\n<p>Jay Kelly (2025), Noah Baumbach<\/p>\n<p><img loading=\"lazy\" decoding=\"async\" width=\"610\" height=\"407\" class=\"alignnone size-full\" src=\"https:\/\/www.europesays.com\/pt\/wp-content\/uploads\/2025\/12\/Jay-Kelly-2-610x407.webp.webp\" alt=\"\"\/><strong class=\"attribution\">Divulga\u00e7\u00e3o \/ Pascal Pictures<\/strong><\/p>\n<p class=\"callout-body\">Neste drama de tom melanc\u00f3lico com toques de humor, um astro de cinema na casa dos sessenta anos decide acompanhar a filha mais nova numa viagem pela Europa, tentando se aproximar dela antes que a jovem saia de casa definitivamente. Ele imagina dias tranquilos, mas descobre que a garota j\u00e1 planejou o passeio com amigos e n\u00e3o quer a presen\u00e7a do pai, o que exp\u00f5e anos de afastamento emocional. Em paralelo, o protagonista precisa participar de um tributo a um diretor que foi decisivo em sua carreira e que morreu recentemente, evento que o obriga a confrontar escolhas passadas, amizades rompidas e ressentimentos antigos. Ao lado de um empres\u00e1rio leal, que mistura fun\u00e7\u00e3o profissional e amizade verdadeira, ele cruza cidades e hot\u00e9is de luxo enquanto o pr\u00f3prio mundo interior parece desmoronar sob o peso de processos judiciais, manchetes negativas e rela\u00e7\u00f5es familiares em ru\u00ednas. A narrativa avan\u00e7a entre encontros constrangedores, tentativas fracassadas de reconcilia\u00e7\u00e3o com a filha mais velha e mem\u00f3rias de um tempo em que o sucesso parecia justificar qualquer aus\u00eancia. Aos poucos, o personagem percebe que nem o prest\u00edgio, nem as homenagens p\u00fablicas conseguem preencher o vazio deixado pelas conex\u00f5es que negligenciou, transformando a viagem em um invent\u00e1rio doloroso de tudo o que n\u00e3o pode ser refeito.<\/p>\n<p>Sonhos de Trem (2025), Clint Bentley<\/p>\n<p><img loading=\"lazy\" decoding=\"async\" width=\"610\" height=\"407\" class=\"alignnone size-full\" src=\"https:\/\/www.europesays.com\/pt\/wp-content\/uploads\/2025\/12\/Sonhos-de-Trem-7-610x407.webp.webp\" alt=\"\"\/><strong class=\"attribution\">Divulga\u00e7\u00e3o \/ Black Bear<\/strong><\/p>\n<p class=\"callout-body\">Numa paisagem de florestas densas e trilhos rec\u00e9m-assentados no in\u00edcio do s\u00e9culo 20, acompanhamos a rotina silenciosa de um lenhador que trabalha na expans\u00e3o das ferrovias pelos Estados Unidos, dividindo-se entre o esfor\u00e7o f\u00edsico exaustivo e o desejo de construir um lar est\u00e1vel. \u00d3rf\u00e3o desde cedo, ele encontra tardiamente o afeto em uma mulher com quem forma uma pequena fam\u00edlia, mas o trabalho o obriga a passar longos per\u00edodos distante da esposa e da filha. A sensa\u00e7\u00e3o de estar sempre em tr\u00e2nsito contamina tamb\u00e9m sua vida interior: o personagem vive entre a culpa de quem nunca est\u00e1 presente e o encantamento de quem descobre, quase com espanto, que \u00e9 capaz de amar. Quando uma trag\u00e9dia corta esse fr\u00e1gil equil\u00edbrio, o passado passa a ser revisitado em fragmentos, como se cada lembran\u00e7a estivesse gravada na paisagem das montanhas, nas pontes que ajudou a erguer e nos trens que cruzam a regi\u00e3o. A hist\u00f3ria constr\u00f3i um retrato profundamente sensorial de um homem comum, explorando luto, mem\u00f3ria e a passagem do tempo com imagens contemplativas que aproximam a rudeza do trabalho manual de uma esp\u00e9cie de poesia melanc\u00f3lica.<\/p>\n","protected":false},"excerpt":{"rendered":"N\u00e3o foi a \u201cNetflix\u201d quem escolheu estes filmes, nem o onipresente Top 10 di\u00e1rio da plataforma, nem o&hellip;\n","protected":false},"author":2,"featured_media":183019,"comment_status":"","ping_status":"","sticky":false,"template":"","format":"standard","meta":{"footnotes":""},"categories":[140],"tags":[114,115,147,148,146,716,32,33],"class_list":{"0":"post-183018","1":"post","2":"type-post","3":"status-publish","4":"format-standard","5":"has-post-thumbnail","7":"category-filmes","8":"tag-entertainment","9":"tag-entretenimento","10":"tag-film","11":"tag-filmes","12":"tag-movies","13":"tag-netflix","14":"tag-portugal","15":"tag-pt"},"share_on_mastodon":{"url":"https:\/\/pubeurope.com\/@pt\/115696298527242712","error":""},"_links":{"self":[{"href":"https:\/\/www.europesays.com\/pt\/wp-json\/wp\/v2\/posts\/183018","targetHints":{"allow":["GET"]}}],"collection":[{"href":"https:\/\/www.europesays.com\/pt\/wp-json\/wp\/v2\/posts"}],"about":[{"href":"https:\/\/www.europesays.com\/pt\/wp-json\/wp\/v2\/types\/post"}],"author":[{"embeddable":true,"href":"https:\/\/www.europesays.com\/pt\/wp-json\/wp\/v2\/users\/2"}],"replies":[{"embeddable":true,"href":"https:\/\/www.europesays.com\/pt\/wp-json\/wp\/v2\/comments?post=183018"}],"version-history":[{"count":0,"href":"https:\/\/www.europesays.com\/pt\/wp-json\/wp\/v2\/posts\/183018\/revisions"}],"wp:featuredmedia":[{"embeddable":true,"href":"https:\/\/www.europesays.com\/pt\/wp-json\/wp\/v2\/media\/183019"}],"wp:attachment":[{"href":"https:\/\/www.europesays.com\/pt\/wp-json\/wp\/v2\/media?parent=183018"}],"wp:term":[{"taxonomy":"category","embeddable":true,"href":"https:\/\/www.europesays.com\/pt\/wp-json\/wp\/v2\/categories?post=183018"},{"taxonomy":"post_tag","embeddable":true,"href":"https:\/\/www.europesays.com\/pt\/wp-json\/wp\/v2\/tags?post=183018"}],"curies":[{"name":"wp","href":"https:\/\/api.w.org\/{rel}","templated":true}]}}