{"id":183042,"date":"2025-12-10T17:08:11","date_gmt":"2025-12-10T17:08:11","guid":{"rendered":"https:\/\/www.europesays.com\/pt\/183042\/"},"modified":"2025-12-10T17:08:11","modified_gmt":"2025-12-10T17:08:11","slug":"pf-e-mpf-deflagram-operacao-contra-trafico-internacional-de-drogas-e-lavagem-de-dinheiro-no-extremo-sul-da-bahia-gov-br","status":"publish","type":"post","link":"https:\/\/www.europesays.com\/pt\/183042\/","title":{"rendered":"PF e MPF deflagram opera\u00e7\u00e3o contra tr\u00e1fico internacional de drogas e lavagem de dinheiro no extremo sul da Bahia &#8211; GOV.BR"},"content":{"rendered":"<ol>\n<li><a href=\"https:\/\/news.google.com\/rss\/articles\/CBMi-gFBVV95cUxOWDVpUVBCeTJoWmU1dFBWS3NiSkI0MXBCYlV0MWt0dlB2N1pBYUlXcjk2VzhHYk1SVHdrOFFOTjdiZ3NEdEhLaUJSaGxndlFZZDlYcDF1d2JWcEVyeHZoSVNfVWx2anJoa2xIbFNCb3J2blZmQnJCbjdsR2xJT3hLQ2NaS3N0ZmpWU1BiaW0wMTVITGtHeXhWOW14RzFEU3N6SV9meFVweFg5ck1QQnFPdkpYY2dmN3Rfak1yMnlHTTFkMi1yaWFhVjFpN1NOY3ItNWVhU3dRNmRTNERwbTZHaXdkdXhHWVBEandrV3pxNC1IbTU3X1VDd01B?oc=5\" target=\"_blank\" rel=\"nofollow noopener\">PF e MPF deflagram opera\u00e7\u00e3o contra tr\u00e1fico internacional de drogas e lavagem de dinheiro no extremo sul da Bahia<\/a>&nbsp;&nbsp;GOV.BR<\/li>\n<li><a href=\"https:\/\/news.google.com\/rss\/articles\/CBMizgFBVV95cUxNU1Y4Y1ZhQTBzS25aU3ExdzNsRWdKV2tNenJPR250dTI3UEhYdkV4V3R0WHhRUzRRTW5iTWlrSGZ4ejY3bTVOaWI3Ym14TjdISm54cXNGb0RwSldiT1c5VFM3X0dFVUdPc3RTMzhYWHRhSXpUV0psejJEYXZ3M05QWnNrc096ME9tQ1FORE1SM2lYM1FiLVFhUnlSWHR1N0hOaTI5VDVJZ1J1ZzdVbXd6NjI2aWxMQ05SaFE1XzMtWURvTjJZM1hvV3ExREpsUdIB3AFBVV95cUxOZ2h1N2VvTTl6UGxzcGdVYWFsdjJJUHZTc3h3aWxCODROOVBudnctS0s3b1BXaHQzMm5rVVhLVFY3VWgyOGxzQ0RhempzU2JnUVc5eUEwamIxTjg2SzlMNFJBb3EyN2lFZjNiUXh4V1pMbW9UNldjNjlvQ1lpazRWNG1FUEpiX3R1d2pxci11amFkZVFEa2tJSldCamRldnFoLXhPbnZJZGpjX2o4V3Bocm1tTkkwbk5td2RoY2E0bGk3YmlRV2R5ZDgzaVZ5bElxXzlYVTdmRjdHQm5V?oc=5\" target=\"_blank\" rel=\"nofollow noopener\">Dez pessoas s\u00e3o presas em opera\u00e7\u00e3o contra tr\u00e1fico internacional de drogas e lavagem de dinheiro na Bahia<\/a>&nbsp;&nbsp;G1<\/li>\n<li><a href=\"https:\/\/news.google.com\/rss\/articles\/CBMisgFBVV95cUxPV0VIbEFPb3dVYlYwLXBUcllWSk8zZThxRXY0QVFoLXRsb2p4RGx3UTFVYTJkUDVtNjI1R2JZUWFkbXBVZExjOXg3UFloQXNUY1hiS1ZTU0RxVkFwZmxQS283V2FHVHBPUkpxM1o2aXRjSTJocElGTFk5ZHF4MDBDd0ZZV3h2NF9PMU1ITmh1OTI4U2I1RnhTSjU1bTI4dXMzdkY2UGNIdFZiVUFRaDNfRzVB?oc=5\" target=\"_blank\" rel=\"nofollow noopener\">\u201cNarcofrota brasileira\u201d: pescadores viram operadores do tr\u00e1fico<\/a>&nbsp;&nbsp;Metr\u00f3poles<\/li>\n<li><a href=\"https:\/\/news.google.com\/rss\/articles\/CBMiygFBVV95cUxQN3N6U2dBNWVfd0xvYWhVaDVkeDVnaFRfSXJkRUJSZExhTC01SFVmQ1Y0LTg3MGpIY2htcTNqQktXd3lfZVB0WW5DQVFvZUVjdk4tVjZzREF1d0FrcG94NnlqUG1RZHdCRTlzQmIyWGZoOXVpbmk4TlZIWXI0aWZmMHBKcVI2TzZiaWk1b1lPZFpuZ1IxTkJDa2NFbkdGQzRCYkxBYzFJeFNjTTFBRTlqWG1UOENzSXBzckl1TWluOXY2VDZyanNaMWdB?oc=5\" target=\"_blank\" rel=\"nofollow noopener\">Preso homem investigado por integrar esquema de tr\u00e1fico internacional de drogas ligado a oito toneladas de coca\u00edna<\/a>&nbsp;&nbsp;ba.gov.br<\/li>\n<li><a href=\"https:\/\/news.google.com\/rss\/articles\/CBMivgFBVV95cUxNa1lZclJjUTlfSnN1VWoyMF9IbEJCWGJ0amRaLXVVa2R4ZnEzcDNUQlFqbmJrb09RbVdDQlZMcmQ5eHY0Yk9POUt3dEtpU0E0NlJvWVlsTXJ5UENabm5HaWtNNTNZQ2h4NVk3ZzJjTnptQ1dsZndzY2d4N0dhMW1OUVVXTU52elJEa01aSTl5X28zaTFiTGQ5d1VjVno5T1J2blA5UmpJQ3FnUzhDR3Y2d2FKQnlFMDhTWTRFcDlR?oc=5\" target=\"_blank\" rel=\"nofollow noopener\">L\u00edder de quadrilha que exportava coca\u00edna para Europa \u00e9 preso na Bahia<\/a>&nbsp;&nbsp;R7<\/li>\n<\/ol>\n","protected":false},"excerpt":{"rendered":"PF e MPF deflagram opera\u00e7\u00e3o contra tr\u00e1fico internacional de drogas e lavagem de dinheiro no extremo sul da&hellip;\n","protected":false},"author":2,"featured_media":182377,"comment_status":"","ping_status":"","sticky":false,"template":"","format":"standard","meta":{"footnotes":""},"categories":[50],"tags":[27,28,15,16,14,25,26,21,22,62,12,13,19,20,23,24,17,18,29,30,31,63,64,65],"class_list":{"0":"post-183042","1":"post","2":"type-post","3":"status-publish","4":"format-standard","5":"has-post-thumbnail","7":"category-mundo","8":"tag-breaking-news","9":"tag-breakingnews","10":"tag-featured-news","11":"tag-featurednews","12":"tag-headlines","13":"tag-latest-news","14":"tag-latestnews","15":"tag-main-news","16":"tag-mainnews","17":"tag-mundo","18":"tag-news","19":"tag-noticias","20":"tag-noticias-principais","21":"tag-noticiasprincipais","22":"tag-principais-noticias","23":"tag-principaisnoticias","24":"tag-top-stories","25":"tag-topstories","26":"tag-ultimas","27":"tag-ultimas-noticias","28":"tag-ultimasnoticias","29":"tag-world","30":"tag-world-news","31":"tag-worldnews"},"share_on_mastodon":{"url":"https:\/\/pubeurope.com\/@pt\/115696376554536982","error":""},"_links":{"self":[{"href":"https:\/\/www.europesays.com\/pt\/wp-json\/wp\/v2\/posts\/183042","targetHints":{"allow":["GET"]}}],"collection":[{"href":"https:\/\/www.europesays.com\/pt\/wp-json\/wp\/v2\/posts"}],"about":[{"href":"https:\/\/www.europesays.com\/pt\/wp-json\/wp\/v2\/types\/post"}],"author":[{"embeddable":true,"href":"https:\/\/www.europesays.com\/pt\/wp-json\/wp\/v2\/users\/2"}],"replies":[{"embeddable":true,"href":"https:\/\/www.europesays.com\/pt\/wp-json\/wp\/v2\/comments?post=183042"}],"version-history":[{"count":0,"href":"https:\/\/www.europesays.com\/pt\/wp-json\/wp\/v2\/posts\/183042\/revisions"}],"wp:featuredmedia":[{"embeddable":true,"href":"https:\/\/www.europesays.com\/pt\/wp-json\/wp\/v2\/media\/182377"}],"wp:attachment":[{"href":"https:\/\/www.europesays.com\/pt\/wp-json\/wp\/v2\/media?parent=183042"}],"wp:term":[{"taxonomy":"category","embeddable":true,"href":"https:\/\/www.europesays.com\/pt\/wp-json\/wp\/v2\/categories?post=183042"},{"taxonomy":"post_tag","embeddable":true,"href":"https:\/\/www.europesays.com\/pt\/wp-json\/wp\/v2\/tags?post=183042"}],"curies":[{"name":"wp","href":"https:\/\/api.w.org\/{rel}","templated":true}]}}