{"id":183043,"date":"2025-12-10T17:09:07","date_gmt":"2025-12-10T17:09:07","guid":{"rendered":"https:\/\/www.europesays.com\/pt\/183043\/"},"modified":"2025-12-10T17:09:07","modified_gmt":"2025-12-10T17:09:07","slug":"perpetua-para-tres-portugueses-no-luxemburgo-por-matarem-compatriota","status":"publish","type":"post","link":"https:\/\/www.europesays.com\/pt\/183043\/","title":{"rendered":"Perp\u00e9tua para tr\u00eas portugueses no Luxemburgo por matarem compatriota"},"content":{"rendered":"<p data-remotead-prev-elm=\"true\" data-remotead-elm-id=\"inread\">Rosa, companheira da v\u00edtima, Maria Clara, m\u00e3e da companheira, e Jo\u00e3o, que alegadamente manteria uma rela\u00e7\u00e3o com as duas, foram condenados pelo homic\u00eddio, que ocorreu durante umas f\u00e9rias em Portugal. Um filho de Rosa, que tamb\u00e9m estava acusado, foi absolvido do crime, por ter ajudado a mover o corpo, sem conhecimento do que se tratava.<\/p>\n<p>Segundo a Justi\u00e7a, os tr\u00eas envenenaram Marco com pesticida e comprimidos para dormir e atiraram o corpo, ainda com vida, ao Rio Mondego. A 5 de agosto desse ano, foi encontrado o cad\u00e1ver, tendo a aut\u00f3psia revelado que a morte foi causada pelo veneno e por afogamento.<\/p>\n<p>Segundo o jornal &#8220;Le Quotidien&#8221;, a fam\u00edlia regressou ao Luxemburgo e apoderou-se das contas banc\u00e1rias da v\u00edtima, sem nunca revelar o desaparecimento de Marco Santos. O mesmo jornal revela que contariam receber 500 mil euros de um seguro de vida, que afinal n\u00e3o existia. O cad\u00e1ver s\u00f3 foi identificado meses depois e o Luxemburgo abriu uma investiga\u00e7\u00e3o aut\u00f3noma, em colabora\u00e7\u00e3o com Portugal, por n\u00e3o se poder excluir que os autores do crime vivessem naquele pa\u00eds.<\/p>\n","protected":false},"excerpt":{"rendered":"Rosa, companheira da v\u00edtima, Maria Clara, m\u00e3e da companheira, e Jo\u00e3o, que alegadamente manteria uma rela\u00e7\u00e3o com as&hellip;\n","protected":false},"author":2,"featured_media":183044,"comment_status":"","ping_status":"","sticky":false,"template":"","format":"standard","meta":{"footnotes":""},"categories":[10],"tags":[27,28,604,15,16,14,5564,603,25,26,6984,21,22,12,13,19,20,32,23,24,33,17,18,29,30,31],"class_list":{"0":"post-183043","1":"post","2":"type-post","3":"status-publish","4":"format-standard","5":"has-post-thumbnail","7":"category-portugal","8":"tag-breaking-news","9":"tag-breakingnews","10":"tag-crime","11":"tag-featured-news","12":"tag-featurednews","13":"tag-headlines","14":"tag-homicidio","15":"tag-justica","16":"tag-latest-news","17":"tag-latestnews","18":"tag-luxemburgo","19":"tag-main-news","20":"tag-mainnews","21":"tag-news","22":"tag-noticias","23":"tag-noticias-principais","24":"tag-noticiasprincipais","25":"tag-portugal","26":"tag-principais-noticias","27":"tag-principaisnoticias","28":"tag-pt","29":"tag-top-stories","30":"tag-topstories","31":"tag-ultimas","32":"tag-ultimas-noticias","33":"tag-ultimasnoticias"},"share_on_mastodon":{"url":"https:\/\/pubeurope.com\/@pt\/115696380383296168","error":""},"_links":{"self":[{"href":"https:\/\/www.europesays.com\/pt\/wp-json\/wp\/v2\/posts\/183043","targetHints":{"allow":["GET"]}}],"collection":[{"href":"https:\/\/www.europesays.com\/pt\/wp-json\/wp\/v2\/posts"}],"about":[{"href":"https:\/\/www.europesays.com\/pt\/wp-json\/wp\/v2\/types\/post"}],"author":[{"embeddable":true,"href":"https:\/\/www.europesays.com\/pt\/wp-json\/wp\/v2\/users\/2"}],"replies":[{"embeddable":true,"href":"https:\/\/www.europesays.com\/pt\/wp-json\/wp\/v2\/comments?post=183043"}],"version-history":[{"count":0,"href":"https:\/\/www.europesays.com\/pt\/wp-json\/wp\/v2\/posts\/183043\/revisions"}],"wp:featuredmedia":[{"embeddable":true,"href":"https:\/\/www.europesays.com\/pt\/wp-json\/wp\/v2\/media\/183044"}],"wp:attachment":[{"href":"https:\/\/www.europesays.com\/pt\/wp-json\/wp\/v2\/media?parent=183043"}],"wp:term":[{"taxonomy":"category","embeddable":true,"href":"https:\/\/www.europesays.com\/pt\/wp-json\/wp\/v2\/categories?post=183043"},{"taxonomy":"post_tag","embeddable":true,"href":"https:\/\/www.europesays.com\/pt\/wp-json\/wp\/v2\/tags?post=183043"}],"curies":[{"name":"wp","href":"https:\/\/api.w.org\/{rel}","templated":true}]}}