{"id":183060,"date":"2025-12-10T17:30:09","date_gmt":"2025-12-10T17:30:09","guid":{"rendered":"https:\/\/www.europesays.com\/pt\/183060\/"},"modified":"2025-12-10T17:30:09","modified_gmt":"2025-12-10T17:30:09","slug":"beyonce-move-acao-contra-filme-sobre-bolsonaro-por-uso-nao-autorizado-de-survivor","status":"publish","type":"post","link":"https:\/\/www.europesays.com\/pt\/183060\/","title":{"rendered":"Beyonc\u00e9 move a\u00e7\u00e3o contra filme sobre Bolsonaro por uso n\u00e3o autorizado de &#8220;Survivor&#8221;"},"content":{"rendered":"<p data-remotead-prev-elm=\"true\" data-remotead-elm-id=\"inread\">A divulga\u00e7\u00e3o de um simples teaser bastou para lan\u00e7ar &#8220;Dark Horse&#8221;, o filme sobre Jair Bolsonaro, para o centro de uma pol\u00e9mica internacional. O v\u00eddeo promocional recorre \u00e0 can\u00e7\u00e3o &#8220;Survivor&#8221;, celebrizada pelas Destiny&#8217;s Child, sem autoriza\u00e7\u00e3o dos autores ou da editora respons\u00e1vel. Perante o uso indevido do hit mundial, a equipa de Beyonc\u00e9 reagiu com rapidez e j\u00e1 acionou os meios legais para travar a sua circula\u00e7\u00e3o online.<\/p>\n<p>A revela\u00e7\u00e3o partiu de Anderson Nick, brasileiro que integra a BeyGood, organiza\u00e7\u00e3o filantr\u00f3pica fundada pela artista norte-americana. Foi ele quem usou as redes sociais para denunciar a situa\u00e7\u00e3o e agradecer aos f\u00e3s que o alertaram para o tema.<\/p>\n<p>&#8220;Obviamente a m\u00fasica foi utilizada sem autoriza\u00e7\u00e3o e as provid\u00eancias legais j\u00e1 est\u00e3o sendo tomadas para que [o trailer] seja retirado o mais r\u00e1pido poss\u00edvel&#8221;, afirmou.<\/p>\n<p data-remotead-prev-elm=\"true\" data-remotead-elm-id=\"centro1\">Escrita por Beyonc\u00e9, Anthony Dent e Mathew Knowles, &#8220;Survivor&#8221; marcou uma gera\u00e7\u00e3o e transformou-se num s\u00edmbolo de supera\u00e7\u00e3o, especialmente para mulheres negras. Beyonc\u00e9 era a voz principal do trio, ao lado de Kelly Rowland e Michelle Williams, num per\u00edodo em que as Destiny&#8217;s Child se tornaram uma das &#8220;girlsband&#8221; mais populares do mundo.<\/p>\n<p>Projeto envolto em tens\u00e3o<\/p>\n<p>&#8220;Dark Horse&#8221; quer apresentar Bolsonaro como uma figura de resist\u00eancia, destacando o per\u00edodo marcado pelo atentado sofrido durante a campanha eleitoral. O argumento pertence ao deputado federal M\u00e1rio Frias e o papel principal foi entregue ao ator norte-americano Jim Caviezel, que ganhou notoriedade ao interpretar Jesus em &#8220;A Paix\u00e3o de Cristo&#8221;.<\/p>\n<p>A estreia est\u00e1 prevista para 2026, com filmagens em curso em S\u00e3o Paulo, Brasil. Contudo, antes mesmo de chegar \u00e0s salas de cinema, o projeto j\u00e1 se v\u00ea pressionado por cr\u00edticas e exig\u00eancias judiciais.<\/p>\n<p>Entre profissionais da m\u00fasica e do audiovisual, comenta-se que dificilmente uma m\u00fasica deste calibre seria usada por mero descuido. A escolha de um tema que evoca for\u00e7a e resili\u00eancia poderia refor\u00e7ar a narrativa pol\u00edtica desejada para o filme. Mas a falta de autoriza\u00e7\u00e3o fez soar alarmes, sobretudo numa ind\u00fastria cada vez mais rigorosa no cumprimento dos direitos autorais.<\/p>\n","protected":false},"excerpt":{"rendered":"A divulga\u00e7\u00e3o de um simples teaser bastou para lan\u00e7ar &#8220;Dark Horse&#8221;, o filme sobre Jair Bolsonaro, para o&hellip;\n","protected":false},"author":2,"featured_media":183061,"comment_status":"","ping_status":"","sticky":false,"template":"","format":"standard","meta":{"footnotes":""},"categories":[145],"tags":[2959,726,211,210,17717,114,115,235,471,1125,150,32,33],"class_list":{"0":"post-183060","1":"post","2":"type-post","3":"status-publish","4":"format-standard","5":"has-post-thumbnail","7":"category-celebridades","8":"tag-beyonce","9":"tag-brasil","10":"tag-celebridades","11":"tag-celebrities","12":"tag-direitos-de-autor","13":"tag-entertainment","14":"tag-entretenimento","15":"tag-estados-unidos","16":"tag-filme","17":"tag-jair-bolsonaro","18":"tag-musica","19":"tag-portugal","20":"tag-pt"},"share_on_mastodon":{"url":"https:\/\/pubeurope.com\/@pt\/115696462957823233","error":""},"_links":{"self":[{"href":"https:\/\/www.europesays.com\/pt\/wp-json\/wp\/v2\/posts\/183060","targetHints":{"allow":["GET"]}}],"collection":[{"href":"https:\/\/www.europesays.com\/pt\/wp-json\/wp\/v2\/posts"}],"about":[{"href":"https:\/\/www.europesays.com\/pt\/wp-json\/wp\/v2\/types\/post"}],"author":[{"embeddable":true,"href":"https:\/\/www.europesays.com\/pt\/wp-json\/wp\/v2\/users\/2"}],"replies":[{"embeddable":true,"href":"https:\/\/www.europesays.com\/pt\/wp-json\/wp\/v2\/comments?post=183060"}],"version-history":[{"count":0,"href":"https:\/\/www.europesays.com\/pt\/wp-json\/wp\/v2\/posts\/183060\/revisions"}],"wp:featuredmedia":[{"embeddable":true,"href":"https:\/\/www.europesays.com\/pt\/wp-json\/wp\/v2\/media\/183061"}],"wp:attachment":[{"href":"https:\/\/www.europesays.com\/pt\/wp-json\/wp\/v2\/media?parent=183060"}],"wp:term":[{"taxonomy":"category","embeddable":true,"href":"https:\/\/www.europesays.com\/pt\/wp-json\/wp\/v2\/categories?post=183060"},{"taxonomy":"post_tag","embeddable":true,"href":"https:\/\/www.europesays.com\/pt\/wp-json\/wp\/v2\/tags?post=183060"}],"curies":[{"name":"wp","href":"https:\/\/api.w.org\/{rel}","templated":true}]}}