{"id":183072,"date":"2025-12-10T17:40:08","date_gmt":"2025-12-10T17:40:08","guid":{"rendered":"https:\/\/www.europesays.com\/pt\/183072\/"},"modified":"2025-12-10T17:40:08","modified_gmt":"2025-12-10T17:40:08","slug":"adobe-integra-photoshop-adobe-express-e-acrobat-ao-chatgpt-para-edicao-direta-no-chatbot","status":"publish","type":"post","link":"https:\/\/www.europesays.com\/pt\/183072\/","title":{"rendered":"Adobe Integra Photoshop, Adobe Express e Acrobat ao ChatGPT para Edi\u00e7\u00e3o Direta no Chatbot"},"content":{"rendered":"<p>10 Dez \u2013 A Adobe anunciou nesta quarta-feira a integra\u00e7\u00e3o dos aplicativos Photoshop, Adobe Express e Acrobat ao ChatGPT, permitindo que os usu\u00e1rios editem imagens, criem gr\u00e1ficos e gerenciem PDFs dentro do chatbot.<\/p>\n<p>Essa iniciativa reflete um esfor\u00e7o mais amplo dos fabricantes de software para integrar ferramentas do dia a dia a plataformas de IA conversacional e alcan\u00e7ar mais usu\u00e1rios, reduzindo a necessidade de alternar entre diferentes aplicativos.<\/p>\n<p>A Adobe recusou-se a comentar os termos financeiros com a OpenAI e afirmou que a integra\u00e7\u00e3o visava apresentar seu principal produto a novos usu\u00e1rios, que precisar\u00e3o se cadastrar na Adobe para us\u00e1-lo no ChatGPT.<\/p>\n<p>A implementa\u00e7\u00e3o levar\u00e1 muitos dos recursos populares dispon\u00edveis nos aplicativos da Adobe para os mais de 800 milh\u00f5es de usu\u00e1rios ativos semanais do ChatGPT, expandindo o alcance da Adobe \u00e0 medida que intensifica seus esfor\u00e7os para se adaptar \u00e0s mudan\u00e7as impulsionadas pela IA nos mercados de design profissional<\/p>\n<p>\u00c9 tamb\u00e9m um avan\u00e7o para a Adobe num momento em que cresce a procura por intera\u00e7\u00f5es mais r\u00e1pidas, baseadas em chat, que atraiam tanto iniciantes como criadores experientes.<\/p>\n<p>Visando simplificar tarefas comuns de cria\u00e7\u00e3o e produtividade, a Adobe afirmou que os usu\u00e1rios podem digitar uma solicita\u00e7\u00e3o no ChatGPT, como ajustar fotos, criar um gr\u00e1fico, animar designs ou resumir um PDF, e acionar a ferramenta correspondente da Adobe sem sair da interface de bate-papo.<\/p>\n<p>Photoshop, Acrobat e Adobe Express estar\u00e3o dispon\u00edveis gratuitamente no ChatGPT a partir de quarta-feira, em todas as vers\u00f5es do ChatGPT (desktop, web e iOS). O Adobe Express para ChatGPT j\u00e1 est\u00e1 dispon\u00edvel para Android, e a compatibilidade com Photoshop e Acrobat para Android dever\u00e1 ser adicionada em breve.<\/p>\n<p>A medida complementa o an\u00fancio feito pela Adobe no final de outubro, quando a empresa reformulou suas ferramentas de edi\u00e7\u00e3o de v\u00eddeo e imagem para permitir que os usu\u00e1rios executem tarefas por meio de assistentes de IA conversacionais.<\/p>\n<p>(Com Reuters)<\/p>\n","protected":false},"excerpt":{"rendered":"10 Dez \u2013 A Adobe anunciou nesta quarta-feira a integra\u00e7\u00e3o dos aplicativos Photoshop, Adobe Express e Acrobat ao&hellip;\n","protected":false},"author":2,"featured_media":183073,"comment_status":"","ping_status":"","sticky":false,"template":"","format":"standard","meta":{"footnotes":""},"categories":[84],"tags":[109,107,108,32,33,105,103,104,106,110],"class_list":{"0":"post-183072","1":"post","2":"type-post","3":"status-publish","4":"format-standard","5":"has-post-thumbnail","7":"category-ciencia-e-tecnologia","8":"tag-ciencia","9":"tag-ciencia-e-tecnologia","10":"tag-cienciaetecnologia","11":"tag-portugal","12":"tag-pt","13":"tag-science","14":"tag-science-and-technology","15":"tag-scienceandtechnology","16":"tag-technology","17":"tag-tecnologia"},"share_on_mastodon":{"url":"https:\/\/pubeurope.com\/@pt\/115696502708252699","error":""},"_links":{"self":[{"href":"https:\/\/www.europesays.com\/pt\/wp-json\/wp\/v2\/posts\/183072","targetHints":{"allow":["GET"]}}],"collection":[{"href":"https:\/\/www.europesays.com\/pt\/wp-json\/wp\/v2\/posts"}],"about":[{"href":"https:\/\/www.europesays.com\/pt\/wp-json\/wp\/v2\/types\/post"}],"author":[{"embeddable":true,"href":"https:\/\/www.europesays.com\/pt\/wp-json\/wp\/v2\/users\/2"}],"replies":[{"embeddable":true,"href":"https:\/\/www.europesays.com\/pt\/wp-json\/wp\/v2\/comments?post=183072"}],"version-history":[{"count":0,"href":"https:\/\/www.europesays.com\/pt\/wp-json\/wp\/v2\/posts\/183072\/revisions"}],"wp:featuredmedia":[{"embeddable":true,"href":"https:\/\/www.europesays.com\/pt\/wp-json\/wp\/v2\/media\/183073"}],"wp:attachment":[{"href":"https:\/\/www.europesays.com\/pt\/wp-json\/wp\/v2\/media?parent=183072"}],"wp:term":[{"taxonomy":"category","embeddable":true,"href":"https:\/\/www.europesays.com\/pt\/wp-json\/wp\/v2\/categories?post=183072"},{"taxonomy":"post_tag","embeddable":true,"href":"https:\/\/www.europesays.com\/pt\/wp-json\/wp\/v2\/tags?post=183072"}],"curies":[{"name":"wp","href":"https:\/\/api.w.org\/{rel}","templated":true}]}}