{"id":183078,"date":"2025-12-10T17:43:16","date_gmt":"2025-12-10T17:43:16","guid":{"rendered":"https:\/\/www.europesays.com\/pt\/183078\/"},"modified":"2025-12-10T17:43:16","modified_gmt":"2025-12-10T17:43:16","slug":"lisboa-corpo-de-homem-encontrado-junto-a-psp-observador","status":"publish","type":"post","link":"https:\/\/www.europesays.com\/pt\/183078\/","title":{"rendered":"Lisboa. Corpo de homem encontrado junto \u00e0 PSP \u2013 Observador"},"content":{"rendered":"<p>A Pol\u00edcia de Seguran\u00e7a P\u00fablica (PSP) encontrou esta quarta-feira o cad\u00e1ver em avan\u00e7ado estado de decomposi\u00e7\u00e3o de uma pessoa na sede da Divis\u00e3o de Investiga\u00e7\u00e3o Criminal da PSP de Lisboa, avan\u00e7ou o <a href=\"https:\/\/www.cmjornal.pt\/portugal\/detalhe\/policias-encontram-cadaver-junto-a-investigacao-criminal-da-psp-de-lisboa\" rel=\"nofollow noopener\" target=\"_blank\">Correio da Manh\u00e3<\/a>. Ao Observador, fonte policial garante que se trata do corpo de um homem idoso.<\/p>\n<p>O cad\u00e1ver foi encontrado numa zona raramente frequentada de \u201cmato muito alto\u201d quando eram desenvolvidas \u201copera\u00e7\u00f5es de manuten\u00e7\u00e3o em postes el\u00e9tricos\u201d nesse espa\u00e7o afastado da sede policial, mas que j\u00e1 pertence ao terreno da PSP. A Pol\u00edcia Judici\u00e1ria (PJ) dever\u00e1 ser acionada para investigar o caso.<\/p>\n<p>As instala\u00e7\u00f5es do Forte do Alto do Duque ficam em pleno Parque Florestal de Monsanto, a poucas centenas de metros do Hospital de S\u00e3o Francisco Xavier.<\/p>\n","protected":false},"excerpt":{"rendered":"A Pol\u00edcia de Seguran\u00e7a P\u00fablica (PSP) encontrou esta quarta-feira o cad\u00e1ver em avan\u00e7ado estado de decomposi\u00e7\u00e3o de uma&hellip;\n","protected":false},"author":2,"featured_media":183079,"comment_status":"","ping_status":"","sticky":false,"template":"","format":"standard","meta":{"footnotes":""},"categories":[10],"tags":[27,28,15,16,14,25,26,797,21,22,12,13,19,20,57,2003,32,23,24,1306,33,2004,58,17,18,29,30,31],"class_list":{"0":"post-183078","1":"post","2":"type-post","3":"status-publish","4":"format-standard","5":"has-post-thumbnail","7":"category-portugal","8":"tag-breaking-news","9":"tag-breakingnews","10":"tag-featured-news","11":"tag-featurednews","12":"tag-headlines","13":"tag-latest-news","14":"tag-latestnews","15":"tag-lisboa","16":"tag-main-news","17":"tag-mainnews","18":"tag-news","19":"tag-noticias","20":"tag-noticias-principais","21":"tag-noticiasprincipais","22":"tag-pau00eds","23":"tag-polu00edcia","24":"tag-portugal","25":"tag-principais-noticias","26":"tag-principaisnoticias","27":"tag-psp","28":"tag-pt","29":"tag-seguranu00e7a","30":"tag-sociedade","31":"tag-top-stories","32":"tag-topstories","33":"tag-ultimas","34":"tag-ultimas-noticias","35":"tag-ultimasnoticias"},"share_on_mastodon":{"url":"https:\/\/pubeurope.com\/@pt\/115696514152175760","error":""},"_links":{"self":[{"href":"https:\/\/www.europesays.com\/pt\/wp-json\/wp\/v2\/posts\/183078","targetHints":{"allow":["GET"]}}],"collection":[{"href":"https:\/\/www.europesays.com\/pt\/wp-json\/wp\/v2\/posts"}],"about":[{"href":"https:\/\/www.europesays.com\/pt\/wp-json\/wp\/v2\/types\/post"}],"author":[{"embeddable":true,"href":"https:\/\/www.europesays.com\/pt\/wp-json\/wp\/v2\/users\/2"}],"replies":[{"embeddable":true,"href":"https:\/\/www.europesays.com\/pt\/wp-json\/wp\/v2\/comments?post=183078"}],"version-history":[{"count":0,"href":"https:\/\/www.europesays.com\/pt\/wp-json\/wp\/v2\/posts\/183078\/revisions"}],"wp:featuredmedia":[{"embeddable":true,"href":"https:\/\/www.europesays.com\/pt\/wp-json\/wp\/v2\/media\/183079"}],"wp:attachment":[{"href":"https:\/\/www.europesays.com\/pt\/wp-json\/wp\/v2\/media?parent=183078"}],"wp:term":[{"taxonomy":"category","embeddable":true,"href":"https:\/\/www.europesays.com\/pt\/wp-json\/wp\/v2\/categories?post=183078"},{"taxonomy":"post_tag","embeddable":true,"href":"https:\/\/www.europesays.com\/pt\/wp-json\/wp\/v2\/tags?post=183078"}],"curies":[{"name":"wp","href":"https:\/\/api.w.org\/{rel}","templated":true}]}}