{"id":183083,"date":"2025-12-10T17:48:08","date_gmt":"2025-12-10T17:48:08","guid":{"rendered":"https:\/\/www.europesays.com\/pt\/183083\/"},"modified":"2025-12-10T17:48:08","modified_gmt":"2025-12-10T17:48:08","slug":"pedro-esta-convicto-do-segredo-de-ana-e-ja-envolve-a-palavra-aldeia-secret-story","status":"publish","type":"post","link":"https:\/\/www.europesays.com\/pt\/183083\/","title":{"rendered":"Pedro est\u00e1 convicto do segredo de Ana e j\u00e1 envolve a palavra \u2018aldeia\u2019 &#8211; Secret Story"},"content":{"rendered":"<p style=\"margin-bottom:11px\">No Secret Story 9,\u00a0 a s\u00f3s com Pedro, Marisa mostra-se insegura perante os palpites dos concorrentes. Com o \u2018buzz gr\u00e1tis\u2019 que In\u00eas conquistou, a casa ficou em alvoro\u00e7o. Durante a conversa Pedro acaba por contar \u00e0 mulher os palpites que tem sobre o segredo de Ana e atira: \u00abFui e sou uma santa milagrosa da minha aldeia\u00bb.<\/p>\n<p><strong>Esta semana, h\u00e1 tr\u00eas concorrentes em risco de expuls\u00e3o. Pode votar na APP oficial do TVI reality ou atrav\u00e9s das linhas telef\u00f3nicas.<\/strong><\/p>\n<p><strong>VOTE PARA SALVAR:<br \/>ANA \u2013 761 20 20 01<br \/>IN\u00caS \u2013 761 20 20 10<br \/>LILIANA \u2013 761 20 20 14<\/strong><\/p>\n<p><strong><a href=\"https:\/\/tvi.iol.pt\/secretstory\/aominuto\" wbo-id=\"32\" rel=\"nofollow noopener\" target=\"_blank\">Veja aqui tudo o que se passa na casa do Secret Story 9<\/a><\/strong><\/p>\n","protected":false},"excerpt":{"rendered":"No Secret Story 9,\u00a0 a s\u00f3s com Pedro, Marisa mostra-se insegura perante os palpites dos concorrentes. Com o&hellip;\n","protected":false},"author":2,"featured_media":183084,"comment_status":"","ping_status":"","sticky":false,"template":"","format":"standard","meta":{"footnotes":""},"categories":[142],"tags":[6340,114,115,19033,19034,14646,32,33,151,19032],"class_list":{"0":"post-183083","1":"post","2":"type-post","3":"status-publish","4":"format-standard","5":"has-post-thumbnail","7":"category-tv","8":"tag-ana","9":"tag-entertainment","10":"tag-entretenimento","11":"tag-galas-em-video","12":"tag-melhores-momentos-casa-dos-segredos","13":"tag-pedro","14":"tag-portugal","15":"tag-pt","16":"tag-tv","17":"tag-videos-secret-story-tvi"},"share_on_mastodon":{"url":"https:\/\/pubeurope.com\/@pt\/115696533884322684","error":""},"_links":{"self":[{"href":"https:\/\/www.europesays.com\/pt\/wp-json\/wp\/v2\/posts\/183083","targetHints":{"allow":["GET"]}}],"collection":[{"href":"https:\/\/www.europesays.com\/pt\/wp-json\/wp\/v2\/posts"}],"about":[{"href":"https:\/\/www.europesays.com\/pt\/wp-json\/wp\/v2\/types\/post"}],"author":[{"embeddable":true,"href":"https:\/\/www.europesays.com\/pt\/wp-json\/wp\/v2\/users\/2"}],"replies":[{"embeddable":true,"href":"https:\/\/www.europesays.com\/pt\/wp-json\/wp\/v2\/comments?post=183083"}],"version-history":[{"count":0,"href":"https:\/\/www.europesays.com\/pt\/wp-json\/wp\/v2\/posts\/183083\/revisions"}],"wp:featuredmedia":[{"embeddable":true,"href":"https:\/\/www.europesays.com\/pt\/wp-json\/wp\/v2\/media\/183084"}],"wp:attachment":[{"href":"https:\/\/www.europesays.com\/pt\/wp-json\/wp\/v2\/media?parent=183083"}],"wp:term":[{"taxonomy":"category","embeddable":true,"href":"https:\/\/www.europesays.com\/pt\/wp-json\/wp\/v2\/categories?post=183083"},{"taxonomy":"post_tag","embeddable":true,"href":"https:\/\/www.europesays.com\/pt\/wp-json\/wp\/v2\/tags?post=183083"}],"curies":[{"name":"wp","href":"https:\/\/api.w.org\/{rel}","templated":true}]}}