{"id":183089,"date":"2025-12-10T17:51:33","date_gmt":"2025-12-10T17:51:33","guid":{"rendered":"https:\/\/www.europesays.com\/pt\/183089\/"},"modified":"2025-12-10T17:51:33","modified_gmt":"2025-12-10T17:51:33","slug":"super-formula-kalle-rovanpera-forcado-a-abandonar-teste","status":"publish","type":"post","link":"https:\/\/www.europesays.com\/pt\/183089\/","title":{"rendered":"Super F\u00f3rmula: Kalle Rovanper\u00e4 for\u00e7ado a abandonar teste"},"content":{"rendered":"<p>Kalle Rovanper\u00e4 foi for\u00e7ado a abandonar o teste de p\u00f3s-temporada da Super Formula em Suzuka devido a doen\u00e7a, depois de completar apenas a sess\u00e3o da manh\u00e3 no primeiro dia. O bicampe\u00e3o do mundo de ralis iniciava assim a sua transi\u00e7\u00e3o para os monolugares, mas problemas de sa\u00fade impediram-no de prosseguir com o programa previsto.<\/p>\n<p>Rovanper\u00e4 realizou 32 voltas ao volante do carro #8 da KCMG na manh\u00e3 de quarta-feira, focando-se sobretudo na recolha de dados no seu primeiro contacto oficial com a categoria japonesa. No entanto, j\u00e1 nos momentos finais da sess\u00e3o come\u00e7ou a sentir desconforto, o que levou \u00e0 sua aus\u00eancia total na parte da tarde.<\/p>\n<p>O diretor da equipa, Ryuji Doi, indicou inicialmente que o piloto estava a descansar com o objetivo de regressar \u00e0 pista na quinta e na sexta-feira. Contudo, ao final do dia, Rovanper\u00e4 anunciou que os m\u00e9dicos o impediram de continuar, obrigando-o a deixar o teste prematuramente.<\/p>\n<p>O finland\u00eas ter\u00e1 agora de esperar at\u00e9 fevereiro, quando regressar\u00e1 ao volante durante os testes de pr\u00e9-\u00e9poca. Antes disso, competir\u00e1 no Formula Regional Oceania Championship com a Hitech, que colabora tecnicamente com a KCMG.<\/p>\n<p>O dia de testes ficou igualmente marcado por um incidente envolvendo Jack Doohan, ex-piloto da Alpine, que sofreu um acidente na Curva Degner e terminou a sess\u00e3o com o 21.\u00ba melhor tempo. A a\u00e7\u00e3o em Suzuka prossegue esta quinta-feira, com o jovem da Williams, Luke Browning, a estrear-se no carro da Kondo Racing.<\/p>\n<p>Kalle Rovanper\u00e4 explicou nas redes sociais o motivo da sua desist\u00eancia:<\/p>\n<blockquote class=\"wp-block-quote is-layout-flow wp-block-quote-is-layout-flow\">\n<p>\u201cDurante a pausa para o almo\u00e7o tive sintomas de vertigem posicional parox\u00edstica benigna, que afeta o equil\u00edbrio e a vis\u00e3o atrav\u00e9s do ouvido interno. O m\u00e9dico proibiu-me de conduzir esta semana. Estou realmente desiludido, porque n\u00e3o tivemos qualquer oportunidade de fazer um trabalho adequado al\u00e9m do nosso teste aerodin\u00e2mico desta manh\u00e3. Foi um azar ter isto logo na primeira sa\u00edda. Agora \u00e9 tempo de recuperar e s\u00f3 posso esperar pela pr\u00f3xima oportunidade.\u201d<\/p>\n<\/blockquote>\n","protected":false},"excerpt":{"rendered":"Kalle Rovanper\u00e4 foi for\u00e7ado a abandonar o teste de p\u00f3s-temporada da Super Formula em Suzuka devido a doen\u00e7a,&hellip;\n","protected":false},"author":2,"featured_media":183090,"comment_status":"","ping_status":"","sticky":false,"template":"","format":"standard","meta":{"footnotes":""},"categories":[87],"tags":[135,5588,19022,32,33,134,37355,8563],"class_list":{"0":"post-183089","1":"post","2":"type-post","3":"status-publish","4":"format-standard","5":"has-post-thumbnail","7":"category-desporto","8":"tag-desporto","9":"tag-kalle-rovanpera","10":"tag-pistas","11":"tag-portugal","12":"tag-pt","13":"tag-sports","14":"tag-super-formula","15":"tag-velocidade"},"share_on_mastodon":{"url":"https:\/\/pubeurope.com\/@pt\/115696545682244449","error":""},"_links":{"self":[{"href":"https:\/\/www.europesays.com\/pt\/wp-json\/wp\/v2\/posts\/183089","targetHints":{"allow":["GET"]}}],"collection":[{"href":"https:\/\/www.europesays.com\/pt\/wp-json\/wp\/v2\/posts"}],"about":[{"href":"https:\/\/www.europesays.com\/pt\/wp-json\/wp\/v2\/types\/post"}],"author":[{"embeddable":true,"href":"https:\/\/www.europesays.com\/pt\/wp-json\/wp\/v2\/users\/2"}],"replies":[{"embeddable":true,"href":"https:\/\/www.europesays.com\/pt\/wp-json\/wp\/v2\/comments?post=183089"}],"version-history":[{"count":0,"href":"https:\/\/www.europesays.com\/pt\/wp-json\/wp\/v2\/posts\/183089\/revisions"}],"wp:featuredmedia":[{"embeddable":true,"href":"https:\/\/www.europesays.com\/pt\/wp-json\/wp\/v2\/media\/183090"}],"wp:attachment":[{"href":"https:\/\/www.europesays.com\/pt\/wp-json\/wp\/v2\/media?parent=183089"}],"wp:term":[{"taxonomy":"category","embeddable":true,"href":"https:\/\/www.europesays.com\/pt\/wp-json\/wp\/v2\/categories?post=183089"},{"taxonomy":"post_tag","embeddable":true,"href":"https:\/\/www.europesays.com\/pt\/wp-json\/wp\/v2\/tags?post=183089"}],"curies":[{"name":"wp","href":"https:\/\/api.w.org\/{rel}","templated":true}]}}