{"id":183099,"date":"2025-12-10T17:56:12","date_gmt":"2025-12-10T17:56:12","guid":{"rendered":"https:\/\/www.europesays.com\/pt\/183099\/"},"modified":"2025-12-10T17:56:12","modified_gmt":"2025-12-10T17:56:12","slug":"so-agora-estamos-a-perceber-que-a-terra-tem-uma-cauda-com-2-milhoes-de-quilometros","status":"publish","type":"post","link":"https:\/\/www.europesays.com\/pt\/183099\/","title":{"rendered":"S\u00f3 agora estamos a perceber que a Terra tem uma \u201ccauda\u201d com 2 milh\u00f5es de quil\u00f3metros"},"content":{"rendered":"<p class=\"wp-caption-text top\">NASA Goddard Space Flight Center<\/p>\n<p><img decoding=\"async\" loading=\"lazy\" class=\"size-kopa-image-size-3 wp-image-716005\" src=\"https:\/\/www.europesays.com\/pt\/wp-content\/uploads\/2025\/12\/03c7c0ace395d80182db07ae2c30f034-1-783x450.jpg\" alt=\"\" width=\"700\" height=\"402\"  \/><\/p>\n<p class=\"wp-caption-text bot\">A magnetosfera da Terra, imersa no vento solar, comprime o lado da magnetosfera voltado para o Sol e estica o lado oposto, afastando-o da Terra, formando a cauda magn\u00e9tica (conceito art\u00edstico)<\/p>\n<p><strong>Segundo algumas estimativas, esta \u201cmagnetocauda\u201d pode mesmo chegar a estender-se at\u00e9 mil vezes o raio da Terra \u2014 cerca de 6,3 milh\u00f5es de quil\u00f3metros.<br \/><\/strong><\/p>\n<p>Os cometas, como o famigerado<a href=\"https:\/\/zap.aeiou.pt\/tag\/3I-ATLAS\" data-wpel-link=\"internal\" rel=\"nofollow noopener\" target=\"_blank\"> 3I\/ATLAS<\/a> que anda a passear pelo nosso sistema solar, n\u00e3o s\u00e3o os \u00fanicos objetos c\u00f3smicos que desenvolvem caudas. <strong>Tamb\u00e9m os planetas<\/strong> a podem ter.<\/p>\n<p>O exemplo mais pr\u00f3ximo \u00e9 o nosso vizinho <a href=\"https:\/\/zap.aeiou.pt\/infernal-mercurio-cauda-nada-paranormal-371143\" data-wpel-link=\"internal\" rel=\"nofollow noopener\" target=\"_blank\">Merc\u00fario, que tem uma cauda brilhante<\/a>, cuja origem pode ser explicada pelas propriedades da exosfera do pr\u00f3prio planeta, rica em s\u00f3dio, que, ao ser arrastada pelos ventos solares, ganha um t\u00e9nue brilho laranja.<\/p>\n<p>E isso levanta a pergunta: <strong>ser\u00e1 que a Terra tamb\u00e9m tem uma<\/strong>? A resposta curta \u00e9 <strong>sim<\/strong>, e essa cauda estende-se pelo menos <strong>2 milh\u00f5es de quil\u00f3metros no espa\u00e7o<\/strong>, atr\u00e1s do nosso planeta.<\/p>\n<p>Comecemos pelo caso mais simples. Merc\u00fario tem uma atmosfera extremamente fina, mas nela existem <strong>pequenas quantidades de s\u00f3dio<\/strong>, que podem ser <strong>empurradas pela for\u00e7a do Sol<\/strong>, ali perigosamente pr\u00f3ximo.<\/p>\n<p>\u201cA luz do Sol dispersa d<strong>\u00e1 ao s\u00f3dio um brilho laranja intenso<\/strong>. Este processo de dispers\u00e3o tamb\u00e9m d\u00e1 um \u2018empurr\u00e3o\u2019\u201d aos \u00e1tomos de s\u00f3dio, e esta \u2018press\u00e3o de radia\u00e7\u00e3o\u2019 \u00e9 suficientemente forte, em certas fases do ano, para arrancar parte da atmosfera e<strong> dar ao planeta uma longa cauda brilhante<\/strong>\u201c, <a href=\"https:\/\/www.nasa.gov\/image-article\/mercurys-sodium-tail\/\" data-wpel-link=\"external\" target=\"_blank\" rel=\"nofollow external noopener noreferrer\" class=\"ext-link\">explica<\/a> a NASA.<\/p>\n<p>\u201cAlgu\u00e9m que estivesse no lado noturno de Merc\u00fario, na altura certa do ano, veria <strong>um brilho laranja t\u00e9nue<\/strong>, semelhante ao c\u00e9u de uma cidade iluminado por candeeiros de s\u00f3dio.\u201d<\/p>\n<p>Voltando \u00e0 cauda da Terra. <strong>Esta \u00e9 um pouco menos \u00f3bvia<\/strong> do que a cauda de s\u00f3dio de Merc\u00fario, mas existe e <strong>estende-se atr\u00e1s de n\u00f3s, no lado noturno do planeta<\/strong>.<\/p>\n<p><strong>Todos os objetos macrosc\u00f3picos<\/strong>, desde \u00edmanes propriamente ditos at\u00e9 aos bizarros animais da Ant\u00e1rtida que conseguem viver mais de 11.000 anos, s\u00e3o<strong> um\u00a0pouco magn\u00e9ticos<\/strong>, devido \u00e0 rota\u00e7\u00e3o dos seus eletr\u00f5es, que gera momentos magn\u00e9ticos de dipolo, como micro-\u00edmanes, explica o <a href=\"https:\/\/www.iflscience.com\/people-are-just-now-realizing-that-the-earth-has-a-tail-stretching-at-least-2-million-kilometers-81832\" data-wpel-link=\"external\" target=\"_blank\" rel=\"nofollow external noopener noreferrer\" class=\"ext-link\">IFLS<\/a>.<\/p>\n<p>Na maioria dos materiais, <strong>essas rota\u00e7\u00f5es n\u00e3o est\u00e3o alinhadas<\/strong> e acabam por se anular, deixando uma <strong>magnetiza\u00e7\u00e3o l\u00edquida praticamente nula<\/strong>. Mas, em materiais magn\u00e9ticos, podem alinhar-se na mesma dire\u00e7\u00e3o <strong>e o resultado \u00e9 um \u00edman<\/strong>, com um campo magn\u00e9tico e polos norte e sul.<\/p>\n<p><strong>A Terra tem o seu pr\u00f3prio campo magn\u00e9tico<\/strong>, alimentado por processos geodin\u00e2micos no n\u00facleo externo, atrav\u00e9s do movimento de ferro e n\u00edquel em estado l\u00edquido.<\/p>\n<p>\u201cA regi\u00e3o atravessada pelo campo magn\u00e9tico da Terra, chamada <a href=\"https:\/\/zap.aeiou.pt\/misterio-magnetosfera-terrestre-resolvido-518615\" data-wpel-link=\"internal\" rel=\"nofollow noopener\" target=\"_blank\">magnetosfera<\/a>, domina o comportamento das part\u00edculas eletricamente carregadas no espa\u00e7o pr\u00f3ximo da Terra e <strong>protege o planeta do vento solar<\/strong>\u201c, explica a NASA, acrescentando que a magnetosfera aprisiona plasma, ou g\u00e1s ionizado.<\/p>\n<p><strong>\u00c9 precisamente esse plasma aprisionado<\/strong> na magnetosfera terrestre que forma a \u201ccauda\u201d da Terra, \u00e0 medida que parte desse plasma \u00e9 puxado e flui em dire\u00e7\u00e3o oposta ao Sol.<\/p>\n<p>Os astrof\u00edsicos acreditam que a<strong> cauda seja um fluxo de retorno de plasma<\/strong> que ocorre quando o vento solar, um fluxo de plasma continuamente ejetado da superf\u00edcie solar, <strong>fustiga a magnetosfera e distorce a sua forma<\/strong>.<\/p>\n<p>Por exemplo, <strong>uma gota de chuva em queda<\/strong> come\u00e7a por ser aproximadamente esf\u00e9rica. \u00c0 medida que cai e ganha velocidade, a resist\u00eancia do ar faz com que a gota mude de forma, \u00e0 medida que a \u00e1gua \u00e9 arrastada da parte inferior (cabe\u00e7a) para a parte superior (cauda).<\/p>\n<p>A tens\u00e3o superficial impede que a maior parte da \u00e1gua se disperse simplesmente pela cauda, <strong>obrigando-a a circular dentro da pr\u00f3pria gota<\/strong> e a regressar \u00e0 cabe\u00e7a\u201d, descreve a NASA.<\/p>\n<p>\u201c<strong>O vento solar distorce a magnetosfera da Terra<\/strong> de forma semelhante, comprimindo-a no lado diurno, como a cabe\u00e7a de uma gota de chuva. A regi\u00e3o \u00e9 esticada no lado noturno, como a cauda dessa gota, formando uma estrutura em forma de l\u00e1grima.\u201d<\/p>\n<p>A cauda da Terra \u00e9 conhecida como <strong>magnetocauda<\/strong>. Embora seja, em geral, uma estrutura permanente, <strong>est\u00e1 sujeita aos caprichos do vento solar<\/strong>. Em abril de 2023, por exemplo, uma Eje\u00e7\u00e3o de Massa Coronal (CME) particularmente intensa <strong>\u201carrancou\u201d a cauda da Terra<\/strong>.<\/p>\n<p>Apesar das varia\u00e7\u00f5es no tamanho e forma da magnetosfera, pensa-se que o vento solar <strong>arrasta a nossa magnetocauda<\/strong> para dist\u00e2ncias que podem chegar a mais de <strong>mil vezes o raio da Terra \u2014 cerca de 6,3 milh\u00f5es de quil\u00f3metros<\/strong>. Continua, no entanto, a ser dif\u00edcil saber exatamente at\u00e9 onde se estende.<\/p>\n<p>\u201cEmbora a nossa cauda terrestre tenha sido explorada por in\u00fameras sondas espaciais nas \u00faltimas d\u00e9cadas, <strong>muitos mist\u00e9rios permanecem<\/strong>\u201c, <a href=\"https:\/\/www.esa.int\/Science_Exploration\/Space_Science\/Cluster\/Cluster_quartet_take_a_trip_down_Earth_s_tail\" data-wpel-link=\"external\" target=\"_blank\" rel=\"nofollow external noopener noreferrer\" class=\"ext-link\">sublinha<\/a> a Ag\u00eancia Espacial Europeia, ESA.<\/p>\n<p>    <a href=\"https:\/\/zap.aeiou.pt\/subscrever-newsletter\" data-wpel-link=\"internal\" rel=\"nofollow noopener\" target=\"_blank\">&#13;<br \/>\n        <img loading=\"lazy\" decoding=\"async\" class=\"aligncenter size-full wp-image-575475\" src=\"https:\/\/www.europesays.com\/pt\/wp-content\/uploads\/2025\/12\/1765389371_545_2d51fe4a0ba54894421ead1809309ed9-1-450x140.jpg\" alt=\"Subscreva a Newsletter ZAP\" width=\"450\" height=\"140\"\/>&#13;<br \/>\n    <\/a><\/p>\n<p>                <a href=\"https:\/\/whatsapp.com\/channel\/0029VaIC4EE2f3EJZPPSbR34\" data-wpel-link=\"external\" target=\"_blank\" rel=\"nofollow external noopener noreferrer\" class=\"ext-link\">&#13;<br \/>\n                    <img loading=\"lazy\" decoding=\"async\" class=\"aligncenter size-full wp-image-575475\" src=\"https:\/\/www.europesays.com\/pt\/wp-content\/uploads\/2025\/12\/1765389371_770_c68c559d956d4ca20f435ed74a6e71e6.png\" alt=\"Siga-nos no WhatsApp\" width=\"175\" height=\"64\"\/>&#13;<br \/>\n                <\/a><\/p>\n<p>                <a href=\"https:\/\/news.google.com\/publications\/CAAiEHRwZondIV71PDjWNoqMduEqFAgKIhB0cGaJ3SFe9Tw41jaKjHbh?hl=en-US&amp;gl=US&amp;ceid=US%3Aen\" data-wpel-link=\"external\" target=\"_blank\" rel=\"nofollow external noopener noreferrer\" class=\"ext-link\">&#13;<br \/>\n                    <img loading=\"lazy\" decoding=\"async\" class=\"aligncenter size-full wp-image-575475\" src=\"https:\/\/www.europesays.com\/pt\/wp-content\/uploads\/2025\/12\/1765389372_556_5123dd8b087b644fdb8f8603acd1bad4.png\" alt=\"Siga-nos no Google News\" width=\"176\" height=\"64\"\/>&#13;<br \/>\n                <\/a><\/p>\n","protected":false},"excerpt":{"rendered":"NASA Goddard Space Flight Center A magnetosfera da Terra, imersa no vento solar, comprime o lado da magnetosfera&hellip;\n","protected":false},"author":2,"featured_media":183100,"comment_status":"","ping_status":"","sticky":false,"template":"","format":"standard","meta":{"footnotes":""},"categories":[50],"tags":[122,443,27,28,269,15,16,13484,14,25,26,21,22,62,12,13,19,20,23,24,17,18,29,30,31,63,64,65],"class_list":{"0":"post-183099","1":"post","2":"type-post","3":"status-publish","4":"format-standard","5":"has-post-thumbnail","7":"category-mundo","8":"tag-astrofisica","9":"tag-astronomia","10":"tag-breaking-news","11":"tag-breakingnews","12":"tag-capa","13":"tag-featured-news","14":"tag-featurednews","15":"tag-geofisica","16":"tag-headlines","17":"tag-latest-news","18":"tag-latestnews","19":"tag-main-news","20":"tag-mainnews","21":"tag-mundo","22":"tag-news","23":"tag-noticias","24":"tag-noticias-principais","25":"tag-noticiasprincipais","26":"tag-principais-noticias","27":"tag-principaisnoticias","28":"tag-top-stories","29":"tag-topstories","30":"tag-ultimas","31":"tag-ultimas-noticias","32":"tag-ultimasnoticias","33":"tag-world","34":"tag-world-news","35":"tag-worldnews"},"share_on_mastodon":{"url":"https:\/\/pubeurope.com\/@pt\/115696565279024655","error":""},"_links":{"self":[{"href":"https:\/\/www.europesays.com\/pt\/wp-json\/wp\/v2\/posts\/183099","targetHints":{"allow":["GET"]}}],"collection":[{"href":"https:\/\/www.europesays.com\/pt\/wp-json\/wp\/v2\/posts"}],"about":[{"href":"https:\/\/www.europesays.com\/pt\/wp-json\/wp\/v2\/types\/post"}],"author":[{"embeddable":true,"href":"https:\/\/www.europesays.com\/pt\/wp-json\/wp\/v2\/users\/2"}],"replies":[{"embeddable":true,"href":"https:\/\/www.europesays.com\/pt\/wp-json\/wp\/v2\/comments?post=183099"}],"version-history":[{"count":0,"href":"https:\/\/www.europesays.com\/pt\/wp-json\/wp\/v2\/posts\/183099\/revisions"}],"wp:featuredmedia":[{"embeddable":true,"href":"https:\/\/www.europesays.com\/pt\/wp-json\/wp\/v2\/media\/183100"}],"wp:attachment":[{"href":"https:\/\/www.europesays.com\/pt\/wp-json\/wp\/v2\/media?parent=183099"}],"wp:term":[{"taxonomy":"category","embeddable":true,"href":"https:\/\/www.europesays.com\/pt\/wp-json\/wp\/v2\/categories?post=183099"},{"taxonomy":"post_tag","embeddable":true,"href":"https:\/\/www.europesays.com\/pt\/wp-json\/wp\/v2\/tags?post=183099"}],"curies":[{"name":"wp","href":"https:\/\/api.w.org\/{rel}","templated":true}]}}