{"id":183101,"date":"2025-12-10T17:58:06","date_gmt":"2025-12-10T17:58:06","guid":{"rendered":"https:\/\/www.europesays.com\/pt\/183101\/"},"modified":"2025-12-10T17:58:06","modified_gmt":"2025-12-10T17:58:06","slug":"boicote-a-eurovisao-artistas-recusam-participar-se-ganharem-festival-da-cancao","status":"publish","type":"post","link":"https:\/\/www.europesays.com\/pt\/183101\/","title":{"rendered":"Boicote \u00e0 Eurovis\u00e3o: artistas recusam participar se ganharem Festival da Can\u00e7\u00e3o"},"content":{"rendered":"<p class=\"category\"><a href=\"https:\/\/sicnoticias.pt\/cultura\" rel=\"nofollow noopener\" target=\"_blank\">Cultura<\/a><\/p>\n<p>Cristina Branco, Bateu Matou, Rita Dias e Djodje est\u00e3o entre os 17 m\u00fasicos que anunciam n\u00e3o representar\u00e3o o pa\u00eds, a n\u00edvel internacional,\u00a0no Festival Eurovis\u00e3o, caso ven\u00e7am o Festival da Can\u00e7\u00e3o em Portugal.<\/p>\n<p><img decoding=\"async\" src=\"https:\/\/www.europesays.com\/pt\/wp-content\/uploads\/2025\/12\/1764885918_572_original.webp\" alt=\"Boicote \u00e0 Eurovis\u00e3o: artistas recusam participar se ganharem Festival da Can\u00e7\u00e3o\"\/><\/p>\n<p>picture alliance<\/p>\n<p style=\"text-align: start;\"><strong>Dezassete m\u00fasicos e int\u00e9rpretes, entre os quais Cristina Branco e Bateu Matou, anunciaram hoje a recusa em representar Portugal no Festival Eurovis\u00e3o 2026, caso ven\u00e7am o Festival da Can\u00e7\u00e3o da RTP, em protesto contra a participa\u00e7\u00e3o de Israel.<\/strong><strong>\u00a0<\/strong><\/p>\n<p style=\"text-align: start;\">&#8220;Com palavras e com can\u00e7\u00f5es, agimos dentro da possibilidade que nos \u00e9 dada. N\u00e3o compactuamos com a viola\u00e7\u00e3o dos Direitos Humanos&#8221;, afirmaram os <strong>17 artistas, bandas e int\u00e9rpretes <\/strong>num comunicado conjunto enviado \u00e0 Lusa, na qual explicam a <strong>recusa em participar no Festival Eurovis\u00e3o da Can\u00e7\u00e3o em 2026<\/strong>.\u00a0<\/p>\n<p style=\"text-align: start;\">Cristina Branco, os m\u00fasicos de Bateu Matou, Rita Dias e Djodje est\u00e3o entre os que assinam o comunicado, no qual <strong>lamentam que a RTP tenha alinhado a<\/strong><a href=\"https:\/\/sicnoticias.pt\/cultura\/2025-12-04-israel-autorizado-a-participar-na-eurovisao--c5402b6c\" target=\"_blank\" rel=\"noopener noreferrer nofollow\"><strong> favor da participa\u00e7\u00e3o de Israel<\/strong><\/a>, numa vota\u00e7\u00e3o, no passado dia 4, na assembleia-geral da Uni\u00e3o Europeia de Radiodifus\u00e3o, organizadora do festival.\u00a0<\/p>\n<blockquote style=\"text-align: start;\"><p>&#8220;Apesar da proibi\u00e7\u00e3o de participa\u00e7\u00e3o da R\u00fassia na edi\u00e7\u00e3o de 2022 na Eurovis\u00e3o, por motivos pol\u00edticos (a invas\u00e3o da Ucr\u00e2nia), foi com espanto que constat\u00e1mos que n\u00e3o foi dado o mesmo destino a Israel, que est\u00e1, segundo a ONU, a cometer atos de genoc\u00eddio contra os palestinianos em Gaza&#8221;, escreveram os artistas.\u00a0<\/p><\/blockquote>\n<p style=\"text-align: start;\">O comunicado \u00e9 assinado igualmente por Beatriz Bronze (Evaya), Francisco Fontes, Gon\u00e7alo Gomes, In\u00eas Sousa, Jorge Gon\u00e7alves (Jacar\u00e9u), Marquise, Nunca Mates o Mandarim, Pedro Fernandes e Rita Dias.\u00a0<\/p>\n<p style=\"text-align: start;\">A<strong> 60.\u00aa edi\u00e7\u00e3o do Festival da Can\u00e7\u00e3o ir\u00e1 decorrer em fevereiro e mar\u00e7o de 2026<\/strong>, repartida, como habitualmente, em duas semifinais (em 21 e 28 de fevereiro) e final (em 7 de mar\u00e7o).\u00a0<\/p>\n<p style=\"text-align: start;\">O<strong> tema vencedor do Festival da Can\u00e7\u00e3o dever\u00e1 representar Portugal no 70.\u00ba Festival Eurovis\u00e3o da Can\u00e7\u00e3o<\/strong>, na \u00c1ustria em maio.<\/p>\n<p>Isl\u00e2ndia junta-se a lista de pa\u00edses em boicote<\/p>\n<p style=\"text-align: start;\">A <strong>Isl\u00e2ndia anunciou, esta quarta-feira, que vai boicotar o Festival da Eurovis\u00e3o 2026<\/strong>, em protesto contra a participa\u00e7\u00e3o de Israel.<\/p>\n<p style=\"text-align: start;\">A r\u00e1dio e televis\u00e3o p\u00fablica islandesa, RUV, declarou que o pa\u00eds n\u00e3o vai fazer-se representar nesta edi\u00e7\u00e3o da Eurovis\u00e3o, como forma de contesta\u00e7\u00e3o.<\/p>\n<p style=\"text-align: start;\">A Isl\u00e2ndia<strong> junta-se assim \u00e0 Irlanda, Espanha, Eslov\u00e9nia e Pa\u00edses Baixos<\/strong>, que tinham j\u00e1 anunciado que n\u00e3o estariam presentes nesta edi\u00e7\u00e3o do festival, depois de Israel ter sido autorizado a participar.<\/p>\n<p style=\"text-align: start;\">[Not\u00edcia atualizada \u00e0s 16h44]<\/p>\n","protected":false},"excerpt":{"rendered":"Cultura Cristina Branco, Bateu Matou, Rita Dias e Djodje est\u00e3o entre os 17 m\u00fasicos que anunciam n\u00e3o representar\u00e3o&hellip;\n","protected":false},"author":2,"featured_media":175962,"comment_status":"","ping_status":"","sticky":false,"template":"","format":"standard","meta":{"footnotes":""},"categories":[8],"tags":[27,28,15,16,14,25,26,21,22,12,13,19,20,32,23,24,33,17,18,29,30,31],"class_list":{"0":"post-183101","1":"post","2":"type-post","3":"status-publish","4":"format-standard","5":"has-post-thumbnail","7":"category-principais-noticias","8":"tag-breaking-news","9":"tag-breakingnews","10":"tag-featured-news","11":"tag-featurednews","12":"tag-headlines","13":"tag-latest-news","14":"tag-latestnews","15":"tag-main-news","16":"tag-mainnews","17":"tag-news","18":"tag-noticias","19":"tag-noticias-principais","20":"tag-noticiasprincipais","21":"tag-portugal","22":"tag-principais-noticias","23":"tag-principaisnoticias","24":"tag-pt","25":"tag-top-stories","26":"tag-topstories","27":"tag-ultimas","28":"tag-ultimas-noticias","29":"tag-ultimasnoticias"},"share_on_mastodon":{"url":"https:\/\/pubeurope.com\/@pt\/115696573461292454","error":""},"_links":{"self":[{"href":"https:\/\/www.europesays.com\/pt\/wp-json\/wp\/v2\/posts\/183101","targetHints":{"allow":["GET"]}}],"collection":[{"href":"https:\/\/www.europesays.com\/pt\/wp-json\/wp\/v2\/posts"}],"about":[{"href":"https:\/\/www.europesays.com\/pt\/wp-json\/wp\/v2\/types\/post"}],"author":[{"embeddable":true,"href":"https:\/\/www.europesays.com\/pt\/wp-json\/wp\/v2\/users\/2"}],"replies":[{"embeddable":true,"href":"https:\/\/www.europesays.com\/pt\/wp-json\/wp\/v2\/comments?post=183101"}],"version-history":[{"count":0,"href":"https:\/\/www.europesays.com\/pt\/wp-json\/wp\/v2\/posts\/183101\/revisions"}],"wp:featuredmedia":[{"embeddable":true,"href":"https:\/\/www.europesays.com\/pt\/wp-json\/wp\/v2\/media\/175962"}],"wp:attachment":[{"href":"https:\/\/www.europesays.com\/pt\/wp-json\/wp\/v2\/media?parent=183101"}],"wp:term":[{"taxonomy":"category","embeddable":true,"href":"https:\/\/www.europesays.com\/pt\/wp-json\/wp\/v2\/categories?post=183101"},{"taxonomy":"post_tag","embeddable":true,"href":"https:\/\/www.europesays.com\/pt\/wp-json\/wp\/v2\/tags?post=183101"}],"curies":[{"name":"wp","href":"https:\/\/api.w.org\/{rel}","templated":true}]}}