{"id":183119,"date":"2025-12-10T18:10:43","date_gmt":"2025-12-10T18:10:43","guid":{"rendered":"https:\/\/www.europesays.com\/pt\/183119\/"},"modified":"2025-12-10T18:10:43","modified_gmt":"2025-12-10T18:10:43","slug":"australia-baniu-os-adolescentes-das-redes-sociais-mas-eles-ja-desafiam-a-proibicao-australia","status":"publish","type":"post","link":"https:\/\/www.europesays.com\/pt\/183119\/","title":{"rendered":"Austr\u00e1lia baniu os adolescentes das redes sociais, mas eles j\u00e1 desafiam a proibi\u00e7\u00e3o | Austr\u00e1lia"},"content":{"rendered":"<p>Ainda sabes viver sem passar horas no TikTok, no Instagram ou no YouTube? Os jovens australianos v\u00e3o ter de aprender e resistem \u00e0 ideia. Alguns pais preparam-se para ajud\u00e1-los a contornar a lei.<\/p>\n<p>A Austr\u00e1lia avan\u00e7ou com a proibi\u00e7\u00e3o das redes sociais para utilizadores com menos de 16 anos. A lei, pioneira a n\u00edvel mundial, entra em vigor j\u00e1 esta quarta-feira, dia 10 de Dezembro, e vai excluir milhares de crian\u00e7as e adolescentes das redes sociais.<\/p>\n<p>H\u00e1 dez plataformas abrangidas pela nova medida e cabe a cada uma fazer cumprir a lei. As plataformas que n\u00e3o exclu\u00edrem os jovens com menos de 16 anos podem enfrentar multas de 28 milh\u00f5es de euros.<\/p>\n<p>Para j\u00e1, as redes sociais afectadas s\u00e3o o Instagram, TikTok, YouTube, X, Facebook, Threads, Reddit, Kick, Twitch e Snapchat, mas o governo garante que a lista pode ser alterada no futuro, consoante os produtos que surgirem e as alternativas que os utilizadores jovens encontrarem.<\/p>\n<p>        &#13;<\/p>\n<p>&#13;<br \/>\n                &#13;\n            <\/p>\n<p>&#13;<\/p>\n<p>A reac\u00e7\u00e3o dos adolescentes afectados<\/p>\n<p>A proibi\u00e7\u00e3o visa proteger os jovens dos riscos que as redes sociais representam para a sa\u00fade mental. Mas a decis\u00e3o est\u00e1 a ser posta em causa pelos jovens afectados. \u00c0 Reuters, Annie Wang, de 14 anos, disse que a medida pode piorar a sa\u00fade mental de algumas pessoas abrangidas pela proibi\u00e7\u00e3o. &#8220;Vai ser pior para as pessoas queer e para as pessoas com interesses de nicho, porque essa \u00e9 a \u00fanica forma de encontrarem uma comunidade, algumas pessoas usam as redes sociais para desabafar sobre o que sentem e pedir ajuda.&#8221;<\/p>\n<p>Muitos adolescentes que a partir desta quarta-feira perdem o acesso \u00e0s redes sociais resistem \u00e0 medida e procuram formas de contornar a nova legisla\u00e7\u00e3o. Ao<a href=\"https:\/\/www.washingtonpost.com\/technology\/2025\/12\/09\/australia-social-media-ban\/\" target=\"_blank\" rel=\"nofollow noopener\"> The Washington Post<\/a>, Mariska Adams, de 16 anos, contou que os adolescentes &#8220;s\u00f3 querem ficar em contacto com os amigos&#8221; e afirmou que esta medida &#8220;n\u00e3o vai resolver os problemas como eles acham que vai&#8221;. Mariska Adams contou que quando uma app pediu para submeterem fotografias para verifica\u00e7\u00e3o de idade, submeteram uma de um golden retriver \u2013 e funcionou.<\/p>\n<p>O primeiro-ministro australiano explicou que vai haver casos em que os mecanismos de verifica\u00e7\u00e3o de idade v\u00e3o ter falhas e disse que &#8220;desde o princ\u00edpio sab\u00edamos que o processo n\u00e3o seria 100% perfeito&#8221;.<\/p>\n<p>H\u00e1 pais que v\u00eam esta medida com bons olhos e que anseiam que entre em vigor, mas outros s\u00e3o contra. Ao <a href=\"https:\/\/www.theguardian.com\/australia-news\/2025\/dec\/09\/australia-under-16-social-media-ban-begins-apps-listed\" target=\"_blank\" rel=\"nofollow noopener\">The Guardian<\/a>, um tutor disse que devido a esta lei, mostrou &#8220;como funcionam as VPN&#8217;s e outros m\u00e9todos de passar por cima das restri\u00e7\u00f5es da idade&#8221;, confessou. Al\u00e9m disso, diz ter tido de &#8220;configurar uma conta de YouTube para adultos&#8221;.<\/p>\n<p>N\u00e3o \u00e9 caso \u00fanico. Ao The Washington Post, Evelyn, de 14 anos, disse que vai continuar a usar o Instagram e o Snapchat &#8211; vai usar o rosto da m\u00e3e para entrar nas plataformas (um plano que a m\u00e3e apoia). A jovem confessou que as amigas planeiam usar as caras das m\u00e3es e irm\u00e3s mais velhas de cada vez que tiverem de fazer login nas redes sociais.<\/p>\n<p>Segundo a Sky News Australia, o primeiro-ministro australiano, Anthony Albanese, disse, num v\u00eddeo a ser passado esta semana nas escolas, que a proibi\u00e7\u00e3o quer proteger os jovens e aliviar a press\u00e3o que vem com os feeds infinitos e com os algoritmos. No mesmo v\u00eddeo, Albanese disse: \u201cAproveitem ao m\u00e1ximo esta \u00e9poca de f\u00e9rias escolares que se aproxima. Em vez de a passarem a fazer scroll no vosso telem\u00f3vel comecem um novo desporto, aprendam a tocar um instrumento novo ou leiam aquele livro que est\u00e1 parado h\u00e1 algum tempo na vossa estante. E mais importante, passem tempo de qualidade com os vossos amigos e fam\u00edlia, cara a cara.\u201d<\/p>\n<p>Medida abre precedentes<\/p>\n<p>O resto do mundo observa o desenrolar da proibi\u00e7\u00e3o, mas j\u00e1 h\u00e1 alguns pa\u00edses a caminharem na mesma direc\u00e7\u00e3o para contornar as consequ\u00eancias das redes sociais no desenvolvimento dos jovens. Mal\u00e1sia, Dinamarca e Noruega anunciaram que v\u00e3o adoptar uma medida de proibi\u00e7\u00e3o semelhante.<\/p>\n<p>O Parlamento Europeu aprovou um relat\u00f3rio que pede que os jovens s\u00f3 possam aceder \u00e0s redes sociais a partir dos 13 anos, mas com consentimento dos pais \u2013 e fixar a idade m\u00ednima para entrar nas redes sociais sem consentimento dos pais nos 16 anos. Al\u00e9m disso, o Parlamento Europeu pediu ainda \u00e0 Comiss\u00e3o Europeia que as plataformas digitais pro\u00edbam pr\u00e1ticas viciantes \u2013 para prevenir, por exemplo, o scrolling infinito.<\/p>\n<p>A medida do governo australiano n\u00e3o \u00e9 consensual, especialmente entre as empresas por tr\u00e1s das plataformas, que afirmam que a medida de proibi\u00e7\u00e3o viola a liberdade de express\u00e3o individual. Segundo a Reuters, as plataformas dizem que n\u00e3o lucram com a publicidade com menores de 16 anos, mas que ainda assim esta medida interrompe um fluxo de futuros utilizadores. O governo australiano garante que antes de a proibi\u00e7\u00e3o entrar em vigor 86% dos jovens entre os 8 e os 15 anos tinham redes sociais.<\/p>\n<p>Das dez redes sociais, todas menos o X disseram que v\u00e3o aceder a esta medida, sendo que v\u00e3o aferir as idades a partir da actividade online, estimativas de idade com base em fotografias ou at\u00e9 analisar documentos de identifica\u00e7\u00e3o. Elon Musk, propriet\u00e1rio do X, disse que a medida \u201cparece uma forma dissimulada de controlar o acesso \u00e0 Internet por todos os australianos\u201d.<\/p>\n","protected":false},"excerpt":{"rendered":"Ainda sabes viver sem passar horas no TikTok, no Instagram ou no YouTube? Os jovens australianos v\u00e3o ter&hellip;\n","protected":false},"author":2,"featured_media":183120,"comment_status":"","ping_status":"","sticky":false,"template":"","format":"standard","meta":{"footnotes":""},"categories":[50],"tags":[2337,27,28,15,16,14,549,3176,25,26,21,22,62,12,13,19,20,534,542,23,24,548,17,18,29,30,31,63,64,65],"class_list":{"0":"post-183119","1":"post","2":"type-post","3":"status-publish","4":"format-standard","5":"has-post-thumbnail","7":"category-mundo","8":"tag-australia","9":"tag-breaking-news","10":"tag-breakingnews","11":"tag-featured-news","12":"tag-featurednews","13":"tag-headlines","14":"tag-internet","15":"tag-jovens","16":"tag-latest-news","17":"tag-latestnews","18":"tag-main-news","19":"tag-mainnews","20":"tag-mundo","21":"tag-news","22":"tag-noticias","23":"tag-noticias-principais","24":"tag-noticiasprincipais","25":"tag-p3","26":"tag-para-redes","27":"tag-principais-noticias","28":"tag-principaisnoticias","29":"tag-redes-sociais","30":"tag-top-stories","31":"tag-topstories","32":"tag-ultimas","33":"tag-ultimas-noticias","34":"tag-ultimasnoticias","35":"tag-world","36":"tag-world-news","37":"tag-worldnews"},"share_on_mastodon":{"url":"https:\/\/pubeurope.com\/@pt\/115696620261513310","error":""},"_links":{"self":[{"href":"https:\/\/www.europesays.com\/pt\/wp-json\/wp\/v2\/posts\/183119","targetHints":{"allow":["GET"]}}],"collection":[{"href":"https:\/\/www.europesays.com\/pt\/wp-json\/wp\/v2\/posts"}],"about":[{"href":"https:\/\/www.europesays.com\/pt\/wp-json\/wp\/v2\/types\/post"}],"author":[{"embeddable":true,"href":"https:\/\/www.europesays.com\/pt\/wp-json\/wp\/v2\/users\/2"}],"replies":[{"embeddable":true,"href":"https:\/\/www.europesays.com\/pt\/wp-json\/wp\/v2\/comments?post=183119"}],"version-history":[{"count":0,"href":"https:\/\/www.europesays.com\/pt\/wp-json\/wp\/v2\/posts\/183119\/revisions"}],"wp:featuredmedia":[{"embeddable":true,"href":"https:\/\/www.europesays.com\/pt\/wp-json\/wp\/v2\/media\/183120"}],"wp:attachment":[{"href":"https:\/\/www.europesays.com\/pt\/wp-json\/wp\/v2\/media?parent=183119"}],"wp:term":[{"taxonomy":"category","embeddable":true,"href":"https:\/\/www.europesays.com\/pt\/wp-json\/wp\/v2\/categories?post=183119"},{"taxonomy":"post_tag","embeddable":true,"href":"https:\/\/www.europesays.com\/pt\/wp-json\/wp\/v2\/tags?post=183119"}],"curies":[{"name":"wp","href":"https:\/\/api.w.org\/{rel}","templated":true}]}}