{"id":183135,"date":"2025-12-10T18:22:17","date_gmt":"2025-12-10T18:22:17","guid":{"rendered":"https:\/\/www.europesays.com\/pt\/183135\/"},"modified":"2025-12-10T18:22:17","modified_gmt":"2025-12-10T18:22:17","slug":"iphone-fold-pode-ser-pedra-no-charco-nos-telemoveis-dobraveis","status":"publish","type":"post","link":"https:\/\/www.europesays.com\/pt\/183135\/","title":{"rendered":"iPhone Fold pode ser &#8216;pedra no charco&#8217; nos telem\u00f3veis dobr\u00e1veis"},"content":{"rendered":"<p>Acredita-se que a Apple anunciar\u00e1 oficialmente o seu primeiro telem\u00f3vel de ecr\u00e3 dobr\u00e1vel &#8211; conhecido de momento como iPhone Fold &#8211; no pr\u00f3ximo ano e, dado que \u00e9 o primeiro dispositivo m\u00f3vel da Apple para esta categoria, as expectativas est\u00e3o elevadas tendo em conta a posi\u00e7\u00e3o destacada da \u2018Empresa da Ma\u00e7\u00e3\u2019 no mercado mobile.<\/p>\n<p>Agora, a <a href=\"https:\/\/my.idc.com\/getdoc.jsp?containerId=prUS54017625\" target=\"_blank\" rel=\"noopener nofollow\">IDC lan\u00e7ou um relat\u00f3rio<\/a> onde indica que o iPhone Fold poder\u00e1 ter um grande impacto na categoria de telem\u00f3veis dobr\u00e1veis. O relat\u00f3rio nota que o iPhone Fold poder\u00e1 conquistar 22% deste mercado logo em 2026, notando que o interesse em torno deste tipo de dispositivos m\u00f3veis tamb\u00e9m dever\u00e1 ter um crescimento consider\u00e1vel.<\/p>\n<p>Acredita-se que, no pr\u00f3ximo ano, o mercado de telem\u00f3veis dobr\u00e1veis com sistema operativo Android dever\u00e1 ter uma quota de mercado de 61%. J\u00e1 os dobr\u00e1veis com sistema HarmonyOS (vendidos pela Huawei) dever\u00e1 ter 17% do mercado.<\/p>\n<p>                                                    <img decoding=\"async\" src=\"https:\/\/www.europesays.com\/pt\/wp-content\/uploads\/2025\/12\/naom_68c12cadc4286.jpg\" border=\"0\" alt=\"iPhone Air perdeu quase metade do valor desde o lan\u00e7amento\"\/><\/p>\n<p>O telem\u00f3vel ultrafino da Apple, o iPhone Air, perdeu entre 40,3% a 47,7% do valor original desde que foi lan\u00e7ado. O modelo \u00e9 o tamb\u00e9m o menos vendido da s\u00e9rie iPhone 17.<\/p>\n<p>                                                    \u00a0Miguel Patinha Dias | 18:00 &#8211; 07\/12\/2025 <\/p>\n<p>Os rumores sobre o iPhone Fold indicam que este ser\u00e1 <a href=\"https:\/\/www.noticiasaominuto.com\/tech\/2898563\/apple-vai-lancar-menos-modelos-do-iphone-em-2026\" target=\"_blank\" rel=\"noopener nofollow\">um dos tr\u00eas telem\u00f3veis<\/a> que a Apple lan\u00e7ar\u00e1 na segunda metade de 2026 &#8211; a par do iPhone 18 Pro e iPhone 18 Pro Max. O iPhone 18 s\u00f3 dever\u00e1 chegar ao mercado no primeiro trimestre de 2027 juntamente com o iPhone 18e.<\/p>\n<p>Quanto ao iPhone Fold, os rumores que t\u00eam circulado indicam que o telem\u00f3vel contar\u00e1 com um ecr\u00e3 interior flex\u00edvel de 7,58 polegadas e um ecr\u00e3 exterior de 5,8 polegadas e tamb\u00e9m estar\u00e1 equipado com uma bateria maior do que se encontra atualmente presente no iPhone 17 Pro Max.<\/p>\n<p>Leia Tamb\u00e9m: <a href=\"https:\/\/www.noticiasaominuto.com\/tech\/2901531\/ha-bons-motivos-para-ficar-entusiasmado-com-o-iphone-18\" target=\"_blank\" rel=\"noopener noreferrer nofollow\">H\u00e1 bons motivos para ficar entusiasmado com o iPhone 18<\/a><\/p>\n","protected":false},"excerpt":{"rendered":"Acredita-se que a Apple anunciar\u00e1 oficialmente o seu primeiro telem\u00f3vel de ecr\u00e3 dobr\u00e1vel &#8211; conhecido de momento como&hellip;\n","protected":false},"author":2,"featured_media":183136,"comment_status":"","ping_status":"","sticky":false,"template":"","format":"standard","meta":{"footnotes":""},"categories":[84],"tags":[109,107,108,32,33,105,103,104,106,110],"class_list":{"0":"post-183135","1":"post","2":"type-post","3":"status-publish","4":"format-standard","5":"has-post-thumbnail","7":"category-ciencia-e-tecnologia","8":"tag-ciencia","9":"tag-ciencia-e-tecnologia","10":"tag-cienciaetecnologia","11":"tag-portugal","12":"tag-pt","13":"tag-science","14":"tag-science-and-technology","15":"tag-scienceandtechnology","16":"tag-technology","17":"tag-tecnologia"},"share_on_mastodon":{"url":"https:\/\/pubeurope.com\/@pt\/115696667554827784","error":""},"_links":{"self":[{"href":"https:\/\/www.europesays.com\/pt\/wp-json\/wp\/v2\/posts\/183135","targetHints":{"allow":["GET"]}}],"collection":[{"href":"https:\/\/www.europesays.com\/pt\/wp-json\/wp\/v2\/posts"}],"about":[{"href":"https:\/\/www.europesays.com\/pt\/wp-json\/wp\/v2\/types\/post"}],"author":[{"embeddable":true,"href":"https:\/\/www.europesays.com\/pt\/wp-json\/wp\/v2\/users\/2"}],"replies":[{"embeddable":true,"href":"https:\/\/www.europesays.com\/pt\/wp-json\/wp\/v2\/comments?post=183135"}],"version-history":[{"count":0,"href":"https:\/\/www.europesays.com\/pt\/wp-json\/wp\/v2\/posts\/183135\/revisions"}],"wp:featuredmedia":[{"embeddable":true,"href":"https:\/\/www.europesays.com\/pt\/wp-json\/wp\/v2\/media\/183136"}],"wp:attachment":[{"href":"https:\/\/www.europesays.com\/pt\/wp-json\/wp\/v2\/media?parent=183135"}],"wp:term":[{"taxonomy":"category","embeddable":true,"href":"https:\/\/www.europesays.com\/pt\/wp-json\/wp\/v2\/categories?post=183135"},{"taxonomy":"post_tag","embeddable":true,"href":"https:\/\/www.europesays.com\/pt\/wp-json\/wp\/v2\/tags?post=183135"}],"curies":[{"name":"wp","href":"https:\/\/api.w.org\/{rel}","templated":true}]}}