{"id":183139,"date":"2025-12-10T18:24:21","date_gmt":"2025-12-10T18:24:21","guid":{"rendered":"https:\/\/www.europesays.com\/pt\/183139\/"},"modified":"2025-12-10T18:24:21","modified_gmt":"2025-12-10T18:24:21","slug":"eua-fazem-aviso-a-zelensky-restam-lhe-dias-para-dizer-sim-a-acordo-com-a-russia","status":"publish","type":"post","link":"https:\/\/www.europesays.com\/pt\/183139\/","title":{"rendered":"EUA fazem aviso a Zelensky: restam-lhe dias para dizer \u2018sim\u2019 a acordo com a R\u00fassia"},"content":{"rendered":"<p class=\"category\"><a href=\"https:\/\/sicnoticias.pt\/especiais\/guerra-russia-ucrania\" rel=\"nofollow noopener\" target=\"_blank\">Guerra R\u00fassia-Ucr\u00e2nia<\/a><\/p>\n<p>De acordo com o Financial Times, a administra\u00e7\u00e3o Trump deu apenas dias ao presidente da Ucr\u00e2nia para aceitar o plano de paz proposto pelos EUA. Zelensky promete responder \u201cem breve\u201d.\u00a0<\/p>\n<p><img decoding=\"async\" src=\"https:\/\/www.europesays.com\/pt\/wp-content\/uploads\/2025\/12\/1765391061_963_original.webp\" alt=\"EUA fazem aviso a Zelensky: restam-lhe dias para dizer \u2018sim\u2019 a acordo com a R\u00fassia\"\/><\/p>\n<p>Francesco Fotia\/Reuters<\/p>\n<p style=\"text-align: start;\"><strong>Os Estados Unidos da Am\u00e9rica (EUA) avisam a Ucr\u00e2nia de que tem poucos dias para responder ao acordo que prev\u00ea a perda de territ\u00f3rio.<\/strong><strong>\u00a0<\/strong><\/p>\n<p style=\"text-align: start;\">O <strong>enviado especial norte-americano Steve <\/strong><strong>Witkoff<\/strong><strong> e o genro de <\/strong><strong>Donald<\/strong><strong> <\/strong><strong>Trump<\/strong><strong>, Jared <\/strong><strong>Kushner<\/strong><strong>, ter\u00e3o <\/strong><strong>avisado <\/strong><strong>Volodymyr<\/strong><strong> <\/strong><strong>Zelensky<\/strong><strong> <\/strong><strong>de <\/strong><strong>que tem de <\/strong><strong>toma<\/strong><strong>r<\/strong><strong> uma decis\u00e3o <\/strong>sobre o acordo dentro de dias. \u00a0<\/p>\n<p>Zelensky promete enviar &#8220;em breve&#8221; plano revisto\u00a0<\/p>\n<p style=\"text-align: start;\">O presidente ucraniano, Volodymyr <strong>Zelensky<\/strong><strong>, afirmou<\/strong><strong>, esta ter\u00e7a-feira, <\/strong><strong>que vai enviar &#8220;em breve&#8221; uma vers\u00e3o revista do <\/strong><a href=\"https:\/\/sicnoticias.pt\/especiais\/guerra-russia-ucrania\/2025-11-21-os-28-pontos-do-plano-de-paz-que-os-eua-apresentaram-a-ucrania-c7f9e770\" target=\"_blank\" rel=\"noopener noreferrer nofollow\"><strong>plano de paz proposto pelos Estados Unidos<\/strong><\/a> ao hom\u00f3logo norte-americano, Donald Trump, ap\u00f3s uma s\u00e9rie de contactos com l\u00edderes europeus.\u00a0<\/p>\n<blockquote style=\"text-align: start;\"><p>&#8220;Estamos empenhados numa paz verdadeira e mantemos um contacto constante com os Estados Unidos. E, como os nossos parceiros nas equipas de negocia\u00e7\u00e3o apontam corretamente, tudo depende de a R\u00fassia estar preparada para tomar medidas eficazes para travar o derramamento de sangue e evitar que uma nova guerra ecloda&#8221;, declarou numa mensagem divulgada na rede X, durante um encontro em Roma com a primeira-ministra italiana, Giorgia Meloni.\u00a0<\/p><\/blockquote>\n<p style=\"text-align: start;\">A reuni\u00e3o ocorre depois de Volodymyr Zelensky se ter <strong>encontr<\/strong><strong>ado no dia anterior, em <\/strong><a href=\"https:\/\/sicnoticias.pt\/especiais\/guerra-russia-ucrania\/2025-12-06-zelensky-reune-se-em-londres-com-macron-starmer-e-merz-para-discutir-mediacao-dos-eua-da-guerra-5fc379fe\" target=\"_blank\" rel=\"noopener noreferrer nofollow\"><strong>Londre<\/strong><strong>s<\/strong><\/a><strong> e <\/strong><a href=\"https:\/\/sicnoticias.pt\/especiais\/guerra-russia-ucrania\/2025-12-08-zelensky-em-bruxelas-para-reuniao-com-rutte-costa-e-von-der-leyen-6ce77332\" target=\"_blank\" rel=\"noopener noreferrer nofollow\"><strong>Bruxelas<\/strong><\/a><strong>, com parceiros europeus e da NATO<\/strong>, e em plenas <strong>negocia\u00e7\u00f5es bilaterais dos enviados da Casa Branca com a R\u00fassia <\/strong>sobre o fim do conflito iniciado com a invas\u00e3o russa da Ucr\u00e2nia, em fevereiro de 2022.\u00a0 \u00a0<\/p>\n<blockquote style=\"text-align: start;\"><p>&#8220;Estamos a trabalhar ativamente em todos os elementos de poss\u00edveis medidas para o fim da guerra. As propostas ucranianas e europeias est\u00e3o agora mais avan\u00e7adas e estamos preparados para apresent\u00e1-las aos nossos parceiros nos Estados Unidos&#8221;, indicou o Presidente ucraniano, que espera &#8220;tornar estas medidas vi\u00e1veis o mais rapidamente poss\u00edvel&#8221;.\u00a0<\/p><\/blockquote>\n<p style=\"text-align: start;\">Ao receber Zelensky no p\u00e1tio do Pal\u00e1cio Chigi, sede do Governo italiano, Meloni, aliada de Trump na Europa e que sempre demonstrou apoio a Kiev, cumprimentou-o com um abra\u00e7o, tendo depois realizado uma reuni\u00e3o \u00e0 porta fechada de uma hora e meia.\u00a0<\/p>\n<p style=\"text-align: start;\">Mais tarde, o Presidente ucraniano relatou, atrav\u00e9s da rede X, que a reuni\u00e3o tinha sido &#8220;excelente e muito substancial&#8221;, na qual foram abordados &#8220;todos os aspetos&#8221; da situa\u00e7\u00e3o diplom\u00e1tica.\u00a0<\/p>\n<blockquote style=\"text-align: start;\"><p>&#8220;Agradecemos o papel ativo da It\u00e1lia na cria\u00e7\u00e3o de ideias pr\u00e1ticas e na defini\u00e7\u00e3o de medidas para aproximar a paz. Informei-a sobre o trabalho da nossa equipa de negocia\u00e7\u00e3o e estamos a coordenar os nossos esfor\u00e7os diplom\u00e1ticos. Estamos extremamente gratos pelo apoio cont\u00ednuo da It\u00e1lia; isto \u00e9 importante para a Ucr\u00e2nia&#8221;, expressou Zelensky.\u00a0<\/p><\/blockquote>\n<p style=\"text-align: start;\">O <strong>p<\/strong><strong>residente ucraniano agradeceu tamb\u00e9m \u00e0 primeira-ministra italiana pelo pacote de ajuda prometido <\/strong>e pelo fornecimento de geradores de energia.\u00a0<\/p>\n<blockquote style=\"text-align: start;\"><p>&#8220;\u00c9 exatamente isto que vai apoiar as fam\u00edlias ucranianas, o nosso povo, as nossas crian\u00e7as e o quotidiano nas nossas cidades e comunidades, que continuam a sofrer constantes ataques russos. Precisamos de proteger vidas. Obrigado, It\u00e1lia!&#8221;, concluiu.\u00a0<\/p><\/blockquote>\n<p style=\"text-align: start;\">Antes de se reunir com Meloni, Zelensky <a href=\"https:\/\/sicnoticias.pt\/especiais\/guerra-russia-ucrania\/2025-12-09-papa-leao-xiv-reune-se-com-zelensky-e-apela-a-continuacao-do-dialogo-5a4e4f03\" target=\"_blank\" rel=\"noopener noreferrer nofollow\">visitou o Papa Le\u00e3o XIV<\/a> na sua resid\u00eancia em Castel Gandolfo, perto de Roma. Durante a audi\u00eancia, o <strong>pont\u00edfice norte-americano reiterou &#8220;a necessidade de continuar o di\u00e1logo<\/strong> e renovou o seu desejo urgente de que as iniciativas diplom\u00e1ticas em curso conduzam a uma paz justa e duradoura&#8221;, segundo um comunicado da Santa S\u00e9.\u00a0<\/p>\n<p style=\"text-align: start;\">O presidente ucraniano anunciou na segunda-feira que <strong>Kiev est\u00e1 a preparar um plano alternativo para apresentar aos negociadores de Washington<\/strong>, ao mesmo tempo que reafirmou que <strong>n\u00e3o ceder\u00e1 qualquer territ\u00f3rio \u00e0 <\/strong><strong>R\u00fassia<\/strong>. \u00a0<\/p>\n<p>Elei\u00e7\u00f5es? &#8220;Estou sempre pronto&#8221;<\/p>\n<p style=\"text-align: start;\">Por outro lado, Zelensky respondeu ainda aos jornalistas que o questionaram, \u00e0 sa\u00edda de um hotel em Roma, sobre o <strong>apelo de <\/strong><strong>Trump<\/strong><strong> para a realiza\u00e7\u00e3o de elei\u00e7\u00f5es na Ucr\u00e2nia<\/strong>, deixada numa <a href=\"https:\/\/sicnoticias.pt\/mundo\/2025-12-09-trump-arrasa-lideres-europeus-sao-fracos-e-nao-sabem-o-que-fazem-02ab10c8?utm_source=sicnot&amp;utm_medium=root&amp;utm_campaign=WEB&amp;utm_content=\/mundo\/2025-12-09-trump-arrasa-lideres-europeus-sao-fracos-e-nao-sabem-o-que-fazem-02ab10c8\" target=\"_blank\" rel=\"noopener noreferrer nofollow\">entrevista publicada pelo Politico<\/a>. \u00a0<\/p>\n<blockquote style=\"text-align: start;\"><p>&#8220;Estou sempre pronto&#8221;, respondeu sucintamente. \u00a0<\/p><\/blockquote>\n<p style=\"text-align: start;\">O <strong>mandato de cinco anos de <\/strong><strong>Zelensky<\/strong><strong> deveria ter terminado em maio do ano passado<\/strong>, mas <strong>n\u00e3o foram realizadas elei\u00e7\u00f5es devido \u00e0 lei marcial imposta por causa da guerra<\/strong> com a R\u00fassia.\u00a0<\/p>\n<p style=\"text-align: start;\">A retirada da regi\u00e3o do Donbass, bem como a ren\u00fancia da Ucr\u00e2nia \u00e0 ades\u00e3o \u00e0 NATO, a garantias de seguran\u00e7a e \u00e0s repara\u00e7\u00f5es russas no p\u00f3s-guerra, s\u00e3o alguns dos pontos em que nem as partes beligerantes nem os mediadores conseguiram chegar a um acordo.\u00a0<\/p>\n<p style=\"text-align: start;\">Na \u00faltima semana, as negocia\u00e7\u00f5es foram marcadas por encontros entre o enviado especial da Casa Branca, Steve Witkoff, e o l\u00edder russo, Vladimir Putin, em Moscovo, e com o negociador ucraniano Rustem Umerov em Miami, sem que tenha sido alcan\u00e7ado qualquer acordo at\u00e9 ao momento.\u00a0<\/p>\n","protected":false},"excerpt":{"rendered":"Guerra R\u00fassia-Ucr\u00e2nia De acordo com o Financial Times, a administra\u00e7\u00e3o Trump deu apenas dias ao presidente da Ucr\u00e2nia&hellip;\n","protected":false},"author":2,"featured_media":183140,"comment_status":"","ping_status":"","sticky":false,"template":"","format":"standard","meta":{"footnotes":""},"categories":[50],"tags":[27,28,15,16,14,25,26,21,22,62,12,13,19,20,23,24,17,18,29,30,31,63,64,65],"class_list":{"0":"post-183139","1":"post","2":"type-post","3":"status-publish","4":"format-standard","5":"has-post-thumbnail","7":"category-mundo","8":"tag-breaking-news","9":"tag-breakingnews","10":"tag-featured-news","11":"tag-featurednews","12":"tag-headlines","13":"tag-latest-news","14":"tag-latestnews","15":"tag-main-news","16":"tag-mainnews","17":"tag-mundo","18":"tag-news","19":"tag-noticias","20":"tag-noticias-principais","21":"tag-noticiasprincipais","22":"tag-principais-noticias","23":"tag-principaisnoticias","24":"tag-top-stories","25":"tag-topstories","26":"tag-ultimas","27":"tag-ultimas-noticias","28":"tag-ultimasnoticias","29":"tag-world","30":"tag-world-news","31":"tag-worldnews"},"share_on_mastodon":{"url":"https:\/\/pubeurope.com\/@pt\/115696675414140686","error":""},"_links":{"self":[{"href":"https:\/\/www.europesays.com\/pt\/wp-json\/wp\/v2\/posts\/183139","targetHints":{"allow":["GET"]}}],"collection":[{"href":"https:\/\/www.europesays.com\/pt\/wp-json\/wp\/v2\/posts"}],"about":[{"href":"https:\/\/www.europesays.com\/pt\/wp-json\/wp\/v2\/types\/post"}],"author":[{"embeddable":true,"href":"https:\/\/www.europesays.com\/pt\/wp-json\/wp\/v2\/users\/2"}],"replies":[{"embeddable":true,"href":"https:\/\/www.europesays.com\/pt\/wp-json\/wp\/v2\/comments?post=183139"}],"version-history":[{"count":0,"href":"https:\/\/www.europesays.com\/pt\/wp-json\/wp\/v2\/posts\/183139\/revisions"}],"wp:featuredmedia":[{"embeddable":true,"href":"https:\/\/www.europesays.com\/pt\/wp-json\/wp\/v2\/media\/183140"}],"wp:attachment":[{"href":"https:\/\/www.europesays.com\/pt\/wp-json\/wp\/v2\/media?parent=183139"}],"wp:term":[{"taxonomy":"category","embeddable":true,"href":"https:\/\/www.europesays.com\/pt\/wp-json\/wp\/v2\/categories?post=183139"},{"taxonomy":"post_tag","embeddable":true,"href":"https:\/\/www.europesays.com\/pt\/wp-json\/wp\/v2\/tags?post=183139"}],"curies":[{"name":"wp","href":"https:\/\/api.w.org\/{rel}","templated":true}]}}