{"id":183158,"date":"2025-12-10T18:41:18","date_gmt":"2025-12-10T18:41:18","guid":{"rendered":"https:\/\/www.europesays.com\/pt\/183158\/"},"modified":"2025-12-10T18:41:18","modified_gmt":"2025-12-10T18:41:18","slug":"este-grafico-mostra-os-melhores-veiculos-eletricos-para-os-climas-frios-e-a-tesla-domina","status":"publish","type":"post","link":"https:\/\/www.europesays.com\/pt\/183158\/","title":{"rendered":"Este gr\u00e1fico mostra os melhores ve\u00edculos el\u00e9tricos para os climas frios, e a Tesla domina"},"content":{"rendered":"<p>Embora n\u00e3o seja linear que os carros el\u00e9tricos perdem autonomia no inverno ou nos climas mais frios, um gr\u00e1fico recente mostra os melhores ve\u00edculos para as condi\u00e7\u00f5es mais extremas, dando destaque \u00e0 Tesla.<\/p>\n<p><a target=\"_blank\" href=\"https:\/\/pplware.sapo.pt\/wp-content\/uploads\/2023\/05\/eletrico_frio00.jpg\" onclick=\"refreshIframe()\" class=\"foobox\" rel=\"nofollow noopener\"><img fetchpriority=\"high\" decoding=\"async\" src=\"https:\/\/www.europesays.com\/pt\/wp-content\/uploads\/2025\/12\/eletrico_frio00-720x405.jpg\" alt=\"Carro el\u00e9trico no frio\" width=\"720\" height=\"405\" class=\"aligncenter size-medium wp-image-924467\"  \/><\/a>\n<\/p>\n<p>O relat\u00f3rio da empresa especializada na sa\u00fade das baterias para carros el\u00e9tricos, <a target=\"_blank\" href=\"https:\/\/www.recurrentauto.com\/research\/winter-ev-range-loss\" rel=\"nofollow noopener\">Recurrent Auto<\/a>, oferece um ranking dos carros com melhor desempenho no inverno.<\/p>\n<p>\u00c0 medida que a tecnologia evolui, o frio deixa de ser um problema para os carros el\u00e9tricos, com as bombas de calor a desempenharem um papel fundamental.<\/p>\n<p>Ali\u00e1s, um gr\u00e1fico da Recurrent Auto mostra a diferen\u00e7a de desempenho de um Tesla Model 3 do ano 2020, sem o componente mec\u00e2nico, e outro Model 3 do ano seguinte, equipado com uma bomba de calor.<\/p>\n<p><a target=\"_blank\" href=\"https:\/\/www.europesays.com\/pt\/wp-content\/uploads\/2025\/12\/model3_tesla_autonomia_bomba-de-calor.png\" onclick=\"refreshIframe()\" class=\"foobox\"><img loading=\"lazy\" decoding=\"async\" src=\"https:\/\/www.europesays.com\/pt\/wp-content\/uploads\/2025\/12\/model3_tesla_autonomia_bomba-de-calor.png\" alt=\"\" width=\"720\" height=\"654\" class=\"aligncenter size-full wp-image-1092644\"  \/><\/a><\/p>\n<p>De facto, um ve\u00edculo com bomba de calor perde muito menos autonomia relativamente \u00e0 original a baixas temperaturas: no carro, este componente transfere o calor do ar exterior, mesmo com frio l\u00e1 fora, usando refrigerante e compress\u00e3o para produzir ar quente.<\/p>\n<p>Segundo o relat\u00f3rio da Recurrent Auto, &#8220;todos os carros perdem efici\u00eancia com o frio; sejam a gasolina ou el\u00e9tricos, a autonomia geral diminui e o custo do combust\u00edvel aumenta nos climas invernais mais rigorosos; essa \u00e9 uma m\u00e1 not\u00edcia para todos os condutores, independentemente do motor&#8221;.<\/p>\n<p>El\u00e9trico com melhor autonomia no inverno conservou 88% do seu alcance<\/p>\n<p>Com n\u00fameros exatos reunidos dos 34 carros el\u00e9tricos mais populares no mercado norte-americano, a empresa revela que a 0 \u00b0C os carros el\u00e9tricos mant\u00eam 78% da sua autonomia m\u00e1xima, em m\u00e9dia; a -7 \u00b0C, por exemplo, mant\u00eam 70%.<\/p>\n<p><a target=\"_blank\" href=\"https:\/\/pplware.sapo.pt\/wp-content\/uploads\/2025\/12\/eletricos_melhor_autonomia_inverno_recurrent-scaled.jpg\" onclick=\"refreshIframe()\" class=\"foobox\" rel=\"nofollow noopener\"><img loading=\"lazy\" decoding=\"async\" src=\"https:\/\/www.europesays.com\/pt\/wp-content\/uploads\/2025\/12\/eletricos_melhor_autonomia_inverno_recurrent-406x720.jpg\" alt=\"\" width=\"720\" height=\"1276\" class=\"aligncenter wp-image-1092646\"  \/><\/a><\/p>\n<p>O modelo com melhor autonomia no inverno conseguiu conservar 88% da sua autonomia a 0 \u00b0C, enquanto o pior caiu para 69%. De acordo com o relat\u00f3rio, uma bomba de calor pode facilmente aumentar a autonomia dos carros el\u00e9tricos nestas condi\u00e7\u00f5es em 10%.<\/p>\n<p>Como <a target=\"_blank\" href=\"https:\/\/forococheselectricos.com\/movilidad\/coches-electricos-invierno-bomba-calor-tecnologia-mejor-rendimiento-20251209-39180.html\" rel=\"nofollow noopener\">explicado<\/a> pela Recurrent Auto, isto acontece nos carros el\u00e9tricos por duas raz\u00f5es principais:<\/p>\n<ul>\n<li>Uma quest\u00e3o qu\u00edmica e f\u00edsica, em que as rea\u00e7\u00f5es dos motores e das baterias ocorrem mais lentamente em baixas temperaturas;<\/li>\n<li>O uso do aquecimento para manter os passageiros do ve\u00edculo aquecidos durante a viagem. Geralmente, a energia necess\u00e1ria para isto \u00e9 retirada da bateria de alta tens\u00e3o, reduzindo a autonomia.<\/li>\n<\/ul>\n<p>Conforme o gr\u00e1fico, a Tesla domina a tabela de modelos que melhor mant\u00eam a <a target=\"_blank\" href=\"https:\/\/pplware.sapo.pt\/motores\/os-carros-eletricos-perdem-autonomia-no-inverno-um-novo-teste-mostra-a-verdade\/\" rel=\"nofollow noopener\">autonomia no inverno<\/a>, com a Cybertruck, o Model S e o Model X, com bomba de calor nos dois \u00faltimos casos, a ocupar o topo da tabela. Pouco abaixo, a seguir ao Rivian R1S, est\u00e3o mais modelos da fabricante norte-americana: Model y e Model 3.<\/p>\n<p>\u00a0<\/p>\n<p><strong>Leia tamb\u00e9m:<\/strong><\/p>\n","protected":false},"excerpt":{"rendered":"Embora n\u00e3o seja linear que os carros el\u00e9tricos perdem autonomia no inverno ou nos climas mais frios, um&hellip;\n","protected":false},"author":2,"featured_media":183159,"comment_status":"","ping_status":"","sticky":false,"template":"","format":"standard","meta":{"footnotes":""},"categories":[83],"tags":[26008,88,744,89,90,9086,32,33],"class_list":{"0":"post-183158","1":"post","2":"type-post","3":"status-publish","4":"format-standard","5":"has-post-thumbnail","7":"category-empresas","8":"tag-autonomia","9":"tag-business","10":"tag-carro-eletrico","11":"tag-economy","12":"tag-empresas","13":"tag-frio","14":"tag-portugal","15":"tag-pt"},"share_on_mastodon":{"url":"https:\/\/pubeurope.com\/@pt\/115696742668522291","error":""},"_links":{"self":[{"href":"https:\/\/www.europesays.com\/pt\/wp-json\/wp\/v2\/posts\/183158","targetHints":{"allow":["GET"]}}],"collection":[{"href":"https:\/\/www.europesays.com\/pt\/wp-json\/wp\/v2\/posts"}],"about":[{"href":"https:\/\/www.europesays.com\/pt\/wp-json\/wp\/v2\/types\/post"}],"author":[{"embeddable":true,"href":"https:\/\/www.europesays.com\/pt\/wp-json\/wp\/v2\/users\/2"}],"replies":[{"embeddable":true,"href":"https:\/\/www.europesays.com\/pt\/wp-json\/wp\/v2\/comments?post=183158"}],"version-history":[{"count":0,"href":"https:\/\/www.europesays.com\/pt\/wp-json\/wp\/v2\/posts\/183158\/revisions"}],"wp:featuredmedia":[{"embeddable":true,"href":"https:\/\/www.europesays.com\/pt\/wp-json\/wp\/v2\/media\/183159"}],"wp:attachment":[{"href":"https:\/\/www.europesays.com\/pt\/wp-json\/wp\/v2\/media?parent=183158"}],"wp:term":[{"taxonomy":"category","embeddable":true,"href":"https:\/\/www.europesays.com\/pt\/wp-json\/wp\/v2\/categories?post=183158"},{"taxonomy":"post_tag","embeddable":true,"href":"https:\/\/www.europesays.com\/pt\/wp-json\/wp\/v2\/tags?post=183158"}],"curies":[{"name":"wp","href":"https:\/\/api.w.org\/{rel}","templated":true}]}}