{"id":183168,"date":"2025-12-10T18:48:11","date_gmt":"2025-12-10T18:48:11","guid":{"rendered":"https:\/\/www.europesays.com\/pt\/183168\/"},"modified":"2025-12-10T18:48:11","modified_gmt":"2025-12-10T18:48:11","slug":"abel-ate-2027-renovacao-anunciada-mas-leila-quer-um-ciclo-de-dez-anos-do-tecnico-com-ela-no-poder-ate-2030-r7-esportes","status":"publish","type":"post","link":"https:\/\/www.europesays.com\/pt\/183168\/","title":{"rendered":"Abel at\u00e9 2027. Renova\u00e7\u00e3o anunciada. Mas Leila quer um ciclo de dez anos do t\u00e9cnico. Com ela no poder at\u00e9 2030 \u2013 R7 Esportes"},"content":{"rendered":"<p><img decoding=\"async\" data-chromatic=\"ignore\" alt=\"\" class=\"c-image\" loading=\"lazy\" src=\"https:\/\/www.europesays.com\/pt\/wp-content\/uploads\/2025\/12\/NLV7DGZTS5BCJJ3GQAQE7DUVK4.jpg\"  width=\"771\" height=\"417\"\/>Leila s\u00f3 confia em Abel Ferreira. N\u00e3o quer nenhum outro treinador no Palmeiras, enquanto ela for a presidente Cesar Greco\/Palmeiras <\/p>\n<p class=\"jarvics:base-text-neutral-high-400 base-text-[calc(theme(fontSize.xs)_*_var(--font-size,_1))] base-font-normal base-font-primary base-text-neutral-low-500 base-text-left\"><b>Muito orgulhosa, Leila Pereira come\u00e7ou esta quarta-feira recebendo in\u00fameras mensagens elogiosas.<\/b><\/p>\n<p class=\"jarvics:base-text-neutral-high-400 base-text-[calc(theme(fontSize.xs)_*_var(--font-size,_1))] base-font-normal base-font-primary base-text-neutral-low-500 base-text-left\"><b>Conselheiros e amigos a parabenizavam pelo an\u00fancio da perman\u00eancia de Abel Ferreira por mais dois anos.<\/b><\/p>\n<p class=\"jarvics:base-text-neutral-high-400 base-text-[calc(theme(fontSize.xs)_*_var(--font-size,_1))] base-font-normal base-font-primary base-text-neutral-low-500 base-text-left\"><b>At\u00e9 2027.<\/b><\/p>\n<p class=\"jarvics:base-text-neutral-high-400 base-text-[calc(theme(fontSize.xs)_*_var(--font-size,_1))] base-font-normal base-font-primary base-text-neutral-low-500 base-text-left\"><b>A dirigente conseguiu o que parecia muito dif\u00edcil no in\u00edcio do ano, quando o portugu\u00eas se mostrava disposto a voltar para a Europa no final deste contrato.<\/b><\/p>\n<p class=\"jarvics:base-text-neutral-high-400 base-text-[calc(theme(fontSize.xs)_*_var(--font-size,_1))] base-font-normal base-font-primary base-text-neutral-low-500 base-text-left\"><b>S\u00f3 que ela seguiu constantemente insistindo. Leila j\u00e1 revelou ao executivo Anderson Barros: n\u00e3o imagina e nem quer qualquer outra pessoa no comando do futebol do Palmeiras, sob sua presid\u00eancia, sem ser Abel Ferreira.<\/b><\/p>\n<p class=\"jarvics:base-text-neutral-high-400 base-text-[calc(theme(fontSize.xs)_*_var(--font-size,_1))] base-font-normal base-font-primary base-text-neutral-low-500 base-text-left\"><b>A confian\u00e7a \u00e9 absoluta.<\/b><\/p>\n<p class=\"jarvics:base-text-neutral-high-400 base-text-[calc(theme(fontSize.xs)_*_var(--font-size,_1))] base-font-normal base-font-primary base-text-neutral-low-500 base-text-left\"><b>E o portugu\u00eas tamb\u00e9m passou a ter certeza que, em nenhum outro clube, ter\u00e1 tanto apoio quanto recebe no Palmeiras.<\/b><\/p>\n<p class=\"jarvics:base-text-neutral-high-400 base-text-[calc(theme(fontSize.xs)_*_var(--font-size,_1))] base-font-normal base-font-primary base-text-neutral-low-500 base-text-left\"><b>L\u00f3gico que ele segue sonhando com a proposta de um gigante europeu, para evoluir na sua carreira. E ele via a oportunidade real de mostrar do que \u00e9 capaz no Mundial de Clubes. Isso porque os europeus n\u00e3o valorizam o que acontece na Am\u00e9rica do Sul. O desempenho do Palmeiras foi frustrante.<\/b><\/p>\n<p class=\"jarvics:base-text-neutral-high-400 base-text-[calc(theme(fontSize.xs)_*_var(--font-size,_1))] base-font-normal base-font-primary base-text-neutral-low-500 base-text-left\"><b>Justamente nesta hora de frustra\u00e7\u00e3o foi que Leila deu seu maior apoio, oferecendo a renova\u00e7\u00e3o de contrato. E carta branca para nova reformula\u00e7\u00e3o no elenco, caso ele queira.<\/b><\/p>\n<p class=\"jarvics:base-text-neutral-high-400 base-text-[calc(theme(fontSize.xs)_*_var(--font-size,_1))] base-font-normal base-font-primary base-text-neutral-low-500 base-text-left\"><b>Abel aceitou, com a condi\u00e7\u00e3o de n\u00e3o haver multa rescis\u00f3ria. Ou seja, nada que o prenda se ele quiser ir embora, a qualquer momento. Leila Pereira aceitou. <\/b><\/p>\n<p class=\"jarvics:base-text-neutral-high-400 base-text-[calc(theme(fontSize.xs)_*_var(--font-size,_1))] base-font-normal base-font-primary base-text-neutral-low-500 base-text-left\"><b>E combinou que n\u00e3o haveria aumento. Ele seguir\u00e1 ganhando, at\u00e9 dezembro de 2027, 500 mil euros, R$ 3,1 milh\u00f5es. Abel aceitou.<\/b><\/p>\n<p class=\"jarvics:base-text-neutral-high-400 base-text-[calc(theme(fontSize.xs)_*_var(--font-size,_1))] base-font-normal base-font-primary base-text-neutral-low-500 base-text-left\"><b>Al\u00e9m do acerto do contrato, h\u00e1 a certeza de que o elenco ser\u00e1 refor\u00e7ado. A come\u00e7ar por Paulinho, que est\u00e1 recuperado das duas cirurgias por fratura de stress.<\/b><\/p>\n<p class=\"jarvics:base-text-neutral-high-400 base-text-[calc(theme(fontSize.xs)_*_var(--font-size,_1))] base-font-normal base-font-primary base-text-neutral-low-500 base-text-left\"><b>O Palmeiras dever\u00e1 fechar o ano com faturamento de R$ 1,7 bilh\u00e3o. E vai investir na contrata\u00e7\u00e3o de atletas. Arias, do Wolverhampton, segue como prioridade. O clube duela com o Flamengo pelo meia. Mas vai buscar outros atletas. Outro interesse premente \u00e9 para a zaga.<\/b><\/p>\n<p><img decoding=\"async\" data-chromatic=\"ignore\" alt=\"\" class=\"c-image\" loading=\"lazy\" src=\"https:\/\/www.europesays.com\/pt\/wp-content\/uploads\/2025\/12\/AKGKC7HNFBALFDAUOXJQFCUQLI.jpg\"  width=\"900\" height=\"540\"\/>Abel Ferreira aposta na volta de t\u00edtulos em 2026. E tem em Paulinho sua grande esperan\u00e7a Cesar Greco\/Palmeiras <\/p>\n<p class=\"jarvics:base-text-neutral-high-400 base-text-[calc(theme(fontSize.xs)_*_var(--font-size,_1))] base-font-normal base-font-primary base-text-neutral-low-500 base-text-left\"><b>Leila teve uma conversa franca com Abel. E teve a certeza que n\u00e3o ficar\u00e1 ref\u00e9m do portugu\u00eas. E entendeu que ele dificilmente sair\u00e1 do Palmeiras. <\/b><\/p>\n<p class=\"jarvics:base-text-neutral-high-400 base-text-[calc(theme(fontSize.xs)_*_var(--font-size,_1))] base-font-normal base-font-primary base-text-neutral-low-500 base-text-left\"><b>S\u00f3 se for uma proposta \u2018excepcional\u2019. Mas ela sentiu que o t\u00e9cnico j\u00e1 planeja a vida nos pr\u00f3ximos dois anos no Brasil. Abel e sua fam\u00edlia est\u00e3o absolutamente adaptados ao Brasil.<\/b><\/p>\n<p class=\"jarvics:base-text-neutral-high-400 base-text-[calc(theme(fontSize.xs)_*_var(--font-size,_1))] base-font-normal base-font-primary base-text-neutral-low-500 base-text-left\"><b>E a dirigente vai al\u00e9m. Aliados est\u00e3o se articulando na busca real de um terceiro mandato para a empres\u00e1ria, mudando o estatuto do clube. Ou seja, ficar at\u00e9 2030. <\/b><\/p>\n<p class=\"jarvics:base-text-neutral-high-400 base-text-[calc(theme(fontSize.xs)_*_var(--font-size,_1))] base-font-normal base-font-primary base-text-neutral-low-500 base-text-left\"><b>E, para surpresa de nenhuma pessoa, ela sonha seguir com Abel Ferreira. Para completar um ciclo de dez anos. Situa\u00e7\u00e3o absolutamente in\u00e9dito.<\/b><\/p>\n<p class=\"jarvics:base-text-neutral-high-400 base-text-[calc(theme(fontSize.xs)_*_var(--font-size,_1))] base-font-normal base-font-primary base-text-neutral-low-500 base-text-left\"><b>N\u00e3o s\u00f3 no Palmeiras.<\/b><\/p>\n<p class=\"jarvics:base-text-neutral-high-400 base-text-[calc(theme(fontSize.xs)_*_var(--font-size,_1))] base-font-normal base-font-primary base-text-neutral-low-500 base-text-left\"><b>Mas na hist\u00f3ria do futebol brasileiro.<\/b><\/p>\n<p class=\"jarvics:base-text-neutral-high-400 base-text-[calc(theme(fontSize.xs)_*_var(--font-size,_1))] base-font-normal base-font-primary base-text-neutral-low-500 base-text-left\"><b>Que ningu\u00e9m duvide de Leila Mejdalani Pereira&#8230;<\/b><\/p>\n<p>Os textos aqui publicados <strong>n\u00e3o refletem<\/strong> necessariamente a opini\u00e3o do<strong> Grupo Record<\/strong>.<\/p>\n","protected":false},"excerpt":{"rendered":"Leila s\u00f3 confia em Abel Ferreira. N\u00e3o quer nenhum outro treinador no Palmeiras, enquanto ela for a presidente&hellip;\n","protected":false},"author":2,"featured_media":183169,"comment_status":"","ping_status":"","sticky":false,"template":"","format":"standard","meta":{"footnotes":""},"categories":[142],"tags":[114,115,524,32,33,151],"class_list":{"0":"post-183168","1":"post","2":"type-post","3":"status-publish","4":"format-standard","5":"has-post-thumbnail","7":"category-tv","8":"tag-entertainment","9":"tag-entretenimento","10":"tag-futebol","11":"tag-portugal","12":"tag-pt","13":"tag-tv"},"share_on_mastodon":{"url":"https:\/\/pubeurope.com\/@pt\/115696770386152266","error":""},"_links":{"self":[{"href":"https:\/\/www.europesays.com\/pt\/wp-json\/wp\/v2\/posts\/183168","targetHints":{"allow":["GET"]}}],"collection":[{"href":"https:\/\/www.europesays.com\/pt\/wp-json\/wp\/v2\/posts"}],"about":[{"href":"https:\/\/www.europesays.com\/pt\/wp-json\/wp\/v2\/types\/post"}],"author":[{"embeddable":true,"href":"https:\/\/www.europesays.com\/pt\/wp-json\/wp\/v2\/users\/2"}],"replies":[{"embeddable":true,"href":"https:\/\/www.europesays.com\/pt\/wp-json\/wp\/v2\/comments?post=183168"}],"version-history":[{"count":0,"href":"https:\/\/www.europesays.com\/pt\/wp-json\/wp\/v2\/posts\/183168\/revisions"}],"wp:featuredmedia":[{"embeddable":true,"href":"https:\/\/www.europesays.com\/pt\/wp-json\/wp\/v2\/media\/183169"}],"wp:attachment":[{"href":"https:\/\/www.europesays.com\/pt\/wp-json\/wp\/v2\/media?parent=183168"}],"wp:term":[{"taxonomy":"category","embeddable":true,"href":"https:\/\/www.europesays.com\/pt\/wp-json\/wp\/v2\/categories?post=183168"},{"taxonomy":"post_tag","embeddable":true,"href":"https:\/\/www.europesays.com\/pt\/wp-json\/wp\/v2\/tags?post=183168"}],"curies":[{"name":"wp","href":"https:\/\/api.w.org\/{rel}","templated":true}]}}