{"id":183211,"date":"2025-12-10T19:13:09","date_gmt":"2025-12-10T19:13:09","guid":{"rendered":"https:\/\/www.europesays.com\/pt\/183211\/"},"modified":"2025-12-10T19:13:09","modified_gmt":"2025-12-10T19:13:09","slug":"damiano-david-abre-o-jogo-sobre-fim-do-maneskin","status":"publish","type":"post","link":"https:\/\/www.europesays.com\/pt\/183211\/","title":{"rendered":"Damiano David abre o jogo sobre fim do\u00a0M\u00e5neskin"},"content":{"rendered":"<p>Em 2021, depois de uma participa\u00e7\u00e3o emblem\u00e1tica no programa Eurovision, o <strong>M\u00e5neskin <\/strong>teve uma ascens\u00e3o mete\u00f3rica \u00e0 fama. Hits como \u201cBeggin&#8217;\u201d se tornaram inevit\u00e1veis e a banda italiana rapidamente aproveitou isso, vindo inclusive para fazer alguns shows no Brasil nos anos seguintes e passando at\u00e9 mesmo no Rock in Rio.<\/p>\n<p>Desde 2024, no entanto, a banda n\u00e3o sobe aos palcos junta e tem basicamente estado em sil\u00eancio sobre planos futuros, com cada integrante ganhando for\u00e7a em seu caminho solo. O vocalista <strong>Damiano David<\/strong>, por exemplo, veio ao Brasil recentemente e est\u00e1 em turn\u00ea com o disco <strong>Funny Little Fears<\/strong>, tendo se apresentado recentemente em Toronto.<\/p>\n<p>Foi no Canad\u00e1 que o cantor aproveitou um momento da performance para desabafar sobre toda essa situa\u00e7\u00e3o e, querendo ou n\u00e3o, dar uma explica\u00e7\u00e3o e perspectiva aos f\u00e3s do M\u00e5neskin sobre o futuro. Em dado momento, ele disse:<\/p>\n<p class=\"has-text-align-center\"><strong>\u201cUm dia, algo quebrou. N\u00e3o na banda, mas dentro de mim, e eu n\u00e3o estava mais curtindo aquilo. Era demais pra mim. Era muita press\u00e3o, muita viagem, tudo era demais. Ent\u00e3o eu tive que tirar um tempo e, durante esse tempo, eu escrevi esse disco. E eu entendi o motivo pelo qual eu estava t\u00e3o triste. A verdade \u00e9 que eu estava vivendo um sonho, mas n\u00e3o era o meu sonho. Eu nunca decidi que esse seria o meu sonho. E atrav\u00e9s desse disco eu entendi o quanto \u00e9 importante poder fazer na verdade o que realmente sentimos dentro de n\u00f3s ao inv\u00e9s do que a gravadora ou as pessoas querem.\u201d<\/strong><\/p>\n<p>Veja o v\u00eddeo ao final da mat\u00e9ria!<\/p>\n<p>Damiano David, carreiras solo e o futuro do M\u00e5neskin<\/p>\n<p>Vale lembrar que, at\u00e9 segunda ordem, n\u00e3o h\u00e1 nenhuma not\u00edcia oficial sobre o fim do M\u00e5neskin. No entanto, cada um dos integrantes tem constru\u00eddo carreiras solo prol\u00edficas, em v\u00e1rios casos fugindo da est\u00e9tica mais tradicionalmente roqueira da banda \u2013 o que pode indicar, no m\u00ednimo, uma mudan\u00e7a sonora em um reencontro futuro.<\/p>\n<p>O disco de Damiano, por exemplo, \u00e9 muito mais voltado ao Pop e Pop Rock, enquanto a baixista <strong>Victoria De Angelis<\/strong> tem rodado o mundo com turn\u00eas como DJ, inclusive tamb\u00e9m passando pelo Brasil nos \u00faltimos meses. Enquanto isso, o baterista <strong>Ethan Torchio<\/strong> tem trabalhado com trilhas sonoras, focando mais no mercado italiano.<\/p>\n<p>Por fim, quem mais se aproxima do caminho da pr\u00f3pria banda \u00e9 o guitarrista <strong>Thomas Raggi<\/strong>, que acabou de lan\u00e7ar um \u00e1lbum bem voltado ao Rock e cheio de participa\u00e7\u00f5es especiais, reunindo nomes como <strong>Chad Smith<\/strong>, <strong>Tom Morello<\/strong>, <strong>Matt Sorum<\/strong> e <strong>Beck<\/strong>, como te contamos <a href=\"https:\/\/www.instagram.com\/p\/DQ5Jgsok1mT\/\" target=\"_blank\" rel=\"noreferrer noopener nofollow\">por aqui<\/a>. <\/p>\n<p>E a\u00ed, tem vontade de v\u00ea-los juntos novamente?<\/p>\n<p>OU\u00c7A AGORA MESMO A PLAYLIST TMDQA! LAN\u00c7AMENTOS<\/p>\n<p>Quer ficar por dentro dos principais lan\u00e7amentos nacionais e internacionais? Siga a\u00a0<strong>Playlist TMDQA! Lan\u00e7amentos e descubra o que h\u00e1 de melhor do mainstream ao underground; aproveite e\u00a0<a href=\"https:\/\/open.spotify.com\/playlist\/05jyAgzDISm9DyKJt4WUj1?si=fa5ec8e47e7f49da\" target=\"_blank\" rel=\"noreferrer noopener nofollow\">siga o TMDQA! no Spotify!<\/a><\/strong><\/p>\n<p>\t<script async src=\"\/\/www.instagram.com\/embed.js\"><\/script><\/p>\n","protected":false},"excerpt":{"rendered":"Em 2021, depois de uma participa\u00e7\u00e3o emblem\u00e1tica no programa Eurovision, o M\u00e5neskin teve uma ascens\u00e3o mete\u00f3rica \u00e0 fama.&hellip;\n","protected":false},"author":2,"featured_media":183212,"comment_status":"","ping_status":"","sticky":false,"template":"","format":"standard","meta":{"footnotes":""},"categories":[145],"tags":[211,210,8000,114,115,37361,32,33],"class_list":{"0":"post-183211","1":"post","2":"type-post","3":"status-publish","4":"format-standard","5":"has-post-thumbnail","7":"category-celebridades","8":"tag-celebridades","9":"tag-celebrities","10":"tag-damiano-david","11":"tag-entertainment","12":"tag-entretenimento","13":"tag-maneskin","14":"tag-portugal","15":"tag-pt"},"share_on_mastodon":{"url":"https:\/\/pubeurope.com\/@pt\/115696867956186186","error":""},"_links":{"self":[{"href":"https:\/\/www.europesays.com\/pt\/wp-json\/wp\/v2\/posts\/183211","targetHints":{"allow":["GET"]}}],"collection":[{"href":"https:\/\/www.europesays.com\/pt\/wp-json\/wp\/v2\/posts"}],"about":[{"href":"https:\/\/www.europesays.com\/pt\/wp-json\/wp\/v2\/types\/post"}],"author":[{"embeddable":true,"href":"https:\/\/www.europesays.com\/pt\/wp-json\/wp\/v2\/users\/2"}],"replies":[{"embeddable":true,"href":"https:\/\/www.europesays.com\/pt\/wp-json\/wp\/v2\/comments?post=183211"}],"version-history":[{"count":0,"href":"https:\/\/www.europesays.com\/pt\/wp-json\/wp\/v2\/posts\/183211\/revisions"}],"wp:featuredmedia":[{"embeddable":true,"href":"https:\/\/www.europesays.com\/pt\/wp-json\/wp\/v2\/media\/183212"}],"wp:attachment":[{"href":"https:\/\/www.europesays.com\/pt\/wp-json\/wp\/v2\/media?parent=183211"}],"wp:term":[{"taxonomy":"category","embeddable":true,"href":"https:\/\/www.europesays.com\/pt\/wp-json\/wp\/v2\/categories?post=183211"},{"taxonomy":"post_tag","embeddable":true,"href":"https:\/\/www.europesays.com\/pt\/wp-json\/wp\/v2\/tags?post=183211"}],"curies":[{"name":"wp","href":"https:\/\/api.w.org\/{rel}","templated":true}]}}