{"id":183214,"date":"2025-12-10T19:18:10","date_gmt":"2025-12-10T19:18:10","guid":{"rendered":"https:\/\/www.europesays.com\/pt\/183214\/"},"modified":"2025-12-10T19:18:10","modified_gmt":"2025-12-10T19:18:10","slug":"locais-iconicos-sao-cenario-de-filme-com-larissa-manoela-que-estreia-nesta-quinta","status":"publish","type":"post","link":"https:\/\/www.europesays.com\/pt\/183214\/","title":{"rendered":"locais ic\u00f4nicos s\u00e3o cen\u00e1rio de filme com Larissa Manoela que estreia nesta quinta"},"content":{"rendered":"<p><img width=\"800\" height=\"533\" src=\"https:\/\/www.europesays.com\/pt\/wp-content\/uploads\/2025\/12\/00535123.jpg\" class=\"attachment-870xauto size-870xauto wp-post-image\" alt=\"00535123\" decoding=\"async\" fetchpriority=\"high\"  \/>Trai\u00e7\u00e3o entre Amigas: Conhe\u00e7a os cen\u00e1rios do filme que estreia nesta quinta-feira em Curitiba. Foto: Cido Marques\/FCC<\/p>\n<p>Os cart\u00f5es-postais de Curitiba ser\u00e3o, agora, vistos nas telas dos cinemas. Eles s\u00e3o cen\u00e1rios do filme Trai\u00e7\u00e3o Entre Amigas, dirigido por Bruno Barreto, que estreia nesta quinta-feira (11\/12) em todo o Brasil, inclusive no Cine Passeio. O longa, baseado em livro hom\u00f4nimo da autora Thalita Rebou\u00e7as, \u00e9 estrelado por Larissa Manoela e Giovanna Rispoli.<\/p>\n<p>As grava\u00e7\u00f5es em espa\u00e7os municipais s\u00e3o apoiadas e liberadas pela Curitiba Film Comission, ag\u00eancia municipal de apoio \u00e0 produ\u00e7\u00e3o audiovisual, formada pela Funda\u00e7\u00e3o Cultural de Curitiba (FCC), Instituto Municipal de Turismo (IMT) e Secretaria Municipal da Comunica\u00e7\u00e3o Social (Secom).<\/p>\n<blockquote class=\"wp-block-quote is-layout-flow wp-block-quote-is-layout-flow\">\n<p>\u201cCom a <a href=\"https:\/\/filmcommission.curitiba.pr.gov.br\/\" rel=\"nofollow noopener\" target=\"_blank\">Film Commission<\/a>, Curitiba se consolida como uma cidade preparada para receber grandes produ\u00e7\u00f5es, assim fortalecendo a economia local e a cadeia produtiva do audiovisual. Durante a gest\u00e3o do prefeito Eduardo Pimentel, estamos dedicados \u00e0 seguran\u00e7a e agilidade na participa\u00e7\u00e3o de projetos\u201d,\u00a0afirmou o coordenador da Curitiba Film Commission, Gabriel Assun\u00e7\u00e3o, superintendente da Secom.<\/p>\n<p>As grava\u00e7\u00f5es do longa foram feitas em 30 dias, 28 em Curitiba e 2 em Nova YorK, nos Estados Unidos. \u201cSou f\u00e3 de Curitiba h\u00e1 muito tempo, acho que \u00e9 interessante a gente mostrar no filme um Brasil que n\u00e3o \u00e9 colorido sempre, que \u00e9 um Brasil moderno, alternativo e muito focado no meio ambiente\u201d, disse Barreto para a Prefeitura de Curitiba, em 2023.<\/p>\n<\/blockquote>\n<p>O roteiro \u00e9 assinado por Thalita Rebou\u00e7as e Marcelo Saback, e acompanha duas amigas vivendo o amadurecimento e as complexidades da vida adulta ap\u00f3s a formatura. A produ\u00e7\u00e3o \u00e9 da L.C Barreto Produ\u00e7\u00f5es Cinematogr\u00e1ficas, Filmes do Equador e Bronze Filmes, com distribui\u00e7\u00e3o da Imagem Filmes.<\/p>\n<p>No Cine Passeio<\/p>\n<p>Trai\u00e7\u00e3o Entre Amigas ter\u00e1 uma pr\u00e9-estreia no Cine Passeio nesta quarta-feira (10\/12), fechada para convidados e com a presen\u00e7a do diretor, Bruno Barreto. O filme entra em cartaz na quinta, com sess\u00f5es \u00e0s 17h40, at\u00e9 dia 17\/12. A exce\u00e7\u00e3o \u00e9 segunda-feira (15), quando o Cine Passeio fica fechado para manuten\u00e7\u00e3o.<\/p>\n<p>Confira os espa\u00e7os curitibanos que se tornaram cen\u00e1rios do filme:<\/p>\n<p><strong>Rua S\u00e3o Francisco<\/strong><\/p>\n<p>No cora\u00e7\u00e3o da cidade, a Rua S\u00e3o Francisco \u00e9 quase uma viagem no tempo com sua arquitetura colonial e charmosa, com restaurantes e brech\u00f3s, e uma vida noturna agitada para os apreciadores da boemia. Entre o Largo da Ordem e a canaleta do Expresso, a Rua S\u00e3o Francisco \u00e9 caminho para quem revisita a hist\u00f3ria na Casa Rom\u00e1rio Martins ou Casa da Mem\u00f3ria, e quem curte um passeio de domingo, com a feirinha do Largo da Ordem.<\/p>\n<p><strong>Teatro Gua\u00edra<\/strong><\/p>\n<p>Em frente \u00e0 Pra\u00e7a Santos Andrade, no Centro, um pr\u00e9dio modernista, popular por receber grandes espet\u00e1culos e artistas, e tamb\u00e9m \u00e9 casa de quatro corpos art\u00edsticos, o Bal\u00e9 Teatro Gua\u00edra, a Orquestra Sinf\u00f4nica do Paran\u00e1, a G2 Companhia de Dan\u00e7a e a Escola Gua\u00edra. Gerido pelo Governo do Paran\u00e1, o Teatro Gua\u00edra tem 141 anos de hist\u00f3ria, formando centenas de artistas e promovendo cultura na cidade de Curitiba.<\/p>\n<p><strong>Teatro Z\u00e9 Maria<\/strong><\/p>\n<p>No n\u00famero 655 da Rua Treze de Maio, Centro, um edif\u00edcio do final do s\u00e9culo 19 tombado pelo Patrim\u00f4nio Cultural do Paran\u00e1 tamb\u00e9m foi plano de fundo do longa-metragem de Barreto. O Teatro Jos\u00e9 Maria Santos integra o complexo do Centro Cultural Teatro Gua\u00edra, e \u00e9 um espa\u00e7o de\u00a0 produ\u00e7\u00e3o e est\u00edmulo \u00e0 cultura e \u00e0s artes, e ocupa um pr\u00e9dio que j\u00e1 foi sede da Malharia Hoffman e da Malharia Curitibana.<\/p>\n<p><strong>Parque S\u00e3o Louren\u00e7o<\/strong><\/p>\n<p>Unindo preserva\u00e7\u00e3o ambiental e arte, o Parque S\u00e3o Louren\u00e7o, localizado no bairro de mesmo nome no norte da cidade, \u00e9 um espa\u00e7o importante para o lazer da popula\u00e7\u00e3o, que utiliza sua ciclovia, pista de caminhada, cancha de futebol e de v\u00f4lei para atividades f\u00edsicas ao ar livre. Mas o \u00edcone do Parque \u00e9 o\u00a0<a href=\"https:\/\/www.curitiba.pr.gov.br\/memorialparanista\/\" target=\"_blank\" rel=\"noreferrer noopener nofollow\">Memorial Paranista<\/a>, com tr\u00eas edifica\u00e7\u00f5es interligadas e um Jardim de Esculturas, guardando a mem\u00f3ria art\u00edstica do Jo\u00e3o Turin.<\/p>\n<p><strong>Parque Barigui\u00a0<\/strong><\/p>\n<p>O queridinho dos curitibanos n\u00e3o poderia ficar de fora das grava\u00e7\u00f5es de Trai\u00e7\u00e3o Entre Amigas. Com 140 hectares, o Barigui \u00e9 o maior parque de Curitiba e um dos mais populares. A pista de corrida com 5,2 km \u00e9 muito utilizada por quem busca um estilo de vida saud\u00e1vel, mas o parque tamb\u00e9m \u00e9 lembrado para passeios ao lado do lago e das capivaras, e no playground. O Barigui tamb\u00e9m \u00e9 espa\u00e7o de eventos, com o Complexo Imap, utilizado especialmente para aperfei\u00e7oamento dos servidores da Prefeitura, e tamb\u00e9m o Centro de Eventos Positivo, com 7.500m\u00b2 de estrutura para receber grandes exposi\u00e7\u00f5es, conven\u00e7\u00f5es e feiras.<\/p>\n<p><strong>Pa\u00e7o da Liberdade<\/strong><\/p>\n<p>A charmosa edifica\u00e7\u00e3o da Pra\u00e7a Generoso Marques, que serviu como primeira sede da Prefeitura de Curitiba, o Pa\u00e7o da Liberdade abriu as portas em 1916, mas hoje \u00e9 um espa\u00e7o cultural mantido pelo Sesc PR e um dos \u00edcones da arquitetura em Curitiba. O pr\u00e9dio de arquitetura ecl\u00e9tica, com detalhes neocl\u00e1ssicos e desenhos art-nouveau atualmente conta com biblioteca, sala de exposi\u00e7\u00f5es e caf\u00e9-escola, administrados pela Fecom\u00e9rcio\/Sesc\/PR.<\/p>\n<p><strong>\u00d3pera de Arame<\/strong><\/p>\n<p>Na Rua Jo\u00e3o Gava, 920, Abranches, e ao lado da Pedreira Paulo Leminski, a famosa estrutura tubular com teto transparente \u00e9 um dos s\u00edmbolos emblem\u00e1ticos de Curitiba. A \u00d3pera de Arame foi inaugurada em 1992, e recebe espet\u00e1culos cl\u00e1ssicos e populares, al\u00e9m do festival permanente de m\u00fasica instrumental, com apresenta\u00e7\u00f5es di\u00e1rias no Palco Flutuante, exposi\u00e7\u00f5es de arte, oficinas, e atividades culturais.<\/p>\n","protected":false},"excerpt":{"rendered":"Trai\u00e7\u00e3o entre Amigas: Conhe\u00e7a os cen\u00e1rios do filme que estreia nesta quinta-feira em Curitiba. Foto: Cido Marques\/FCC Os&hellip;\n","protected":false},"author":2,"featured_media":183215,"comment_status":"","ping_status":"","sticky":false,"template":"","format":"standard","meta":{"footnotes":""},"categories":[140],"tags":[114,115,147,148,146,32,33],"class_list":{"0":"post-183214","1":"post","2":"type-post","3":"status-publish","4":"format-standard","5":"has-post-thumbnail","7":"category-filmes","8":"tag-entertainment","9":"tag-entretenimento","10":"tag-film","11":"tag-filmes","12":"tag-movies","13":"tag-portugal","14":"tag-pt"},"share_on_mastodon":{"url":"https:\/\/pubeurope.com\/@pt\/115696888732782473","error":""},"_links":{"self":[{"href":"https:\/\/www.europesays.com\/pt\/wp-json\/wp\/v2\/posts\/183214","targetHints":{"allow":["GET"]}}],"collection":[{"href":"https:\/\/www.europesays.com\/pt\/wp-json\/wp\/v2\/posts"}],"about":[{"href":"https:\/\/www.europesays.com\/pt\/wp-json\/wp\/v2\/types\/post"}],"author":[{"embeddable":true,"href":"https:\/\/www.europesays.com\/pt\/wp-json\/wp\/v2\/users\/2"}],"replies":[{"embeddable":true,"href":"https:\/\/www.europesays.com\/pt\/wp-json\/wp\/v2\/comments?post=183214"}],"version-history":[{"count":0,"href":"https:\/\/www.europesays.com\/pt\/wp-json\/wp\/v2\/posts\/183214\/revisions"}],"wp:featuredmedia":[{"embeddable":true,"href":"https:\/\/www.europesays.com\/pt\/wp-json\/wp\/v2\/media\/183215"}],"wp:attachment":[{"href":"https:\/\/www.europesays.com\/pt\/wp-json\/wp\/v2\/media?parent=183214"}],"wp:term":[{"taxonomy":"category","embeddable":true,"href":"https:\/\/www.europesays.com\/pt\/wp-json\/wp\/v2\/categories?post=183214"},{"taxonomy":"post_tag","embeddable":true,"href":"https:\/\/www.europesays.com\/pt\/wp-json\/wp\/v2\/tags?post=183214"}],"curies":[{"name":"wp","href":"https:\/\/api.w.org\/{rel}","templated":true}]}}