{"id":183216,"date":"2025-12-10T19:19:07","date_gmt":"2025-12-10T19:19:07","guid":{"rendered":"https:\/\/www.europesays.com\/pt\/183216\/"},"modified":"2025-12-10T19:19:07","modified_gmt":"2025-12-10T19:19:07","slug":"benfica-napoles-grande-surpresa-no-onze-de-mourinho","status":"publish","type":"post","link":"https:\/\/www.europesays.com\/pt\/183216\/","title":{"rendered":"Benfica-N\u00e1poles: grande surpresa no onze de Mourinho"},"content":{"rendered":"<p><a class=\"autolink-enabled\" data-resource-id=\"266227\" data-resource-type=\"player\" data-sport=\"football\" href=\"https:\/\/www.abola.pt\/futebol\/jogador\/franjo-ivanovic-266227\" rel=\"nofollow noopener\" target=\"_blank\">Franjo Ivanovic<\/a> \u00e9 a grande surpresa no onze do <a class=\"autolink-enabled\" data-resource-id=\"450\" data-resource-type=\"team\" data-sport=\"football\" href=\"https:\/\/www.abola.pt\/futebol\/benfica-450\" rel=\"nofollow noopener\" target=\"_blank\">Benfica<\/a> para a rece\u00e7\u00e3o ao <a class=\"autolink-enabled\" data-resource-id=\"262\" data-resource-type=\"team\" data-sport=\"football\" href=\"https:\/\/www.abola.pt\/futebol\/ssc-napoles-262\" rel=\"nofollow noopener\" target=\"_blank\">N\u00e1poles<\/a>, em jogo da sexta jornada da <a class=\"autolink-enabled\" data-resource-id=\"27\" data-resource-type=\"competition\" data-sport=\"football\" href=\"https:\/\/www.abola.pt\/futebol\/competicao\/uefa-champions-league-27\" rel=\"nofollow noopener\" target=\"_blank\">UEFA Champions League<\/a>.<\/p>\n<p>Jos\u00e9 Mourinho, t\u00e9cnico das \u00e1guias, aposta no croata para a frente de ataque, em detrimento de <a target=\"_blank\" class=\"editor-link autolink-enabled\" href=\"https:\/\/www.abola.pt\/futebol\/jogador\/pavlidis-55942\" data-resource-id=\"55942\" data-resource-type=\"player\" data-sport=\"football\" rel=\"nofollow noopener\">Pavlidis<\/a>, que fica no banco de suplentes.<\/p>\n<p><a class=\"autolink-enabled\" data-resource-id=\"266227\" data-resource-type=\"player\" data-sport=\"football\" href=\"https:\/\/www.abola.pt\/futebol\/jogador\/franjo-ivanovic-266227\" rel=\"nofollow noopener\" target=\"_blank\">Ivanovic<\/a> n\u00e3o era titular desde 21 de novembro, data do jogo da <a class=\"autolink-enabled\" data-resource-id=\"112\" data-resource-type=\"competition\" data-sport=\"football\" href=\"https:\/\/www.abola.pt\/futebol\/competicao\/taca-de-portugal-112\" rel=\"nofollow noopener\" target=\"_blank\">Ta\u00e7a de Portugal<\/a> com o <a class=\"autolink-enabled\" data-resource-id=\"3033\" data-resource-type=\"team\" data-sport=\"football\" href=\"https:\/\/www.abola.pt\/futebol\/atletico-3033\" rel=\"nofollow noopener\" target=\"_blank\">Atl\u00e9tico<\/a>, no qual acabou substitu\u00eddo ao intervalo.<\/p>\n<p>De fora das op\u00e7\u00f5es iniciais fica tamb\u00e9m <a class=\"autolink-enabled\" data-resource-id=\"246968\" data-resource-type=\"player\" data-sport=\"football\" href=\"https:\/\/www.abola.pt\/futebol\/jogador\/antonio-silva-246968\" rel=\"nofollow noopener\" target=\"_blank\">Ant\u00f3nio Silva<\/a>, que cede o lugar a <a class=\"autolink-enabled\" data-resource-id=\"226935\" data-resource-type=\"player\" data-sport=\"football\" href=\"https:\/\/www.abola.pt\/futebol\/jogador\/tomas-araujo-226935\" rel=\"nofollow noopener\" target=\"_blank\">Tom\u00e1s Ara\u00fajo<\/a>.<\/p>\n<p>Ainda relativamente ao banco de suplentes, destaque para a presen\u00e7a de Jos\u00e9 Neto, recentemente coroado campe\u00e3o do mundo de sub-17, e tamb\u00e9m de Tiago Freitas.<\/p>\n<p>Nota ainda para a inclus\u00e3o de <a class=\"autolink-enabled\" data-resource-id=\"26501\" data-resource-type=\"player\" data-sport=\"football\" href=\"https:\/\/www.abola.pt\/futebol\/jogador\/david-neres-26501\" rel=\"nofollow noopener\" target=\"_blank\">David Neres<\/a>, antigo jogador do Benfica, na equipa titular do <a class=\"autolink-enabled\" data-resource-id=\"262\" data-resource-type=\"team\" data-sport=\"football\" href=\"https:\/\/www.abola.pt\/futebol\/ssc-napoles-262\" rel=\"nofollow noopener\" target=\"_blank\">N\u00e1poles<\/a>, treinado por Antonio Conte.<\/p>\n<p>Suplentes: <a class=\"autolink-enabled\" data-resource-id=\"229464\" data-resource-type=\"player\" data-sport=\"football\" href=\"https:\/\/www.abola.pt\/futebol\/jogador\/samuel-soares-229464\" rel=\"nofollow noopener\" target=\"_blank\">Samuel Soares<\/a>, <a class=\"autolink-enabled\" data-resource-id=\"246968\" data-resource-type=\"player\" data-sport=\"football\" href=\"https:\/\/www.abola.pt\/futebol\/jogador\/antonio-silva-246968\" rel=\"nofollow noopener\" target=\"_blank\">Ant\u00f3nio Silva<\/a>, <a class=\"autolink-enabled\" data-resource-id=\"55942\" data-resource-type=\"player\" data-sport=\"football\" href=\"https:\/\/www.abola.pt\/futebol\/jogador\/pavlidis-55942\" rel=\"nofollow noopener\" target=\"_blank\">Pavlidis<\/a>, <a class=\"autolink-enabled\" data-resource-id=\"229088\" data-resource-type=\"player\" data-sport=\"football\" href=\"https:\/\/www.abola.pt\/futebol\/jogador\/manu-silva-229088\" rel=\"nofollow noopener\" target=\"_blank\">Manu Silva<\/a>, <a class=\"autolink-enabled\" data-resource-id=\"233110\" data-resource-type=\"player\" data-sport=\"football\" href=\"https:\/\/www.abola.pt\/futebol\/jogador\/andreas-schjelderup-233110\" rel=\"nofollow noopener\" target=\"_blank\">Schjelderup<\/a>, <a class=\"autolink-enabled\" data-resource-id=\"258465\" data-resource-type=\"player\" data-sport=\"football\" href=\"https:\/\/www.abola.pt\/futebol\/jogador\/prestianni-258465\" rel=\"nofollow noopener\" target=\"_blank\">Prestianni<\/a>, Jos\u00e9 Neto, <a class=\"autolink-enabled\" data-resource-id=\"240118\" data-resource-type=\"player\" data-sport=\"football\" href=\"https:\/\/www.abola.pt\/futebol\/jogador\/joshua-wynder-240118\" rel=\"nofollow noopener\" target=\"_blank\">Joshua Wynder<\/a>, <a class=\"autolink-enabled\" data-resource-id=\"302079\" data-resource-type=\"player\" data-sport=\"football\" href=\"https:\/\/www.abola.pt\/futebol\/jogador\/rodrigo-rego-302079\" rel=\"nofollow noopener\" target=\"_blank\">Rodrigo R\u00eago<\/a>, <a class=\"autolink-enabled\" data-resource-id=\"259031\" data-resource-type=\"player\" data-sport=\"football\" href=\"https:\/\/www.abola.pt\/futebol\/jogador\/joao-veloso-259031\" rel=\"nofollow noopener\" target=\"_blank\">Jo\u00e3o Veloso<\/a>, <a class=\"autolink-enabled\" data-resource-id=\"270296\" data-resource-type=\"player\" data-sport=\"football\" href=\"https:\/\/www.abola.pt\/futebol\/jogador\/joao-rego-270296\" rel=\"nofollow noopener\" target=\"_blank\">Jo\u00e3o Rego<\/a>, Tiago Freitas.<\/p>\n","protected":false},"excerpt":{"rendered":"Franjo Ivanovic \u00e9 a grande surpresa no onze do Benfica para a rece\u00e7\u00e3o ao N\u00e1poles, em jogo da&hellip;\n","protected":false},"author":2,"featured_media":183217,"comment_status":"","ping_status":"","sticky":false,"template":"","format":"standard","meta":{"footnotes":""},"categories":[87],"tags":[135,32,33,134],"class_list":{"0":"post-183216","1":"post","2":"type-post","3":"status-publish","4":"format-standard","5":"has-post-thumbnail","7":"category-desporto","8":"tag-desporto","9":"tag-portugal","10":"tag-pt","11":"tag-sports"},"share_on_mastodon":{"url":"https:\/\/pubeurope.com\/@pt\/115696891520360786","error":""},"_links":{"self":[{"href":"https:\/\/www.europesays.com\/pt\/wp-json\/wp\/v2\/posts\/183216","targetHints":{"allow":["GET"]}}],"collection":[{"href":"https:\/\/www.europesays.com\/pt\/wp-json\/wp\/v2\/posts"}],"about":[{"href":"https:\/\/www.europesays.com\/pt\/wp-json\/wp\/v2\/types\/post"}],"author":[{"embeddable":true,"href":"https:\/\/www.europesays.com\/pt\/wp-json\/wp\/v2\/users\/2"}],"replies":[{"embeddable":true,"href":"https:\/\/www.europesays.com\/pt\/wp-json\/wp\/v2\/comments?post=183216"}],"version-history":[{"count":0,"href":"https:\/\/www.europesays.com\/pt\/wp-json\/wp\/v2\/posts\/183216\/revisions"}],"wp:featuredmedia":[{"embeddable":true,"href":"https:\/\/www.europesays.com\/pt\/wp-json\/wp\/v2\/media\/183217"}],"wp:attachment":[{"href":"https:\/\/www.europesays.com\/pt\/wp-json\/wp\/v2\/media?parent=183216"}],"wp:term":[{"taxonomy":"category","embeddable":true,"href":"https:\/\/www.europesays.com\/pt\/wp-json\/wp\/v2\/categories?post=183216"},{"taxonomy":"post_tag","embeddable":true,"href":"https:\/\/www.europesays.com\/pt\/wp-json\/wp\/v2\/tags?post=183216"}],"curies":[{"name":"wp","href":"https:\/\/api.w.org\/{rel}","templated":true}]}}