{"id":183234,"date":"2025-12-10T19:40:13","date_gmt":"2025-12-10T19:40:13","guid":{"rendered":"https:\/\/www.europesays.com\/pt\/183234\/"},"modified":"2025-12-10T19:40:13","modified_gmt":"2025-12-10T19:40:13","slug":"digi-meo-nos-e-vodafone-esta-e-a-operadora-preferida-dos-portugueses","status":"publish","type":"post","link":"https:\/\/www.europesays.com\/pt\/183234\/","title":{"rendered":"DIGI, MEO, NOS e Vodafone: esta \u00e9 a operadora preferida dos portugueses"},"content":{"rendered":"<p class=\"leading\">\n                A MEO lidera nos subscritores, mas a NOS destaca-se nas receitas do segmento residencial.            <\/p>\n<p class=\"article-image \"><img decoding=\"async\" alt=\"operadoras\" height=\"900\" src=\"https:\/\/www.europesays.com\/pt\/wp-content\/uploads\/2025\/12\/nos-vodafone-meo-digi-contratos-1.jpg\" width=\"1600\" fetchpriority=\"high\"\/><\/p>\n<p><a href=\"https:\/\/whatsapp.com\/channel\/0029Va54F7B7j6gBNXobAM16\" rel=\"nofollow noopener\" class=\"banner-deals mb20 banner-deals-rotation banner-deals-rotation--whatsapp\" target=\"_blank\"><\/p>\n<p>        Entra no nosso canal Whatsapp<br \/>e recebe as melhores ofertas<\/p>\n<p>        ENTRAR\n    <\/p>\n<p><\/a><\/p>\n<p>Os dados mais recentes da <a href=\"https:\/\/www.anacom.pt\/render.jsp?contentId=1822801\" rel=\"nofollow noopener\" target=\"_blank\">ANACOM<\/a>, referentes ao final do terceiro trimestre de 2025, mostram quem manda nas telecomunica\u00e7\u00f5es em Portugal. O mercado continua a crescer, com o n\u00famero de subscritores de pacotes de servi\u00e7os a atingir os 4,8 milh\u00f5es, o que representa uma subida de 0,9% face ao ano anterior. No entanto, a prefer\u00eancia dos portugueses recai maioritariamente sobre uma operadora, embora a concorr\u00eancia esteja cada vez mais renhida nas receitas.<\/p>\n<p>MEO continua a liderar o mercado portugu\u00eas de telecomunica\u00e7\u00f5es<\/p>\n<p>A <strong>MEO<\/strong> mant\u00e9m a sua posi\u00e7\u00e3o de lideran\u00e7a incontestada no que toca ao n\u00famero de clientes. A operadora da Altice det\u00e9m a maior quota de subscritores de servi\u00e7os em pacote, com 41,7%, conseguindo manter a sua posi\u00e7\u00e3o face ao ano anterior. Em segundo lugar surge o Grupo <strong>NOS<\/strong>, com 34,9%, seguido pela <strong>Vodafone<\/strong> com 20,4% e o Grupo DIGI\/NOWO, que come\u00e7a a aparecer nas contas com 2,8%.<\/p>\n<p>\u00c9 interessante notar que, apesar de ter menos clientes que a MEO, a <strong>NOS<\/strong> tem um desempenho not\u00e1vel nas receitas, especialmente no mercado dom\u00e9stico. O Grupo NOS lidera a quota de receitas no segmento residencial com 39,8% e domina nos pacotes mais completos (4\/5P) com 43,1%. Este dado ganha relev\u00e2ncia quando recordamos que a <a href=\"https:\/\/4gnews.pt\/digi-meo-nos-ou-vodafone-ha-uma-operadora-que-se-destaca-nas-reclamacoes-em-portugal\/\" rel=\"nofollow noopener\" target=\"_blank\">NOS \u00e9 tamb\u00e9m a operadora que se destaca nas reclama\u00e7\u00f5es em Portugal<\/a> pelos melhores motivos, sendo a que menos queixas recebe proporcionalmente.<\/p>\n<p>Ofertas 4 e 5P s\u00e3o as preferidas dos portugueses<\/p>\n<p>O comportamento dos consumidores tamb\u00e9m est\u00e1 a mudar. As ofertas &#8220;tudo em um&#8221; (4\/5P), que juntam televis\u00e3o, internet, telefone e telem\u00f3vel, s\u00e3o as preferidas, representando j\u00e1 60,2% do total de subscritores. Em contrapartida, os pacotes mais simples de tr\u00eas servi\u00e7os (3P) sofreram a maior queda da \u00faltima d\u00e9cada.<\/p>\n<p>No campo financeiro, as receitas dos pacotes atingiram 1,7 mil milh\u00f5es de euros, mas o crescimento foi t\u00edmido (0,9%), o mais baixo desde 2018. A fatura m\u00e9dia mensal por pacote situou-se nos 39,70 euros, registando uma ligeira descida de 0,4%. Esta estagna\u00e7\u00e3o nas receitas e ligeira descida nos pre\u00e7os reflete a press\u00e3o concorrencial no mercado, onde j\u00e1 sabemos que <a href=\"https:\/\/4gnews.pt\/este-foi-o-grande-impacto-da-digi-para-meo-nos-e-vodafone-em-portugal\/\" rel=\"nofollow noopener\" target=\"_blank\">este foi o grande impacto da DIGI para MEO, NOS e Vodafone em Portugal<\/a>, provocando um aban\u00e3o nas ofertas comerciais.<\/p>\n<p><strong>Promo\u00e7\u00e3o do dia<\/strong><\/p>\n<p><a href=\"https:\/\/amzn.to\/4ppnuOv\" target=\"_blank\" rel=\"nofollow noreferrer noopener\"><img decoding=\"async\" alt=\"TP-Link Archer AX58\" height=\"488\" width=\"650\" class=\"lazyload\" src=\"https:\/\/www.europesays.com\/pt\/wp-content\/uploads\/2025\/12\/tp-link-archer-ax58-41h1vswmfnl-sl500.jpg\" loading=\"lazy\"\/><\/a><\/p>\n<p>49,99 \u20acamazon<\/p>\n<p>72,74 \u20ac-31%<\/p>\n<p class=\"inline-related-title\">Editores 4gnews recomendam:<\/p>\n","protected":false},"excerpt":{"rendered":"A MEO lidera nos subscritores, mas a NOS destaca-se nas receitas do segmento residencial. Entra no nosso canal&hellip;\n","protected":false},"author":2,"featured_media":183235,"comment_status":"","ping_status":"","sticky":false,"template":"","format":"standard","meta":{"footnotes":""},"categories":[83],"tags":[88,89,90,32,33],"class_list":{"0":"post-183234","1":"post","2":"type-post","3":"status-publish","4":"format-standard","5":"has-post-thumbnail","7":"category-empresas","8":"tag-business","9":"tag-economy","10":"tag-empresas","11":"tag-portugal","12":"tag-pt"},"share_on_mastodon":{"url":"https:\/\/pubeurope.com\/@pt\/115696974192633276","error":""},"_links":{"self":[{"href":"https:\/\/www.europesays.com\/pt\/wp-json\/wp\/v2\/posts\/183234","targetHints":{"allow":["GET"]}}],"collection":[{"href":"https:\/\/www.europesays.com\/pt\/wp-json\/wp\/v2\/posts"}],"about":[{"href":"https:\/\/www.europesays.com\/pt\/wp-json\/wp\/v2\/types\/post"}],"author":[{"embeddable":true,"href":"https:\/\/www.europesays.com\/pt\/wp-json\/wp\/v2\/users\/2"}],"replies":[{"embeddable":true,"href":"https:\/\/www.europesays.com\/pt\/wp-json\/wp\/v2\/comments?post=183234"}],"version-history":[{"count":0,"href":"https:\/\/www.europesays.com\/pt\/wp-json\/wp\/v2\/posts\/183234\/revisions"}],"wp:featuredmedia":[{"embeddable":true,"href":"https:\/\/www.europesays.com\/pt\/wp-json\/wp\/v2\/media\/183235"}],"wp:attachment":[{"href":"https:\/\/www.europesays.com\/pt\/wp-json\/wp\/v2\/media?parent=183234"}],"wp:term":[{"taxonomy":"category","embeddable":true,"href":"https:\/\/www.europesays.com\/pt\/wp-json\/wp\/v2\/categories?post=183234"},{"taxonomy":"post_tag","embeddable":true,"href":"https:\/\/www.europesays.com\/pt\/wp-json\/wp\/v2\/tags?post=183234"}],"curies":[{"name":"wp","href":"https:\/\/api.w.org\/{rel}","templated":true}]}}