{"id":183305,"date":"2025-12-10T20:44:16","date_gmt":"2025-12-10T20:44:16","guid":{"rendered":"https:\/\/www.europesays.com\/pt\/183305\/"},"modified":"2025-12-10T20:44:16","modified_gmt":"2025-12-10T20:44:16","slug":"gloria-pires-reve-desejos-de-mulher-de-60-anos-em-sexa-10-12-2025-ilustrada","status":"publish","type":"post","link":"https:\/\/www.europesays.com\/pt\/183305\/","title":{"rendered":"Gloria Pires rev\u00ea desejos de mulher de 60 anos em &#8216;Sexa&#8217; &#8211; 10\/12\/2025 &#8211; Ilustrada"},"content":{"rendered":"<p>A voz dela aparece antes da imagem na entrevista marcada para o <a href=\"https:\/\/www1.folha.uol.com.br\/mercado\/2023\/08\/zoom-volta-ao-escritorio-e-quer-modelo-hibrido-apos-virar-simbolo-da-pandemia.shtml\" rel=\"nofollow noopener\" target=\"\">Zoom <\/a>por falta de agenda da atriz, que mora entre o seu Rio de Janeiro natal, sua fazenda em Goi\u00e1s e um apartamento em S\u00e3o Paulo. Aquela voz, inconfund\u00edvel, que d\u00e1 at\u00e9 um aconchego, sabe? Dif\u00edcil de explicar, mas tenho certeza que todos entendem.<\/p>\n<p>E a\u00ed entra a imagem. <a href=\"https:\/\/www1.folha.uol.com.br\/folha-topicos\/gloria-pires\/\" rel=\"nofollow noopener\" target=\"\">Gloria Pires<\/a>, n\u00e9? Que a gente j\u00e1 viu em todas as fases da vida, com todos os cabelos poss\u00edveis, sendo boa, sendo m\u00e1, sendo atual, sendo de \u00e9poca, sendo c\u00f4mica, dram\u00e1tica, tr\u00e1gica.<\/p>\n<p>At\u00e9 meio avoada, comentando a transmiss\u00e3o do <a href=\"https:\/\/www1.folha.uol.com.br\/folha-topicos\/oscar\/\" rel=\"nofollow noopener\" target=\"\">Oscar <\/a>de 2016, em que virou meme pela despretens\u00e3o maior que a de outros comentaristas. N\u00e3o tinha visto todos os filmes e n\u00e3o escondeu isso de ningu\u00e9m.<\/p>\n<p>&#8220;N\u00e3o sou capaz de opinar&#8221;, ela disse, sem fazer drama, em um momento. E a internet, terra de ningu\u00e9m, deitou e rolou em cima dessa frase, como se n\u00e3o ter opini\u00e3o a respeito de algum assunto fosse de fato imperdo\u00e1vel. Tsc tsc.<\/p>\n<p>\u00c9 claro que no filme &#8220;Sexa&#8221;, sua estreia na dire\u00e7\u00e3o, que ela tamb\u00e9m protagoniza, sua personagem, B\u00e1rbara, fala essa frase uma hora. A piada era boa demais para deixar de fora. Mas Gloria me diz que prestou muita aten\u00e7\u00e3o para n\u00e3o deixar a com\u00e9dia passar na frente da hist\u00f3ria que queria contar.<\/p>\n<p>&#8220;A com\u00e9dia \u00e9 muito sedutora e eu me organizei internamente e falei muito sobre isso na prepara\u00e7\u00e3o do elenco, porque o filme \u00e9 uma com\u00e9dia-rom\u00e2ntica, mas a hist\u00f3ria tem sua realidade, os personagens tem que ser veross\u00edmeis&#8221;, disse ela.<\/p>\n<p>Este roteiro est\u00e1 pronto h\u00e1 mais de quatro anos, foi escrito por <a href=\"https:\/\/www1.folha.uol.com.br\/guia\/te0611200903.shtml\" rel=\"nofollow noopener\" target=\"\">Guilherme Gonzalez<\/a> e oferecido a Gloria Pires, como acontece com mil outros projetos, para que ela interpretasse a personagem principal. Neste caso, uma mulher que faz 60 anos e fica muito irritada com o fato de estar envelhecendo.<\/p>\n<p>&#8220;Quando eu recebi o roteiro, estava com 58 anos e estava questionando muito a minha vida. E fiquei empolgada com essa personagem, queria essa representatividade de uma mulher sessentona com uma hist\u00f3ria que vai al\u00e9m da quest\u00e3o est\u00e9tica, queria um pouco mais de profundidade&#8221;, afirma a atriz.<\/p>\n<p>&#8220;A\u00ed, conforme ia chegando o momento de eu dizer se topava o projeto, ele come\u00e7ou a criar corpo dentro de mim. Comecei a dirigir na minha cabe\u00e7a, a trama estava totalmente concatenada com o que eu estava vivendo e \u00e9 um filme simples, que se pretende comercial, mas que eu achei que dava para fazer.&#8221;<\/p>\n<p>E fez, ta\u00ed, para todo mundo ver. &#8220;Sexa&#8221; estreou no <a href=\"https:\/\/www1.folha.uol.com.br\/folha-topicos\/festival-do-rio\/\" rel=\"nofollow noopener\" target=\"\">Festival do Rio<\/a>, dia 3 de outubro. Vinte dias depois, foi exibido na <a href=\"https:\/\/www1.folha.uol.com.br\/folha-topicos\/mostra-de-cinema-de-sp\/\" rel=\"nofollow noopener\" target=\"\">Mostra Internacional de Cinema de S\u00e3o Paulo<\/a>. E agora entra em cartaz no Brasil inteiro, contando a hist\u00f3ria de uma mulher que acaba de fazer 60 anos e se envolve romanticamente com um homem de 35, papel de Thiago Martins, o Vasco da novela &#8220;<a href=\"https:\/\/f5.folha.uol.com.br\/colunistas\/outro-canal\/2025\/10\/globo-encerra-gravacoes-de-vale-tudo-mas-deixa-elenco-alerta-sobre-emergencias.shtml\" rel=\"nofollow noopener\" target=\"\">Vale Tudo<\/a>&#8220;.<\/p>\n<p>Ali\u00e1s, confesso que deu um n\u00f3 na minha cabe\u00e7a quando vi as primeiras cenas de romance entre os dois. A <a href=\"https:\/\/f5.folha.uol.com.br\/colunistas\/outro-canal\/2025\/09\/vale-tudo-maria-de-fatima-e-sequestrada-por-odete-roitman-e-quase-perde-bebe.shtml\" rel=\"nofollow noopener\" target=\"\">Maria de F\u00e1tima<\/a> da primeira vers\u00e3o de &#8220;Vale Tudo&#8221; se enroscando com o Vasco? &#8220;A gente est\u00e1 com esse projeto h\u00e1 anos, quase filmamos na minha casa, depois no meu s\u00edtio, por fim conseguimos o or\u00e7amento e filmamos em 2023. \u00c9 muito dif\u00edcil fazer cinema, n\u00e3o d\u00e1 para ter um planejamento t\u00e3o exato das coisas, o timing ficou engra\u00e7ado, mas foi uma coincid\u00eancia&#8221;, afirma Gloria.<\/p>\n<p>Ela conta que j\u00e1 pensava em come\u00e7ar a dirigir em algum momento, mas promete que a diretora n\u00e3o vai tomar o lugar da atriz. &#8220;N\u00e3o tenho porque parar de atuar, mas no pr\u00f3ximo projeto n\u00e3o vou me escalar como protagonista, \u00e9 uma loucura fazer isso, agora eu j\u00e1 sei&#8221;, diz. &#8220;Mas queria muito trazer o sexo, o desejo, o romantismo para uma mulher de 60 anos com verdade, e acho que isso eu consegui fazer&#8221;.<\/p>\n<p>&#8220;A maioria das com\u00e9dias rom\u00e2nticas \u00e9 escrita e dirigida por homens e a personagem feminina \u00e9 sempre muito infantilizada, detesto isso&#8221;, completa. &#8220;O roteirista deste filme \u00e9 homem, mas ele \u00e9 um cara que escuta muito as mulheres. E a equipe principal \u00e9 toda feminina, eu n\u00e3o ia desperdi\u00e7ar essa chance.&#8221;<\/p>\n<p>Al\u00e9m dela e de Thiago Martins, est\u00e3o no elenco <a href=\"https:\/\/f5.folha.uol.com.br\/celebridades\/2025\/09\/isabel-fillardis-apadrinha-startup-software-elimina-descarte-irregular-de-lixo.shtml\" rel=\"nofollow noopener\" target=\"\">Isabel Fillardis<\/a>, melhor amiga e vizinha da personagem principal, &#8220;e minha amiga pessoal h\u00e1 mais de 30 anos&#8221;, conta Gloria. <a href=\"https:\/\/f5.folha.uol.com.br\/celebridades\/2016\/11\/danilo-mesquita-pediu-ajuda-da-ex-que-teve-cancer-para-viver-nicolau-jovem-que-enfrenta-a-doenca-em-rock-story.shtml\" rel=\"nofollow noopener\" target=\"\">Danilo Mesquita<\/a>, <a href=\"https:\/\/f5.folha.uol.com.br\/televisao\/2025\/04\/saiba-quem-e-quem-em-dona-de-mim-nova-novela-das-sete-da-globo.shtml\" rel=\"nofollow noopener\" target=\"\">Luana Tanaka<\/a>, <a href=\"https:\/\/f5.folha.uol.com.br\/celebridades\/2022\/04\/eterno-coadjuvante-eri-johnson-desiste-das-novelas-e-vira-apresentador.shtml\" rel=\"nofollow noopener\" target=\"\">Eri Johnson<\/a> tamb\u00e9m fazem parte do elenco, que tem ainda participa\u00e7\u00f5es especiais de <a href=\"https:\/\/fotografia.folha.uol.com.br\/galerias\/1819884935496167-monica-bergamo\" rel=\"nofollow noopener\" target=\"\">Rosamaria Murtinho<\/a> e <a href=\"https:\/\/f5.folha.uol.com.br\/celebridades\/2023\/06\/terra-e-paixao-atriz-conta-ter-sido-vitima-de-transfobia-levei-uma-facada.shtml\" rel=\"nofollow noopener\" target=\"\">Val\u00e9ria Barcellos<\/a>.<\/p>\n<p>&#8220;Convidei a Val\u00e9ria quase pedindo desculpas, porque o papel que eu tinha era pequeno, mas ela aceitou na hora e ainda me disse: \u2018\u00c9 muito importante ser uma mulher trans e poder estar em um filme interpretando uma m\u00e9dica. Isso tem muito valor. A gente precisa ser vista n\u00e3o s\u00f3 como artista, a gente tamb\u00e9m precisa ser vista como advogada, como engenheira&#8217;.&#8221;<\/p>\n<p>Agora, com o filme pronto, Gloria diz que vai fazer com ele como faz com tudo na vida: entregar para Deus. &#8220;Eu sempre acho que o universo se programa muito melhor sem a minha ajuda, sabe?&#8221;<\/p>\n<p>Tipo de sabedoria que s\u00f3 tem quem alcan\u00e7a a qu\u00edmica interna perfeita entre ser competente no trabalho e saber rir de si mesma. Ela n\u00e3o tem esse nome \u00e0 toa.<\/p>\n","protected":false},"excerpt":{"rendered":"A voz dela aparece antes da imagem na entrevista marcada para o Zoom por falta de agenda da&hellip;\n","protected":false},"author":2,"featured_media":183306,"comment_status":"","ping_status":"","sticky":false,"template":"","format":"standard","meta":{"footnotes":""},"categories":[145],"tags":[207,211,210,470,6724,114,115,471,236,753,10407,32,33,600],"class_list":{"0":"post-183305","1":"post","2":"type-post","3":"status-publish","4":"format-standard","5":"has-post-thumbnail","7":"category-celebridades","8":"tag-arte","9":"tag-celebridades","10":"tag-celebrities","11":"tag-cinema","12":"tag-cinema-brasileiro","13":"tag-entertainment","14":"tag-entretenimento","15":"tag-filme","16":"tag-folha","17":"tag-globo","18":"tag-gloria-pires","19":"tag-portugal","20":"tag-pt","21":"tag-veja-video"},"share_on_mastodon":{"url":"https:\/\/pubeurope.com\/@pt\/115697225761617919","error":""},"_links":{"self":[{"href":"https:\/\/www.europesays.com\/pt\/wp-json\/wp\/v2\/posts\/183305","targetHints":{"allow":["GET"]}}],"collection":[{"href":"https:\/\/www.europesays.com\/pt\/wp-json\/wp\/v2\/posts"}],"about":[{"href":"https:\/\/www.europesays.com\/pt\/wp-json\/wp\/v2\/types\/post"}],"author":[{"embeddable":true,"href":"https:\/\/www.europesays.com\/pt\/wp-json\/wp\/v2\/users\/2"}],"replies":[{"embeddable":true,"href":"https:\/\/www.europesays.com\/pt\/wp-json\/wp\/v2\/comments?post=183305"}],"version-history":[{"count":0,"href":"https:\/\/www.europesays.com\/pt\/wp-json\/wp\/v2\/posts\/183305\/revisions"}],"wp:featuredmedia":[{"embeddable":true,"href":"https:\/\/www.europesays.com\/pt\/wp-json\/wp\/v2\/media\/183306"}],"wp:attachment":[{"href":"https:\/\/www.europesays.com\/pt\/wp-json\/wp\/v2\/media?parent=183305"}],"wp:term":[{"taxonomy":"category","embeddable":true,"href":"https:\/\/www.europesays.com\/pt\/wp-json\/wp\/v2\/categories?post=183305"},{"taxonomy":"post_tag","embeddable":true,"href":"https:\/\/www.europesays.com\/pt\/wp-json\/wp\/v2\/tags?post=183305"}],"curies":[{"name":"wp","href":"https:\/\/api.w.org\/{rel}","templated":true}]}}