{"id":183311,"date":"2025-12-10T20:50:08","date_gmt":"2025-12-10T20:50:08","guid":{"rendered":"https:\/\/www.europesays.com\/pt\/183311\/"},"modified":"2025-12-10T20:50:08","modified_gmt":"2025-12-10T20:50:08","slug":"campeao-europeu-rui-patricio-termina-carreira","status":"publish","type":"post","link":"https:\/\/www.europesays.com\/pt\/183311\/","title":{"rendered":"Campe\u00e3o Europeu Rui Patr\u00edcio termina carreira"},"content":{"rendered":"<p>                A FPF informou, em comunicado, que o guardi\u00e3o mais internacional da hist\u00f3ria da sele\u00e7\u00e3o `AA` (108 jogos) ser\u00e1 homenageado na sexta-feira, a partir das 12:00, na Cidade do Futebol, em Oeiras, tendo destacado a &#8220;carreira \u00edmpar&#8221; pela equipa das `quinas` e a &#8220;enorme longevidade&#8221; de Patr\u00edcio na baliza de Portugal.<\/p>\n<p>Rui Patr\u00edcio estava sem clube desde o final de junho, quando deixou o Al Ain, dos Emirados \u00c1rabes Unidos, ao servi\u00e7o do qual realizou somente dois encontros, ambos no Mundial de clubes, depois de ter jogado nos italianos da Atalanta na \u00e9poca 2024\/25.<\/p>\n<p>O guardi\u00e3o, natural de Leiria, fez a forma\u00e7\u00e3o no Sporting e representou a equipa principal dos `le\u00f5es` durante 12 anos, entre 2006\/07 e 2017\/18, antes de atuar nos ingleses do Wolverhampton e na Roma, com a qual venceu a Liga Confer\u00eancia.<\/p>\n<p>Com a camisola de Portugal conquistou o Euro2016 e a Liga das Na\u00e7\u00f5es de 2019, sendo que a \u00faltima partida pela sele\u00e7\u00e3o lusa aconteceu em mar\u00e7o de 2024, num particular com a Su\u00e9cia (5-2), em Guimar\u00e3es, que antecedeu a presen\u00e7a da equipa das `quinas` no Campeonato da Europa, em que foi suplente de Diogo Costa, tal como Jos\u00e9 S\u00e1.<\/p>\n<p>&#13;<br \/>\nNo total, Patr\u00edcio participou em cinco Campeonatos da Europa (2008, 2012, 2016, 2020 e 2024) e em tr\u00eas Mundiais (2014, 2018 e 2022), bem como na Ta\u00e7a das Confedera\u00e7\u00f5es de 2017.&#13;\n<\/p>\n<p>&#13;<br \/>\nc\/Lusa&#13;<\/p>\n","protected":false},"excerpt":{"rendered":"A FPF informou, em comunicado, que o guardi\u00e3o mais internacional da hist\u00f3ria da sele\u00e7\u00e3o `AA` (108 jogos) ser\u00e1&hellip;\n","protected":false},"author":2,"featured_media":183312,"comment_status":"","ping_status":"","sticky":false,"template":"","format":"standard","meta":{"footnotes":""},"categories":[87],"tags":[135,13,32,33,420,421,134],"class_list":{"0":"post-183311","1":"post","2":"type-post","3":"status-publish","4":"format-standard","5":"has-post-thumbnail","7":"category-desporto","8":"tag-desporto","9":"tag-noticias","10":"tag-portugal","11":"tag-pt","12":"tag-rtp","13":"tag-rtp-noticias","14":"tag-sports"},"share_on_mastodon":{"url":"https:\/\/pubeurope.com\/@pt\/115697249506948359","error":""},"_links":{"self":[{"href":"https:\/\/www.europesays.com\/pt\/wp-json\/wp\/v2\/posts\/183311","targetHints":{"allow":["GET"]}}],"collection":[{"href":"https:\/\/www.europesays.com\/pt\/wp-json\/wp\/v2\/posts"}],"about":[{"href":"https:\/\/www.europesays.com\/pt\/wp-json\/wp\/v2\/types\/post"}],"author":[{"embeddable":true,"href":"https:\/\/www.europesays.com\/pt\/wp-json\/wp\/v2\/users\/2"}],"replies":[{"embeddable":true,"href":"https:\/\/www.europesays.com\/pt\/wp-json\/wp\/v2\/comments?post=183311"}],"version-history":[{"count":0,"href":"https:\/\/www.europesays.com\/pt\/wp-json\/wp\/v2\/posts\/183311\/revisions"}],"wp:featuredmedia":[{"embeddable":true,"href":"https:\/\/www.europesays.com\/pt\/wp-json\/wp\/v2\/media\/183312"}],"wp:attachment":[{"href":"https:\/\/www.europesays.com\/pt\/wp-json\/wp\/v2\/media?parent=183311"}],"wp:term":[{"taxonomy":"category","embeddable":true,"href":"https:\/\/www.europesays.com\/pt\/wp-json\/wp\/v2\/categories?post=183311"},{"taxonomy":"post_tag","embeddable":true,"href":"https:\/\/www.europesays.com\/pt\/wp-json\/wp\/v2\/tags?post=183311"}],"curies":[{"name":"wp","href":"https:\/\/api.w.org\/{rel}","templated":true}]}}