{"id":183319,"date":"2025-12-10T20:56:28","date_gmt":"2025-12-10T20:56:28","guid":{"rendered":"https:\/\/www.europesays.com\/pt\/183319\/"},"modified":"2025-12-10T20:56:28","modified_gmt":"2025-12-10T20:56:28","slug":"soldados-russos-condenados-pela-morte-do-texano-comunista-observador","status":"publish","type":"post","link":"https:\/\/www.europesays.com\/pt\/183319\/","title":{"rendered":"Soldados russos condenados pela morte do &#8220;texano comunista&#8221; \u2013 Observador"},"content":{"rendered":"<p>Acompanhe <a href=\"https:\/\/observador.pt\/liveblogs\/zelensky-assume-que-nao-ha-acordo-sobre-o-donbass-cidade-de-siversk-esta-a-cair-nas-maos-dos-russos\/\" rel=\"nofollow noopener\" target=\"_blank\">o nosso liveblog sobre a guerra na Ucr\u00e2nia<\/a><\/p>\n<p>Um tribunal militar instalado pela R\u00fassia no territ\u00f3rio ucraniano ocupado de Donetsk condenou quatro soldados russos a penas de at\u00e9 12 anos de pris\u00e3o pela morte de Russell Bentley, um antigo combatente norte-americano pr\u00f3-Kremlin, cujo desaparecimento e morte, em 2024, se tornou um <strong>constrangimento<\/strong> para Moscovo. O homem, de 64 anos, era presen\u00e7a habitual na televis\u00e3o estatal russa, onde <strong>defendia \u201ca causa de Moscovo\u201d<\/strong>, sempre com o sotaque do sul dos Estados Unidos, noticia o <a href=\"https:\/\/www.themoscowtimes.com\/2025\/12\/08\/court-in-occupied-donetsk-jails-russian-soldiers-in-killing-of-american-fighter-a91361\" rel=\"nofollow noopener\" target=\"_blank\">The Moscow Times<\/a>.<\/p>\n<p>Bentley desapareceu em abril de 2024, depois de ter ido ao centro de Donetsk para filmar a destrui\u00e7\u00e3o causada por um ataque. Segundo a investiga\u00e7\u00e3o descrita em tribunal, dois militares encontraram-no a preparar-se para gravar imagens e, desconfiando que fosse <strong>\u201cum sabotador norte-americano\u201d<\/strong>, exigiram-lhe identifica\u00e7\u00e3o. O norte-americano explicou que trabalhava para a ag\u00eancia estatal russa Sputnik, mas foi, ainda assim, levado para um posto de comando. A partir da\u00ed, segundo os investigadores, <strong>foi detido, espancado e torturado at\u00e9 \u00e0 morte.<\/strong><\/p>\n<p>Os soldados tentaram cobrir o crime: primeiro colocaram o corpo num carro, que fizeram explodir\u00a0para <strong>simular o impacto de um ataque<\/strong>. No dia seguinte, outros dois militares queimaram o cad\u00e1ver. O Tribunal Militar de Donetsk acabou por condenar os soldados \u2014 Vitaly Vansyatsky Andrei Iordanov receberam <strong>12 anos de pris\u00e3o<\/strong> e Vladislav Agaltsev foi condenado a <strong>11 anos <\/strong>\u2014<strong>,<\/strong>retirando-lhes ainda as patentes militares.<\/p>\n<p>Um quarto militar recebeu uma pena de <strong>um ano e meio<\/strong> por encobrir o crime. De acordo com a ag\u00eancia estatal russa <a href=\"https:\/\/t.me\/s\/tass_agency\" rel=\"nofollow\">TASS<\/a>, o tribunal ordenou, ainda, o pagamento de mais de 56 mil euros \u00e0 vi\u00fava de Russell, Lyudmila Bentley.<\/p>\n<p>O norte-americano era considerado uma <strong>figura pol\u00e9mica<\/strong> e descrito pela imprensa ocidental como um \u201c<strong>texano comunista<\/strong>\u201c. A revista <a href=\"https:\/\/www.rollingstone.com\/politics\/politics-features\/russell-texas-bentley-putin-propaganda-ukraine-interview-1315433\/\" rel=\"nofollow noopener\" target=\"_blank\">Rolling Stone <\/a>recorda-o a repetir frases como \u201cI hate nazis\u201d (odeio nazis, em portugu\u00eas), explicando a forma como se convenceu, atrav\u00e9s de conte\u00fados pr\u00f3-russos nas redes sociais, de que o Governo de Kiev estaria \u201cinfestado de nazis\u201d.<\/p>\n<p>Antes de trocar o Texas pela guerra, em 2014, tinha sido ativista pela legaliza\u00e7\u00e3o da marijuana e at\u00e9 candidato ao Senado dos Estados Unidos pelo Minnesota em 1990 \u2014 elei\u00e7\u00e3o onde somou quase 30 mil votos. Chegou a cumprir pena de pris\u00e3o por tr\u00e1fico de marijuana, segundo a <a href=\"https:\/\/www.texasmonthly.com\/articles\/son-wealthy-businessman-foot-soldier-vladimir-putin-russia-hacking\/\" rel=\"nofollow noopener\" target=\"_blank\">Texas Monthly<\/a>.<\/p>\n<p>No Donbass, <a href=\"https:\/\/observador.pt\/2022\/11\/22\/texas-o-comunista-que-e-o-unico-norte-americano-em-donetsk-e-quer-desnazificar-a-ucrania\/\" rel=\"nofollow noopener\" target=\"_blank\">\u201cTexas\u201d, como era conhecido<\/a>, combateu tr\u00eas anos no Batalh\u00e3o Vostok, que acolhia estrangeiros. Mais tarde concluiu que seria mais \u00fatil \u201cna guerra de informa\u00e7\u00e3o\u201d e dedicou-se a produzir propaganda online, tornando-se oficialmente cidad\u00e3o russo em 2020.<\/p>\n<blockquote class=\"wp-embedded-content\" data-secret=\"r4N7E0IO3n\">\n<p><a href=\"https:\/\/observador.pt\/2022\/11\/22\/texas-o-comunista-que-e-o-unico-norte-americano-em-donetsk-e-quer-desnazificar-a-ucrania\/\" rel=\"nofollow noopener\" target=\"_blank\">\u201cTexas\u201d, o comunista que \u00e9 o \u00fanico norte-americano em Donetsk e quer desnazificar a Ucr\u00e2nia<\/a><\/p>\n<\/blockquote>\n<p>Ap\u00f3s a invas\u00e3o da Ucr\u00e2nia, em fevereiro de 2022, publicou v\u00e1rios conte\u00fados cheios de <strong>desinforma\u00e7\u00e3o<\/strong>. Num v\u00eddeo no YouTube, entretanto removido, exaltava os militares russos como \u201clibertadores\u201d. Numa outra publica\u00e7\u00e3o, escreveu que seguia \u201cpara oeste com os Libertadores da Ucr\u00e2nia\u201d, acrescentando: <strong>\u201cPodemos parar em Kiev, podemos parar no Canal da Mancha. Podemos libertar os Estados Unidos\u201d.<\/strong><\/p>\n","protected":false},"excerpt":{"rendered":"Acompanhe o nosso liveblog sobre a guerra na Ucr\u00e2nia Um tribunal militar instalado pela R\u00fassia no territ\u00f3rio ucraniano&hellip;\n","protected":false},"author":2,"featured_media":183320,"comment_status":"","ping_status":"","sticky":false,"template":"","format":"standard","meta":{"footnotes":""},"categories":[50],"tags":[624,27,28,623,445,15,16,1123,14,25,26,21,22,62,12,13,19,20,23,24,3879,17,18,1124,29,30,31,63,64,65],"class_list":{"0":"post-183319","1":"post","2":"type-post","3":"status-publish","4":"format-standard","5":"has-post-thumbnail","7":"category-mundo","8":"tag-amu00e9rica","9":"tag-breaking-news","10":"tag-breakingnews","11":"tag-estados-unidos-da-amu00e9rica","12":"tag-europa","13":"tag-featured-news","14":"tag-featurednews","15":"tag-guerra-na-ucru00e2nia","16":"tag-headlines","17":"tag-latest-news","18":"tag-latestnews","19":"tag-main-news","20":"tag-mainnews","21":"tag-mundo","22":"tag-news","23":"tag-noticias","24":"tag-noticias-principais","25":"tag-noticiasprincipais","26":"tag-principais-noticias","27":"tag-principaisnoticias","28":"tag-ru00fassia","29":"tag-top-stories","30":"tag-topstories","31":"tag-ucru00e2nia","32":"tag-ultimas","33":"tag-ultimas-noticias","34":"tag-ultimasnoticias","35":"tag-world","36":"tag-world-news","37":"tag-worldnews"},"share_on_mastodon":{"url":"","error":"Validation failed: Text character limit of 500 exceeded"},"_links":{"self":[{"href":"https:\/\/www.europesays.com\/pt\/wp-json\/wp\/v2\/posts\/183319","targetHints":{"allow":["GET"]}}],"collection":[{"href":"https:\/\/www.europesays.com\/pt\/wp-json\/wp\/v2\/posts"}],"about":[{"href":"https:\/\/www.europesays.com\/pt\/wp-json\/wp\/v2\/types\/post"}],"author":[{"embeddable":true,"href":"https:\/\/www.europesays.com\/pt\/wp-json\/wp\/v2\/users\/2"}],"replies":[{"embeddable":true,"href":"https:\/\/www.europesays.com\/pt\/wp-json\/wp\/v2\/comments?post=183319"}],"version-history":[{"count":0,"href":"https:\/\/www.europesays.com\/pt\/wp-json\/wp\/v2\/posts\/183319\/revisions"}],"wp:featuredmedia":[{"embeddable":true,"href":"https:\/\/www.europesays.com\/pt\/wp-json\/wp\/v2\/media\/183320"}],"wp:attachment":[{"href":"https:\/\/www.europesays.com\/pt\/wp-json\/wp\/v2\/media?parent=183319"}],"wp:term":[{"taxonomy":"category","embeddable":true,"href":"https:\/\/www.europesays.com\/pt\/wp-json\/wp\/v2\/categories?post=183319"},{"taxonomy":"post_tag","embeddable":true,"href":"https:\/\/www.europesays.com\/pt\/wp-json\/wp\/v2\/tags?post=183319"}],"curies":[{"name":"wp","href":"https:\/\/api.w.org\/{rel}","templated":true}]}}