{"id":183321,"date":"2025-12-10T20:57:05","date_gmt":"2025-12-10T20:57:05","guid":{"rendered":"https:\/\/www.europesays.com\/pt\/183321\/"},"modified":"2025-12-10T20:57:05","modified_gmt":"2025-12-10T20:57:05","slug":"portugal-na-economia-do-ano-para-a-the-economist-o-emprego-e-a-surpresa","status":"publish","type":"post","link":"https:\/\/www.europesays.com\/pt\/183321\/","title":{"rendered":"Portugal: na \u201ceconomia do ano\u201d para a \u201cThe Economist\u201d, o emprego \u00e9 a surpresa"},"content":{"rendered":"<p class=\"texto\">Portugal \u00e9 a \u201ceconomia do ano\u201d para a \u201cThe Economist\u201d. A revista brit\u00e2nica tamb\u00e9m escolheu \u201cThe Illegals\u201d, do jornalista brit\u00e2nico Shaun Walker, \u201cAdolescence\u201d, da Netflix, e \u201cFoi S\u00f3 Um Acidente\u201d, do iraniano Jafar Panahi, para a sua lista de melhores livros, s\u00e9ries e filmes do ano, respetivamente. Mas na cultura como na economia as escolhas dependem dos crit\u00e9rios e nem sempre s\u00e3o consensuais. <\/p>\n<p><a href=\"https:\/\/expresso.pt\/subscrever?action=GEN&amp;channel=BAF&amp;type=CAP&amp;source=WEB&amp;returnUrl=https:\/\/expresso.pt\/economia\/2025-12-10-portugal-na-economia-do-ano-para-a-the-economist-o-emprego-e-a-surpresa-b4fc844f&amp;utm_source=expresso&amp;utm_medium=locked_article&amp;locked=true&amp;article_id=57855bda-17ed-4420-bb2b-0a367612ada1&amp;author_id=Pedro+Carreira+Garcia&amp;category=Economia\" target=\"_self\" class=\"\" rel=\"nofollow noopener\">Subscrever<\/a>J\u00e1 \u00e9 Subscritor?Fa\u00e7a login e continue a ler<a href=\"http:\/\/expresso.pt\/codigo?redirectUrl=https:\/\/expresso.pt\/economia\/2025-12-10-portugal-na-economia-do-ano-para-a-the-economist-o-emprego-e-a-surpresa-b4fc844f\" target=\"_self\" class=\"\" rel=\"nofollow noopener\">Inserir C\u00f3digo<\/a>Comprou o Expresso?Insira o c\u00f3digo presente na Revista E para continuar a ler<\/p>\n","protected":false},"excerpt":{"rendered":"Portugal \u00e9 a \u201ceconomia do ano\u201d para a \u201cThe Economist\u201d. A revista brit\u00e2nica tamb\u00e9m escolheu \u201cThe Illegals\u201d, do&hellip;\n","protected":false},"author":2,"featured_media":183322,"comment_status":"","ping_status":"","sticky":false,"template":"","format":"standard","meta":{"footnotes":""},"categories":[10],"tags":[27,28,15,16,14,25,26,21,22,12,13,19,20,32,23,24,33,17,18,29,30,31],"class_list":{"0":"post-183321","1":"post","2":"type-post","3":"status-publish","4":"format-standard","5":"has-post-thumbnail","7":"category-portugal","8":"tag-breaking-news","9":"tag-breakingnews","10":"tag-featured-news","11":"tag-featurednews","12":"tag-headlines","13":"tag-latest-news","14":"tag-latestnews","15":"tag-main-news","16":"tag-mainnews","17":"tag-news","18":"tag-noticias","19":"tag-noticias-principais","20":"tag-noticiasprincipais","21":"tag-portugal","22":"tag-principais-noticias","23":"tag-principaisnoticias","24":"tag-pt","25":"tag-top-stories","26":"tag-topstories","27":"tag-ultimas","28":"tag-ultimas-noticias","29":"tag-ultimasnoticias"},"share_on_mastodon":{"url":"https:\/\/pubeurope.com\/@pt\/115697276885861008","error":""},"_links":{"self":[{"href":"https:\/\/www.europesays.com\/pt\/wp-json\/wp\/v2\/posts\/183321","targetHints":{"allow":["GET"]}}],"collection":[{"href":"https:\/\/www.europesays.com\/pt\/wp-json\/wp\/v2\/posts"}],"about":[{"href":"https:\/\/www.europesays.com\/pt\/wp-json\/wp\/v2\/types\/post"}],"author":[{"embeddable":true,"href":"https:\/\/www.europesays.com\/pt\/wp-json\/wp\/v2\/users\/2"}],"replies":[{"embeddable":true,"href":"https:\/\/www.europesays.com\/pt\/wp-json\/wp\/v2\/comments?post=183321"}],"version-history":[{"count":0,"href":"https:\/\/www.europesays.com\/pt\/wp-json\/wp\/v2\/posts\/183321\/revisions"}],"wp:featuredmedia":[{"embeddable":true,"href":"https:\/\/www.europesays.com\/pt\/wp-json\/wp\/v2\/media\/183322"}],"wp:attachment":[{"href":"https:\/\/www.europesays.com\/pt\/wp-json\/wp\/v2\/media?parent=183321"}],"wp:term":[{"taxonomy":"category","embeddable":true,"href":"https:\/\/www.europesays.com\/pt\/wp-json\/wp\/v2\/categories?post=183321"},{"taxonomy":"post_tag","embeddable":true,"href":"https:\/\/www.europesays.com\/pt\/wp-json\/wp\/v2\/tags?post=183321"}],"curies":[{"name":"wp","href":"https:\/\/api.w.org\/{rel}","templated":true}]}}