{"id":183325,"date":"2025-12-10T21:02:12","date_gmt":"2025-12-10T21:02:12","guid":{"rendered":"https:\/\/www.europesays.com\/pt\/183325\/"},"modified":"2025-12-10T21:02:12","modified_gmt":"2025-12-10T21:02:12","slug":"catarina-siqueira-regressa-ao-trabalho-dias-apos-ser-mae-e-explica-decisao-surpreendente-secret-story","status":"publish","type":"post","link":"https:\/\/www.europesays.com\/pt\/183325\/","title":{"rendered":"Catarina Siqueira regressa ao trabalho dias ap\u00f3s ser m\u00e3e e explica decis\u00e3o surpreendente &#8211; Secret Story"},"content":{"rendered":"<p data-end=\"1296\" data-start=\"1029\"><strong>Catarina Siqueira<\/strong> est\u00e1 a viver um per\u00edodo intenso, marcado pelo nascimento do segundo filho e por um regresso precoce ao trabalho. A atriz da TVI, que recebeu Mateus no dia 19 de novembro, revelou que voltou ao est\u00fadio apenas uma semana e meia depois de ter sido m\u00e3e.<\/p>\n<p data-end=\"1696\" data-start=\"1298\">\u00c0 margem da emiss\u00e3o especial <strong>H\u00e1 Festa no Hospital<\/strong>, Catarina explicou \u00e0 imprensa que sempre recuperou bem fisicamente, mesmo tendo passado por uma cesariana, uma cirurgia tradicionalmente exigente e de recupera\u00e7\u00e3o prolongada. \u00abEu gosto muito pouco de estar quieta e, felizmente, recupero muito bem. O Mateus nasceu da cesariana. Toda a gente sabe ou, pelo menos, j\u00e1 ouviu dizer que a cesariana uma \u00e9 das cirurgias mais brutais que existem. Portanto, a recupera\u00e7\u00e3o \u00e9 muito exigente e muito demorada. Eu, de certa forma, recupero lindamente e, portanto, fiz quest\u00e3o de voltar ao trabalho assim que pude\u00bb, afirmou, mostrando determina\u00e7\u00e3o e energia nesta nova fase.<\/p>\n<p data-end=\"2061\" data-start=\"1698\">O retorno n\u00e3o foi apenas um desafio f\u00edsico, mas tamb\u00e9m emocional. \u00abO Mateus era muito pequenino quando eu voltei para o est\u00fadio. Ele tinha uma semana e meia. Ele faz, hoje, tr\u00eas semanas. Eu j\u00e1 estou a trabalhar h\u00e1 uma semana e meia, portanto, ele era mesmo muito pequenino. De repente, deixar o Henrique sozinho com ele&#8230; Os dois a aprender tudo&#8230; Foi um desafio para mim n\u00e3o ligar de cinco em cinco minutos. Mas ele surpreendeu-me imenso. J\u00e1 ficou ene vezes sozinho com ele\u00bb, confessou, admitindo que o companheiro a surpreendeu pela positiva.<\/p>\n<p data-end=\"2341\" data-start=\"2063\">Para Catarina, esta din\u00e2mica refor\u00e7a a parceria familiar que tem constru\u00eddo com Henrique de Carvalho, pai do rec\u00e9m-nascido e tamb\u00e9m ator.\u00a0<\/p>\n<p data-end=\"2519\" data-start=\"2343\">A atriz n\u00e3o escondeu ainda a emo\u00e7\u00e3o por participar no evento solid\u00e1rio da TVI. \u00abAcho que s\u00e3o iniciativas como esta que acabam por fazer toda a diferen\u00e7a\u00bb, afirmou.<\/p>\n<p data-end=\"2743\" data-start=\"2521\">Al\u00e9m de Mateus, Catarina \u00e9 m\u00e3e de Luz, de nove anos, fruto da rela\u00e7\u00e3o anterior com Marco Campos. Agora, vive uma fase de adapta\u00e7\u00f5es r\u00e1pidas e emo\u00e7\u00f5es fortes, dividindo-se entre o amor pela fam\u00edlia e a paix\u00e3o pelo trabalho.<\/p>\n<p>Catarina Siqueira fala de fase delicada ap\u00f3s ser m\u00e3e pela segunda vez <\/p>\n<p data-end=\"925\" data-start=\"559\"><strong>Catarina Siqueira<\/strong> est\u00e1 a atravessar dias de grande emo\u00e7\u00e3o. A atriz da TVI e ex-concorrente do <strong>Big Brother Famosos<\/strong> foi m\u00e3e pela segunda vez, um acontecimento que encheu de luz a sua vida e marcou uma reviravolta profunda no seu quotidiano. Poucos dias depois do nascimento, Catarina assumiu que se encontra num momento particularmente sens\u00edvel e cheio de significado.<\/p>\n<p data-end=\"925\" data-start=\"559\">O desabafo surge durante a presen\u00e7a da atriz na emiss\u00e3o solid\u00e1ria <strong>H\u00e1 Festa no Hospital<\/strong>, transmitida pela TVI a partir do Hospital Dona Estef\u00e2nia. O evento teve como objetivo angariar fundos para a aquisi\u00e7\u00e3o de material cir\u00fargico essencial nas \u00e1reas de neurocirurgia pedi\u00e1trica e gastroenterologia pedi\u00e1trica, refor\u00e7ando o compromisso com a melhoria dos cuidados de sa\u00fade infantis.<\/p>\n<p data-end=\"925\" data-start=\"559\"><strong>Veja o momento:<\/strong><\/p>\n<p data-end=\"2743\" data-start=\"2521\">\u00a0<\/p>\n","protected":false},"excerpt":{"rendered":"Catarina Siqueira est\u00e1 a viver um per\u00edodo intenso, marcado pelo nascimento do segundo filho e por um regresso&hellip;\n","protected":false},"author":2,"featured_media":183326,"comment_status":"","ping_status":"","sticky":false,"template":"","format":"standard","meta":{"footnotes":""},"categories":[142],"tags":[18706,48,3331,32809,114,115,18705,37271,32,33,151,18704],"class_list":{"0":"post-183325","1":"post","2":"type-post","3":"status-publish","4":"format-standard","5":"has-post-thumbnail","7":"category-tv","8":"tag-bastidores-secret-story","9":"tag-big-brother","10":"tag-big-brother-famosos","11":"tag-catarina-siqueira","12":"tag-entertainment","13":"tag-entretenimento","14":"tag-entrevistas-concorrentes-tvi","15":"tag-ha-festa-no-hospital","16":"tag-portugal","17":"tag-pt","18":"tag-tv","19":"tag-vida-fora-da-casa"},"share_on_mastodon":{"url":"https:\/\/pubeurope.com\/@pt\/115697296634787497","error":""},"_links":{"self":[{"href":"https:\/\/www.europesays.com\/pt\/wp-json\/wp\/v2\/posts\/183325","targetHints":{"allow":["GET"]}}],"collection":[{"href":"https:\/\/www.europesays.com\/pt\/wp-json\/wp\/v2\/posts"}],"about":[{"href":"https:\/\/www.europesays.com\/pt\/wp-json\/wp\/v2\/types\/post"}],"author":[{"embeddable":true,"href":"https:\/\/www.europesays.com\/pt\/wp-json\/wp\/v2\/users\/2"}],"replies":[{"embeddable":true,"href":"https:\/\/www.europesays.com\/pt\/wp-json\/wp\/v2\/comments?post=183325"}],"version-history":[{"count":0,"href":"https:\/\/www.europesays.com\/pt\/wp-json\/wp\/v2\/posts\/183325\/revisions"}],"wp:featuredmedia":[{"embeddable":true,"href":"https:\/\/www.europesays.com\/pt\/wp-json\/wp\/v2\/media\/183326"}],"wp:attachment":[{"href":"https:\/\/www.europesays.com\/pt\/wp-json\/wp\/v2\/media?parent=183325"}],"wp:term":[{"taxonomy":"category","embeddable":true,"href":"https:\/\/www.europesays.com\/pt\/wp-json\/wp\/v2\/categories?post=183325"},{"taxonomy":"post_tag","embeddable":true,"href":"https:\/\/www.europesays.com\/pt\/wp-json\/wp\/v2\/tags?post=183325"}],"curies":[{"name":"wp","href":"https:\/\/api.w.org\/{rel}","templated":true}]}}