{"id":183351,"date":"2025-12-10T21:25:44","date_gmt":"2025-12-10T21:25:44","guid":{"rendered":"https:\/\/www.europesays.com\/pt\/183351\/"},"modified":"2025-12-10T21:25:44","modified_gmt":"2025-12-10T21:25:44","slug":"proprietario-quer-saber-primeiro-o-que-levou-a-derrocada-na-baixa-de-coimbra-noticias-de-coimbra","status":"publish","type":"post","link":"https:\/\/www.europesays.com\/pt\/183351\/","title":{"rendered":"Propriet\u00e1rio quer saber \u201cprimeiro\u201d o que levou \u00e0 derrocada na Baixa de Coimbra \u2013 Not\u00edcias de Coimbra"},"content":{"rendered":"<p><strong>Edif\u00edcio da rua da Fornalhinha foi adquirido pelos av\u00f3s.<\/strong><\/p>\n<p>Em entrevista ao Not\u00edcias de Coimbra, Jos\u00e9 Barata afirmou que viveu no edif\u00edcio durante muitos anos at\u00e9 \u00e0 altura (cerca de 45 anos) em que foi morar para Lisboa.<\/p>\n<p>PUBLICIDADE<\/p>\n<p>\t\t\t\t\t\t<a class=\"publicidade-imagem d-flex justify-content-center\" href=\"https:\/\/www.facebook.com\/ufcoimbra\" rel=\"nofollow noopener\" target=\"_blank\"><br \/>\n\t\t\t\t\t\t  <img loading=\"lazy\" width=\"980\" height=\"350\" decoding=\"async\" src=\"https:\/\/www.europesays.com\/pt\/wp-content\/uploads\/2025\/11\/NATALCOIMBRA-2025.jpg\" alt=\"publicidade\" class=\"img-fluid\"\/><br \/>\n\t\t\t\t\t\t<\/a><\/p>\n<p>Desde ent\u00e3o, tem vindo a Coimbra nalguns per\u00edodos do ano e pernoita sempre num quarto que fica situado no 1.\u00ba piso do n\u00famero 9 daquela art\u00e9ria na Baixa. \u201cAinda h\u00e1 3 meses aqui estive e nada indicava que tal viesse a acontecer\u201d, disse, lembrando mesmo que at\u00e9 agora nunca ningu\u00e9m lhe fez uma proposta ou mostrou vontade de adquirir o edif\u00edcio.<\/p>\n<p>Apesar de reconhecer que o facto do pr\u00e9dio n\u00e3o estar habitado \u201ch\u00e1, pelo menos, 7 a 8 anos\u201d possa ter conduzido a alguma degrada\u00e7\u00e3o, Jos\u00e9 Barata refuta qualquer cr\u00edtica que lhe possa ser feita relativamente ao abandono daquele edificado. \u201cAinda h\u00e1 6 anos mudei o telhado todo\u201d, afirmou.<\/p>\n<p>Sobre a <strong><a href=\"https:\/\/www.noticiasdecoimbra.pt\/desabamento-predio-em-coimbra-deixa-14-desalojados\/\" target=\"_blank\" rel=\"noreferrer noopener nofollow\">derrocada <\/a><\/strong>registada na noite de s\u00e1bado, 6 de dezembro, o propriet\u00e1rio quer primeiro saber o que levou a essa situa\u00e7\u00e3o, pois voltou a dizer que \u201cnada indicava que a parede pudesse cair\u201d.<\/p>\n<p>Em rela\u00e7\u00e3o \u00e0s <a href=\"https:\/\/www.noticiasdecoimbra.pt\/ana-abrunhosa-com-mao-pesada-contra-donos-de-imoveis-degradados-em-coimbra\/\" rel=\"nofollow noopener\" target=\"_blank\"><strong>declara\u00e7\u00f5es <\/strong><\/a>da presidente da c\u00e2mara de Coimbra, feitas na manh\u00e3 de ter\u00e7a-feira no \u00e1trio dos Pa\u00e7os do Concelho, Jos\u00e9 Barata \u2013 que n\u00e3o quis tirar fotos nem fazer entrevista v\u00eddeo \u2013 desmente que j\u00e1 tenha sido notificado pela autarquia devido ao estado de ru\u00edna. \u201cNunca fui notificado\u201d, frisou.<\/p>\n<p>Sobre as despesas que lhe v\u00e3o ser imputadas, o propriet\u00e1rio respondeu que as assumir\u00e1 caso \u201ca peritagem\u201d confirme as suas responsabilidades no colapso da parede.<\/p>\n<p>Neste momento, aguarda o relat\u00f3rio da peritagem ao pr\u00e9dio da Rua da Fornalhinha para depois poder avan\u00e7ar com obras. <\/p>\n<p>Neste momento, e at\u00e9 porque n\u00e3o tem acesso aos pisos superiores \u201cpor quest\u00f5es de seguran\u00e7a\u201d, j\u00e1 conversou com duas empresas, mas o valor a gastar est\u00e1 dependente do que \u00e9 necess\u00e1rio fazer para voltar a colocar o seu pr\u00e9dio em seguran\u00e7a.<\/p>\n","protected":false},"excerpt":{"rendered":"Edif\u00edcio da rua da Fornalhinha foi adquirido pelos av\u00f3s. Em entrevista ao Not\u00edcias de Coimbra, Jos\u00e9 Barata afirmou&hellip;\n","protected":false},"author":2,"featured_media":183352,"comment_status":"","ping_status":"","sticky":false,"template":"","format":"standard","meta":{"footnotes":""},"categories":[10],"tags":[27,28,15,16,14,25,26,21,22,12,13,19,20,32,23,24,33,17,18,29,30,31],"class_list":{"0":"post-183351","1":"post","2":"type-post","3":"status-publish","4":"format-standard","5":"has-post-thumbnail","7":"category-portugal","8":"tag-breaking-news","9":"tag-breakingnews","10":"tag-featured-news","11":"tag-featurednews","12":"tag-headlines","13":"tag-latest-news","14":"tag-latestnews","15":"tag-main-news","16":"tag-mainnews","17":"tag-news","18":"tag-noticias","19":"tag-noticias-principais","20":"tag-noticiasprincipais","21":"tag-portugal","22":"tag-principais-noticias","23":"tag-principaisnoticias","24":"tag-pt","25":"tag-top-stories","26":"tag-topstories","27":"tag-ultimas","28":"tag-ultimas-noticias","29":"tag-ultimasnoticias"},"share_on_mastodon":{"url":"https:\/\/pubeurope.com\/@pt\/115697387241655835","error":""},"_links":{"self":[{"href":"https:\/\/www.europesays.com\/pt\/wp-json\/wp\/v2\/posts\/183351","targetHints":{"allow":["GET"]}}],"collection":[{"href":"https:\/\/www.europesays.com\/pt\/wp-json\/wp\/v2\/posts"}],"about":[{"href":"https:\/\/www.europesays.com\/pt\/wp-json\/wp\/v2\/types\/post"}],"author":[{"embeddable":true,"href":"https:\/\/www.europesays.com\/pt\/wp-json\/wp\/v2\/users\/2"}],"replies":[{"embeddable":true,"href":"https:\/\/www.europesays.com\/pt\/wp-json\/wp\/v2\/comments?post=183351"}],"version-history":[{"count":0,"href":"https:\/\/www.europesays.com\/pt\/wp-json\/wp\/v2\/posts\/183351\/revisions"}],"wp:featuredmedia":[{"embeddable":true,"href":"https:\/\/www.europesays.com\/pt\/wp-json\/wp\/v2\/media\/183352"}],"wp:attachment":[{"href":"https:\/\/www.europesays.com\/pt\/wp-json\/wp\/v2\/media?parent=183351"}],"wp:term":[{"taxonomy":"category","embeddable":true,"href":"https:\/\/www.europesays.com\/pt\/wp-json\/wp\/v2\/categories?post=183351"},{"taxonomy":"post_tag","embeddable":true,"href":"https:\/\/www.europesays.com\/pt\/wp-json\/wp\/v2\/tags?post=183351"}],"curies":[{"name":"wp","href":"https:\/\/api.w.org\/{rel}","templated":true}]}}