{"id":183362,"date":"2025-12-10T21:38:30","date_gmt":"2025-12-10T21:38:30","guid":{"rendered":"https:\/\/www.europesays.com\/pt\/183362\/"},"modified":"2025-12-10T21:38:30","modified_gmt":"2025-12-10T21:38:30","slug":"kallas-ve-uso-de-ativos-russos-como-ponto-de-viragem-e-critica-falta-de-pressao-sobre-russia","status":"publish","type":"post","link":"https:\/\/www.europesays.com\/pt\/183362\/","title":{"rendered":"Kallas v\u00ea uso de ativos russos como ponto de viragem e critica falta de press\u00e3o sobre R\u00fassia"},"content":{"rendered":"<p>A chefe da diplomacia europeia, Kaja Kallas, defendeu hoje o uso dos ativos russos congelados para financiar a Ucr\u00e2nia como \u201cponto de viragem\u201d e haver \u201cfalta de press\u00e3o\u201d sobre Moscovo nas negocia\u00e7\u00f5es de paz lideradas por Washington.<\/p>\n<p>A Comiss\u00e3o Europeia prop\u00f4s um empr\u00e9stimo utilizando o dinheiro associado aos bens russos congelados por san\u00e7\u00f5es como uma das formas de financiar a Ucr\u00e2nia nos pr\u00f3ximos anos, mas a B\u00e9lgica, pa\u00eds onde se encontra a maior parte destes ativos na Europa, op\u00f5e-se \u00e0 iniciativa.<\/p>\n<p>Numa compar\u00eancia na comiss\u00e3o de Neg\u00f3cios Estrangeiros do Parlamento Europeu, Kallas sublinhou que o trabalho sobre esta proposta est\u00e1 em curso e manifestou confian\u00e7a de que os l\u00edderes dos 27 Estados-membros da Uni\u00e3o Europeia (UE) chegar\u00e3o a acordo sobre o assunto na cimeira europeia que se realizar\u00e1 na pr\u00f3xima semana em Bruxelas.<\/p>\n<p>\u201cAinda n\u00e3o cheg\u00e1mos a acordo, mas o trabalho est\u00e1 em marcha, e isso \u00e9 importante porque pode ser um ponto de viragem em muitos aspetos\u201d, comentou.<\/p>\n<p>Na sua opini\u00e3o, tal enviaria \u00e0 R\u00fassia sinal de que n\u00e3o \u201caguenta mais\u201d que a UE e \u00e0 Ucr\u00e2nia, de que o clube comunit\u00e1rio \u201cest\u00e1 a ajud\u00e1-la\u201d.<\/p>\n<p>\u201c\u00c9 tamb\u00e9m um sinal [\u00e0 R\u00fassia] de que n\u00e3o se pode safar impunemente dos danos que est\u00e1 a causar\u201d, acrescentou.<\/p>\n<p>Segundo a Alta Representante da UE para a Pol\u00edtica Externa, se todos os Estados-membros tivessem dado o apoio militar que agora est\u00e3o a fornecer \u00e0 Ucr\u00e2nia nos primeiros meses da invas\u00e3o russa em grande escala do pa\u00eds, iniciada em fevereiro de 2022, \u201co resultado teria sido diferente\u201d.<\/p>\n<p>Sobre as conversa\u00e7\u00f5es de paz lideradas pelos Estados Unidos com a R\u00fassia e a Ucr\u00e2nia, Kallas observou que \u201c\u00e9 evidente que n\u00e3o h\u00e1 muita press\u00e3o sobre a R\u00fassia\u201d.<\/p>\n<p>\u201cN\u00e3o podemos chegar a uma situa\u00e7\u00e3o em que haja um acordo de paz que recompense a agress\u00e3o, porque a\u00ed vamos ver mais agress\u00e3o\u201d, sustentou.<\/p>\n<p>A este prop\u00f3sito, acrescentou que a guerra na Ucr\u00e2nia se prolonga porque a R\u00fassia \u201cse recusa a parar\u201d e que o Presidente russo, Vladimir Putin, \u201cfinge que a Europa \u00e9 o obst\u00e1culo \u00e0 paz, quando nada poderia estar mais longe da verdade\u201d.<\/p>\n<p>\u201cEsta guerra est\u00e1 a acontecer em solo europeu, portanto, a forma como a guerra termina importa aos europeus. N\u00e3o \u00e9 do nosso interesse que a R\u00fassia volte a atacar. O custo de apoiar a Ucr\u00e2nia hoje \u00e9 insignificante em compara\u00e7\u00e3o com o que ter\u00edamos de gastar numa guerra em larga escala na Uni\u00e3o Europeia\u201d, alertou.<\/p>\n<p>Kaja Kallas sublinhou ainda que a Europa tem \u201ca influ\u00eancia econ\u00f3mica para impor um fim justo a esta guerra\u201d, mas que essa influ\u00eancia \u201cs\u00f3 funciona quando \u00e9 utilizada\u201d, argumentando que, por essa raz\u00e3o, deveriam ser feitos esfor\u00e7os para fornecer \u00e0 Ucr\u00e2nia empr\u00e9stimos a partir dos bens russos congelados e para aprovar a imposi\u00e7\u00e3o de novas san\u00e7\u00f5es ao Kremlin.<\/p>\n<p>\u201cDar \u00e0 Ucr\u00e2nia os recursos de que necessita para se defender n\u00e3o prolonga a guerra; pode ajudar a p\u00f4r-lhe fim\u201d, vincou.<\/p>\n","protected":false},"excerpt":{"rendered":"A chefe da diplomacia europeia, Kaja Kallas, defendeu hoje o uso dos ativos russos congelados para financiar a&hellip;\n","protected":false},"author":2,"featured_media":183363,"comment_status":"","ping_status":"","sticky":false,"template":"","format":"standard","meta":{"footnotes":""},"categories":[50],"tags":[27,28,15,16,14,25,26,21,22,62,12,13,19,20,23,24,17,18,29,30,31,63,64,65],"class_list":{"0":"post-183362","1":"post","2":"type-post","3":"status-publish","4":"format-standard","5":"has-post-thumbnail","7":"category-mundo","8":"tag-breaking-news","9":"tag-breakingnews","10":"tag-featured-news","11":"tag-featurednews","12":"tag-headlines","13":"tag-latest-news","14":"tag-latestnews","15":"tag-main-news","16":"tag-mainnews","17":"tag-mundo","18":"tag-news","19":"tag-noticias","20":"tag-noticias-principais","21":"tag-noticiasprincipais","22":"tag-principais-noticias","23":"tag-principaisnoticias","24":"tag-top-stories","25":"tag-topstories","26":"tag-ultimas","27":"tag-ultimas-noticias","28":"tag-ultimasnoticias","29":"tag-world","30":"tag-world-news","31":"tag-worldnews"},"share_on_mastodon":{"url":"https:\/\/pubeurope.com\/@pt\/115697438285549734","error":""},"_links":{"self":[{"href":"https:\/\/www.europesays.com\/pt\/wp-json\/wp\/v2\/posts\/183362","targetHints":{"allow":["GET"]}}],"collection":[{"href":"https:\/\/www.europesays.com\/pt\/wp-json\/wp\/v2\/posts"}],"about":[{"href":"https:\/\/www.europesays.com\/pt\/wp-json\/wp\/v2\/types\/post"}],"author":[{"embeddable":true,"href":"https:\/\/www.europesays.com\/pt\/wp-json\/wp\/v2\/users\/2"}],"replies":[{"embeddable":true,"href":"https:\/\/www.europesays.com\/pt\/wp-json\/wp\/v2\/comments?post=183362"}],"version-history":[{"count":0,"href":"https:\/\/www.europesays.com\/pt\/wp-json\/wp\/v2\/posts\/183362\/revisions"}],"wp:featuredmedia":[{"embeddable":true,"href":"https:\/\/www.europesays.com\/pt\/wp-json\/wp\/v2\/media\/183363"}],"wp:attachment":[{"href":"https:\/\/www.europesays.com\/pt\/wp-json\/wp\/v2\/media?parent=183362"}],"wp:term":[{"taxonomy":"category","embeddable":true,"href":"https:\/\/www.europesays.com\/pt\/wp-json\/wp\/v2\/categories?post=183362"},{"taxonomy":"post_tag","embeddable":true,"href":"https:\/\/www.europesays.com\/pt\/wp-json\/wp\/v2\/tags?post=183362"}],"curies":[{"name":"wp","href":"https:\/\/api.w.org\/{rel}","templated":true}]}}