{"id":183382,"date":"2025-12-10T22:02:12","date_gmt":"2025-12-10T22:02:12","guid":{"rendered":"https:\/\/www.europesays.com\/pt\/183382\/"},"modified":"2025-12-10T22:02:12","modified_gmt":"2025-12-10T22:02:12","slug":"farioli-gabri-veiga-teve-um-problema-nao-esta-convocado-para-o-malmo","status":"publish","type":"post","link":"https:\/\/www.europesays.com\/pt\/183382\/","title":{"rendered":"Farioli: \u00abGabri Veiga teve um problema, n\u00e3o est\u00e1 convocado para o Malm\u00f6\u00bb"},"content":{"rendered":"<p style=\"margin-bottom:11px\">Francesco Farioli confirmou que o m\u00e9dio Gabri Veiga \u00e9 baixa para a rece\u00e7\u00e3o ao Malm\u00f6, na sexta jornada da fase liga da Liga Europa, encontro agendado para esta quinta-feira (20h). No Olival, \u00e0 Sport tv, o treinador dos drag\u00f5es explicou o momento do espanhol.<\/p>\n<p>\u00ab\u00c0s vezes temos de tomar algumas decis\u00f5es consoante as les\u00f5es. \u00c9 normal. Amanh\u00e3 vamos apresentar o melhor onze. O Gabri n\u00e3o est\u00e1 a recuperar como previsto. Teve um pequeno problema nos \u00faltimos dias. N\u00e3o vai estar convocado\u00bb, disse Farioli, depois da confer\u00eancia de imprensa.<\/p>\n<p><a href=\"https:\/\/maisfutebol.iol.pt\/fc-porto\/porto\/video-fc-porto-ultima-rececao-ao-malmo-com-tunel-ecra-gigante-e-drones\" rel=\"nofollow noopener\" target=\"_blank\">Durante a manh\u00e3 desta quarta-feira foi poss\u00edvel observar Rodrigo Mora<\/a> com uma prote\u00e7\u00e3o na coxa esquerda. Por sua vez, Gabri Veiga n\u00e3o surgiu no relvado, depois de treinar condicionado na ter\u00e7a-feira, enquanto recupera de uma entorse no tornozelo direito. No boletim cl\u00ednico dos drag\u00f5es continua o defesa Nehu\u00e9n\u00a0P\u00e9rez e o avan\u00e7ado Luuk\u00a0de Jong.<\/p>\n<p>O <a href=\"https:\/\/maisfutebol.iol.pt\/resultadoseclassificacoes\/399\/132\/Europa\/Liga-Europa\" rel=\"nofollow noopener\" target=\"_blank\">FC Porto ocupa o oitavo posto da Liga Europa, com nove pontos<\/a>, igualado com Sp. Braga (7.\u00ba) e Genk (9.\u00ba), a dois pontos dos l\u00edderes Lyon Midtjylland e Aston Villa. O Malm\u00f6 leva um ponto no 34.\u00ba lugar e <a href=\"https:\/\/maisfutebol.iol.pt\/jogo\/fc-porto\/malmo\/13830276\" rel=\"nofollow noopener\" target=\"_blank\">visita o Drag\u00e3o na noite desta quinta-feira<\/a> (20h).<\/p>\n","protected":false},"excerpt":{"rendered":"Francesco Farioli confirmou que o m\u00e9dio Gabri Veiga \u00e9 baixa para a rece\u00e7\u00e3o ao Malm\u00f6, na sexta jornada&hellip;\n","protected":false},"author":2,"featured_media":183383,"comment_status":"","ping_status":"","sticky":false,"template":"","format":"standard","meta":{"footnotes":""},"categories":[87],"tags":[135,2095,282,1011,5816,137,46,27894,462,32,33,47,134],"class_list":{"0":"post-183382","1":"post","2":"type-post","3":"status-publish","4":"format-standard","5":"has-post-thumbnail","7":"category-desporto","8":"tag-desporto","9":"tag-farioli","10":"tag-fc-porto","11":"tag-francesco-farioli","12":"tag-gabri-veiga","13":"tag-liga-europa","14":"tag-maisfutebol","15":"tag-malmo","16":"tag-porto","17":"tag-portugal","18":"tag-pt","19":"tag-pura-paixao","20":"tag-sports"},"share_on_mastodon":{"url":"https:\/\/pubeurope.com\/@pt\/115697532662483672","error":""},"_links":{"self":[{"href":"https:\/\/www.europesays.com\/pt\/wp-json\/wp\/v2\/posts\/183382","targetHints":{"allow":["GET"]}}],"collection":[{"href":"https:\/\/www.europesays.com\/pt\/wp-json\/wp\/v2\/posts"}],"about":[{"href":"https:\/\/www.europesays.com\/pt\/wp-json\/wp\/v2\/types\/post"}],"author":[{"embeddable":true,"href":"https:\/\/www.europesays.com\/pt\/wp-json\/wp\/v2\/users\/2"}],"replies":[{"embeddable":true,"href":"https:\/\/www.europesays.com\/pt\/wp-json\/wp\/v2\/comments?post=183382"}],"version-history":[{"count":0,"href":"https:\/\/www.europesays.com\/pt\/wp-json\/wp\/v2\/posts\/183382\/revisions"}],"wp:featuredmedia":[{"embeddable":true,"href":"https:\/\/www.europesays.com\/pt\/wp-json\/wp\/v2\/media\/183383"}],"wp:attachment":[{"href":"https:\/\/www.europesays.com\/pt\/wp-json\/wp\/v2\/media?parent=183382"}],"wp:term":[{"taxonomy":"category","embeddable":true,"href":"https:\/\/www.europesays.com\/pt\/wp-json\/wp\/v2\/categories?post=183382"},{"taxonomy":"post_tag","embeddable":true,"href":"https:\/\/www.europesays.com\/pt\/wp-json\/wp\/v2\/tags?post=183382"}],"curies":[{"name":"wp","href":"https:\/\/api.w.org\/{rel}","templated":true}]}}