{"id":183388,"date":"2025-12-10T22:15:12","date_gmt":"2025-12-10T22:15:12","guid":{"rendered":"https:\/\/www.europesays.com\/pt\/183388\/"},"modified":"2025-12-10T22:15:12","modified_gmt":"2025-12-10T22:15:12","slug":"xuxa-e-internada-e-deve-passar-por-cirurgia-em-sao-paulo","status":"publish","type":"post","link":"https:\/\/www.europesays.com\/pt\/183388\/","title":{"rendered":"Xuxa \u00e9 internada e deve passar por cirurgia em S\u00e3o Paulo"},"content":{"rendered":"<p>A apresentadora Xuxa Meneghel foi internada na ter\u00e7a-feira (9) no hospital Vila Nova Star, em S\u00e3o Paulo, e deve passar por uma cirurgia nesta quarta-feira (10).<\/p>\n<p>A informa\u00e7\u00e3o foi divulgada pela jornalista Gaby Cabrini, do programa Fofocalizando, exibido pelo SBT, e confirmada por Junno Andrade, marido de Xuxa.<\/p>\n<p>Segundo Junno, a apresentadora est\u00e1 bem e o procedimento \u00e9 considerado simples. A cirurgia est\u00e1 relacionada a uma h\u00e9rnia de disco.<\/p>\n<p>At\u00e9 o momento, Xuxa n\u00e3o se pronunciou oficialmente sobre o estado de sa\u00fade.<\/p>\n","protected":false},"excerpt":{"rendered":"A apresentadora Xuxa Meneghel foi internada na ter\u00e7a-feira (9) no hospital Vila Nova Star, em S\u00e3o Paulo, e&hellip;\n","protected":false},"author":2,"featured_media":183389,"comment_status":"","ping_status":"","sticky":false,"template":"","format":"standard","meta":{"footnotes":""},"categories":[145],"tags":[211,210,114,115,32,33],"class_list":{"0":"post-183388","1":"post","2":"type-post","3":"status-publish","4":"format-standard","5":"has-post-thumbnail","7":"category-celebridades","8":"tag-celebridades","9":"tag-celebrities","10":"tag-entertainment","11":"tag-entretenimento","12":"tag-portugal","13":"tag-pt"},"share_on_mastodon":{"url":"https:\/\/pubeurope.com\/@pt\/115697583649170558","error":""},"_links":{"self":[{"href":"https:\/\/www.europesays.com\/pt\/wp-json\/wp\/v2\/posts\/183388","targetHints":{"allow":["GET"]}}],"collection":[{"href":"https:\/\/www.europesays.com\/pt\/wp-json\/wp\/v2\/posts"}],"about":[{"href":"https:\/\/www.europesays.com\/pt\/wp-json\/wp\/v2\/types\/post"}],"author":[{"embeddable":true,"href":"https:\/\/www.europesays.com\/pt\/wp-json\/wp\/v2\/users\/2"}],"replies":[{"embeddable":true,"href":"https:\/\/www.europesays.com\/pt\/wp-json\/wp\/v2\/comments?post=183388"}],"version-history":[{"count":0,"href":"https:\/\/www.europesays.com\/pt\/wp-json\/wp\/v2\/posts\/183388\/revisions"}],"wp:featuredmedia":[{"embeddable":true,"href":"https:\/\/www.europesays.com\/pt\/wp-json\/wp\/v2\/media\/183389"}],"wp:attachment":[{"href":"https:\/\/www.europesays.com\/pt\/wp-json\/wp\/v2\/media?parent=183388"}],"wp:term":[{"taxonomy":"category","embeddable":true,"href":"https:\/\/www.europesays.com\/pt\/wp-json\/wp\/v2\/categories?post=183388"},{"taxonomy":"post_tag","embeddable":true,"href":"https:\/\/www.europesays.com\/pt\/wp-json\/wp\/v2\/tags?post=183388"}],"curies":[{"name":"wp","href":"https:\/\/api.w.org\/{rel}","templated":true}]}}