{"id":183412,"date":"2025-12-10T22:47:09","date_gmt":"2025-12-10T22:47:09","guid":{"rendered":"https:\/\/www.europesays.com\/pt\/183412\/"},"modified":"2025-12-10T22:47:09","modified_gmt":"2025-12-10T22:47:09","slug":"jackson-wang-do-got7-anuncia-volta-ao-brasil-em-2026-com-dois-shows","status":"publish","type":"post","link":"https:\/\/www.europesays.com\/pt\/183412\/","title":{"rendered":"Jackson Wang, do GOT7, anuncia volta ao Brasil em 2026 com dois shows"},"content":{"rendered":"<p>AHGASES, A ESPERA ACABOU! <a href=\"https:\/\/x.com\/JacksonWang852\" target=\"_blank\" rel=\"noopener nofollow\"><strong>Jackson Wang<\/strong><\/a>, integrante do <a href=\"https:\/\/pt.wikipedia.org\/wiki\/Got7\" target=\"_blank\" rel=\"noopener nofollow\">GOT7<\/a>, anunciou nesta quarta-feira, 10, que ir\u00e1 retornar ao Brasil em 2026 com a turn\u00ea \u201cMAGICMAN 2 WORLD TOUR 2026\u20132027\u201d. Essa ser\u00e1 a primeira vez que o artista vem \u00e0s terras brasileiras desde 2023, quando trouxe a tour \u201cMagic Man World Tour\u201d.<\/p>\n<p>Na nova passagem, o artista tem dois <a href=\"https:\/\/recreio.com.br\/tags\/show\" target=\"_blank\" rel=\"noopener nofollow\">shows<\/a> confirmados: em S\u00e3o Paulo, no dia 23 de abril na casa de shows Suhai Music Hall, e no Rio de Janeiro, em 25 de abril, na Farmasi Arena.<\/p>\n<blockquote class=\"twitter-tweet\">\n<p dir=\"ltr\" lang=\"en\">Latin America\ud83d\udc45<br \/>Im coming \ud83d\udc8b<br \/>Get on stage<br \/>What we doing !<br \/>This one hits different im telling you \ud83e\udd2f<br \/>.<br \/>MAGICMAN 2 WORLD TOUR 2026\u20132027<br \/>.<br \/>\ud83c\udfab LINK \ud83d\udc47<a href=\"https:\/\/t.co\/LXtOeUB36B\" rel=\"nofollow\">https:\/\/t.co\/LXtOeUB36B<\/a><br \/>.<a href=\"https:\/\/twitter.com\/hashtag\/MAGICMAN2WORLDTOUR?src=hash&amp;ref_src=twsrc%5Etfw\" rel=\"nofollow noopener\" target=\"_blank\">#MAGICMAN2WORLDTOUR<\/a><a href=\"https:\/\/twitter.com\/hashtag\/JACKSONWANGWORLDTOUR?src=hash&amp;ref_src=twsrc%5Etfw\" rel=\"nofollow noopener\" target=\"_blank\">#JACKSONWANGWORLDTOUR<\/a><a href=\"https:\/\/twitter.com\/hashtag\/MAGICMAN2?src=hash&amp;ref_src=twsrc%5Etfw\" rel=\"nofollow noopener\" target=\"_blank\">#MAGICMAN2<\/a><a href=\"https:\/\/twitter.com\/hashtag\/JACKSONWANG?src=hash&amp;ref_src=twsrc%5Etfw\" rel=\"nofollow noopener\" target=\"_blank\">#JACKSONWANG<\/a><a href=\"https:\/\/twitter.com\/hashtag\/%E7%8E%8B%E5%98%89%E7%88%BE?src=hash&amp;ref_src=twsrc%5Etfw\" rel=\"nofollow noopener\" target=\"_blank\">#\u738b\u5609\u723e<\/a><a href=\"https:\/\/twitter.com\/hashtag\/%EC%9E%AD%EC%8A%A8?src=hash&amp;ref_src=twsrc%5Etfw\" rel=\"nofollow noopener\" target=\"_blank\">#\uc7ad\uc2a8<\/a> <a href=\"https:\/\/t.co\/oIW3Cv6AyG\" rel=\"nofollow\">pic.twitter.com\/oIW3Cv6AyG<\/a><\/p>\n<p>\u2014 Jackson Wang (@JacksonWang852) <a href=\"https:\/\/twitter.com\/JacksonWang852\/status\/1998769719437062177?ref_src=twsrc%5Etfw\" rel=\"nofollow noopener\" target=\"_blank\">December 10, 2025<\/a><\/p>\n<\/blockquote>\n<p>A venda dos ingressos est\u00e1 marcada para iniciar em 12 de dezembro, \u00e0s 10h online e \u00e0s 11h nas bilheterias oficiais, por meio do site da <a href=\"https:\/\/www.ticketmaster.com.br\/event\/jackson-wang\" target=\"_blank\" rel=\"noopener nofollow\">Ticketmaster<\/a>, com parcelamento em at\u00e9 3x sem juros. Confira os valores!<\/p>\n<p>\t S\u00e3o Paulo <\/p>\n<ul>\n<li><strong>Pista:<\/strong> R$ 590 (Inteira) | R$ 295 (Meia-entrada)<\/li>\n<li><strong>Mezanino (2\u00ba Piso):<\/strong> R$ 940 (Inteira) | R$ 470 (Meia-entrada)<\/li>\n<li><strong>Pista Premium:<\/strong> R$ 960 (Inteira) | R$ 480 (Meia-entrada)<\/li>\n<li><strong>Camarote (2\u00ba Piso A\/B):<\/strong> R$ 950 (Inteira) | R$ 475 (Meia-entrada)<\/li>\n<li><strong>Camarote (1\u00ba Piso A\/B):<\/strong> R$ 980 (Inteira) | R$ 490 (Meia-entrada)<\/li>\n<li><strong>Pacote VIP Magic 1:<\/strong> R$ 4,946,40 (Inteira) | R$ 4.370,40 (Meia-entrada)<\/li>\n<li><strong>Pacote VIP Magic 2:<\/strong> R$ 3.049,20 (Inteira) | R$ 2.473,20 (Meia-entrada)<\/li>\n<\/ul>\n<p> Rio de Janeiro <\/p>\n<ul>\n<li><strong>Cadeira N3:<\/strong> R$ 520 (Inteira) | R$ 260 (Meia-entrada)<\/li>\n<li><strong>Cadeira N1:<\/strong> R$ 750 (Inteira) | R$ 375 (Meia-entrada)<\/li>\n<li><strong>Pista Premium:<\/strong> R$ 780 (Inteira) | R$ 390 (Meia-entrada)<\/li>\n<li><strong>Camarote:<\/strong> R$ 850 (Inteira) | R$ 425 (Meia-entrada)<\/li>\n<li><strong>Pacote VIP Magic 1:<\/strong> R$ 4.336,20 (Inteira) | R$ 3.907,20 (Meia-entrada)<\/li>\n<li><strong>Pacote VIP Magic 2:<\/strong> R$ 2.597,10 (Inteira) | R$ 2.168,10 (Meia-entrada)<\/li>\n<\/ul>\n<p>Mais detalhes sobre os ingressos e os benef\u00edcios dos pacotes VIP podem ser encontrados no site oficial da Ticketmaster.<\/p>\n<p>        <a href=\"https:\/\/recreio.com.br\/noticias\/author\/daniela-bazi\" rel=\"nofollow noopener\" target=\"_blank\">&#13;<br \/>\n          <img loading=\"lazy\" alt=\"Daniela Bazi\" src=\"https:\/\/www.europesays.com\/pt\/wp-content\/uploads\/2025\/12\/1765406829_201_701cc86240953f42e068ecf8a0bb18dadb05bc88d7e776f8edb20aaea33b4eea\"  class=\"avatar avatar-115 photo rounded-circle mr-3\" height=\"115\" width=\"115\" decoding=\"async\"\/>        <\/a><\/p>\n<p>Daniela Bazi \u00e9 jornalista graduada pela UNINOVE, e bruxa formada na Escola de Magia e Bruxaria de Hogwarts. Amante de anima\u00e7\u00f5es, filmes e s\u00e9ries, tamb\u00e9m \u00e9 f\u00e3 de divas pop, entusiasta da Disney e k-popper nas horas vagas.<\/p>\n<p>\t                                            <script async src=\"https:\/\/platform.twitter.com\/widgets.js\" charset=\"utf-8\"><\/script><\/p>\n","protected":false},"excerpt":{"rendered":"AHGASES, A ESPERA ACABOU! Jackson Wang, integrante do GOT7, anunciou nesta quarta-feira, 10, que ir\u00e1 retornar ao Brasil&hellip;\n","protected":false},"author":2,"featured_media":183413,"comment_status":"","ping_status":"","sticky":false,"template":"","format":"standard","meta":{"footnotes":""},"categories":[141],"tags":[726,114,115,20339,20340,1688,149,150,32,33],"class_list":{"0":"post-183412","1":"post","2":"type-post","3":"status-publish","4":"format-standard","5":"has-post-thumbnail","7":"category-musica","8":"tag-brasil","9":"tag-entertainment","10":"tag-entretenimento","11":"tag-got7","12":"tag-jackson-wang","13":"tag-k-pop","14":"tag-music","15":"tag-musica","16":"tag-portugal","17":"tag-pt"},"share_on_mastodon":{"url":"https:\/\/pubeurope.com\/@pt\/115697709774032035","error":""},"_links":{"self":[{"href":"https:\/\/www.europesays.com\/pt\/wp-json\/wp\/v2\/posts\/183412","targetHints":{"allow":["GET"]}}],"collection":[{"href":"https:\/\/www.europesays.com\/pt\/wp-json\/wp\/v2\/posts"}],"about":[{"href":"https:\/\/www.europesays.com\/pt\/wp-json\/wp\/v2\/types\/post"}],"author":[{"embeddable":true,"href":"https:\/\/www.europesays.com\/pt\/wp-json\/wp\/v2\/users\/2"}],"replies":[{"embeddable":true,"href":"https:\/\/www.europesays.com\/pt\/wp-json\/wp\/v2\/comments?post=183412"}],"version-history":[{"count":0,"href":"https:\/\/www.europesays.com\/pt\/wp-json\/wp\/v2\/posts\/183412\/revisions"}],"wp:featuredmedia":[{"embeddable":true,"href":"https:\/\/www.europesays.com\/pt\/wp-json\/wp\/v2\/media\/183413"}],"wp:attachment":[{"href":"https:\/\/www.europesays.com\/pt\/wp-json\/wp\/v2\/media?parent=183412"}],"wp:term":[{"taxonomy":"category","embeddable":true,"href":"https:\/\/www.europesays.com\/pt\/wp-json\/wp\/v2\/categories?post=183412"},{"taxonomy":"post_tag","embeddable":true,"href":"https:\/\/www.europesays.com\/pt\/wp-json\/wp\/v2\/tags?post=183412"}],"curies":[{"name":"wp","href":"https:\/\/api.w.org\/{rel}","templated":true}]}}