{"id":183438,"date":"2025-12-10T23:06:12","date_gmt":"2025-12-10T23:06:12","guid":{"rendered":"https:\/\/www.europesays.com\/pt\/183438\/"},"modified":"2025-12-10T23:06:12","modified_gmt":"2025-12-10T23:06:12","slug":"o-pai-dos-bebes-o-momento-em-que-ines-ficou-abesbilica-com-a-verdade-de-pedro-tviplayer-iol-pt","status":"publish","type":"post","link":"https:\/\/www.europesays.com\/pt\/183438\/","title":{"rendered":"\u00abO pai dos beb\u00e9s\u00bb. O momento em que In\u00eas ficou abesbilica com a verdade de Pedro &#8211; tviplayer.iol.pt"},"content":{"rendered":"<ol>\n<li><a href=\"https:\/\/news.google.com\/rss\/articles\/CBMipAFBVV95cUxORldtMERpQTBOa0tDVGNjOHEtaHdvNTBPNlNFLUR1RGFNMlFBOVZCZGExM3l5TW1JYldFZklRNmRaNGVEX293dG8zdzliTHI1Q0ZCNkZqNkUydDJldjE4MTlyVGJtZmdjdGRYREUwQjU0VlVMd0ZkM0dUUmxqem5HZFRtUHRQODl5QlRtQXZyclFXMWlVMU82cG9lcDlFTDJ0T01PZw?oc=5\" target=\"_blank\" rel=\"nofollow noopener\">\u00abO pai dos beb\u00e9s\u00bb. O momento em que In\u00eas ficou abesbilica com a verdade de Pedro<\/a>&nbsp;&nbsp;tviplayer.iol.pt<\/li>\n<li><a href=\"https:\/\/news.google.com\/rss\/articles\/CBMivAFBVV95cUxQdFFSdEEyQVBaVHNqX0lTZURZeTNqNzhyNlY4OE9maXFHaHd5RVRWakxTY1hJQkxFZF9BNkVNcWE0RE9GOF9UM05TeV9ZeU5SZkJzMVphektlRFI0ZVRVWGozMnlMWFNISlFVWTJienEzQWpRYjVGNVdUcDdySE5qYUg1WGFVOHpnRk1jU1ZVOEFxRVROTG1CMjFwQnpkd2ZRZXprOFROLXUyTWw0dUpmR2IyNmNkcWlDSkw3MQ?oc=5\" target=\"_blank\" rel=\"nofollow noopener\">Ana arrasa Leandro e d\u00e1-lhe &#8216;conselho&#8217;: \u00abTens de jogar melhor\u00bb<\/a>&nbsp;&nbsp;TVI<\/li>\n<li><a href=\"https:\/\/news.google.com\/rss\/articles\/CBMiogFBVV95cUxONEMxMmwtbXJYRGQ2cDJKMHJqWXRza3VsYXdFMXVzTnNVNWZxWlBoYnFkdWJSQl85dmRFQWQ5ZmlULS1LTlRjaWNZWjB6UWpISmRoNXN5d29RYTlrOWtHUzBKeG9FSGxrZXZoNWl2WnBaSm1pSWs5ZS1XWUJsVjBtVHJ6dWtBcGZZWDdYbEJucjgzTERib1RSYjFRX05CQzlVMEE?oc=5\" target=\"_blank\" rel=\"nofollow noopener\">Marisa e Pedro Jorge quase apanhados por colega na Casa dos Segredos<\/a>&nbsp;&nbsp;A Televis\u00e3o<\/li>\n<li><a href=\"https:\/\/news.google.com\/rss\/articles\/CBMisgFBVV95cUxQRkVWOGp0RlczMUZhR2hCbjZqNGFncS1PZG5ueWJoR2NFdTdmRV9UWTAxQXo5NHQzRWMzRUZUVHpMblFQMlUwa0Nfc0lHMkFrYkExV0xGZF81TFlKYnBpUXBwWlNuYTlCMlFmWVdVQ09XR2pZbDZlQ2VIalZId2RKeFZOR1JIMTRBNEI2UWptR0t5YWlZdHhxZXowOHRuMnNRSW05ODRwSGxGTVdLLTJMaXlB0gGyAUFVX3lxTFBGRVY4anRGVzMxRmFHaEJuNmo0YWdxLU9kbm55YmhHY0V1N2ZFX1RZMDFBejk0dDNFYzNFRlRUekxuUVAyVTBrQ19zSUcyQWtiQTFXTEZkXzVMWUpicGlRcHBaU25hOUIyUWZZV1VDT1dHallsNmVDZUhqVkh3ZEp4Vk5HUkgxNEE0QjZRam1HS3lhaVl0eHFlejA4dG4yc1FJbTk4NHBIbEZNV0stMkxpeUE?oc=5\" target=\"_blank\" rel=\"nofollow noopener\">Paix\u00e3o proibida explode na Casa dos Segredos: Marisa perde a no\u00e7\u00e3o e declara-se a Pedro Jorge<\/a>&nbsp;&nbsp;infocul.pt<\/li>\n<li><a href=\"https:\/\/news.google.com\/rss\/articles\/CBMipAFBVV95cUxPNE1SQVFWZkJXU21GVU8tbEN5cVI1S2VtaDlIeWNxVVNaM3JYQWRJcFUtZXJtR0hWRW1QRWZ6SUdLT1ZuR1E5YVd5X253ZjNLTEstaVBidGIya3JHeGlNdmhJX3RfNmZRUkg3UUZSV1BNV2JzejVNTF9lRmdST0ticWpzTVUtZ2NLR3Nfa3J5OHE0RUtRUlNpczFEQjVudW1NNWxTbg?oc=5\" target=\"_blank\" rel=\"nofollow noopener\">\u00abO cerco est\u00e1 a apertar\u00bb: Marisa e Pedro temem segredos revelados\u2026 mas trocam beijos na casa<\/a>&nbsp;&nbsp;tviplayer.iol.pt<\/li>\n<\/ol>\n","protected":false},"excerpt":{"rendered":"\u00abO pai dos beb\u00e9s\u00bb. O momento em que In\u00eas ficou abesbilica com a verdade de Pedro&nbsp;&nbsp;tviplayer.iol.pt Ana arrasa&hellip;\n","protected":false},"author":2,"featured_media":183439,"comment_status":"","ping_status":"","sticky":false,"template":"","format":"standard","meta":{"footnotes":""},"categories":[85],"tags":[114,115,15353,14646,32,33],"class_list":{"0":"post-183438","1":"post","2":"type-post","3":"status-publish","4":"format-standard","5":"has-post-thumbnail","7":"category-entretenimento","8":"tag-entertainment","9":"tag-entretenimento","10":"tag-ines","11":"tag-pedro","12":"tag-portugal","13":"tag-pt"},"share_on_mastodon":{"url":"https:\/\/pubeurope.com\/@pt\/115697784261099508","error":""},"_links":{"self":[{"href":"https:\/\/www.europesays.com\/pt\/wp-json\/wp\/v2\/posts\/183438","targetHints":{"allow":["GET"]}}],"collection":[{"href":"https:\/\/www.europesays.com\/pt\/wp-json\/wp\/v2\/posts"}],"about":[{"href":"https:\/\/www.europesays.com\/pt\/wp-json\/wp\/v2\/types\/post"}],"author":[{"embeddable":true,"href":"https:\/\/www.europesays.com\/pt\/wp-json\/wp\/v2\/users\/2"}],"replies":[{"embeddable":true,"href":"https:\/\/www.europesays.com\/pt\/wp-json\/wp\/v2\/comments?post=183438"}],"version-history":[{"count":0,"href":"https:\/\/www.europesays.com\/pt\/wp-json\/wp\/v2\/posts\/183438\/revisions"}],"wp:featuredmedia":[{"embeddable":true,"href":"https:\/\/www.europesays.com\/pt\/wp-json\/wp\/v2\/media\/183439"}],"wp:attachment":[{"href":"https:\/\/www.europesays.com\/pt\/wp-json\/wp\/v2\/media?parent=183438"}],"wp:term":[{"taxonomy":"category","embeddable":true,"href":"https:\/\/www.europesays.com\/pt\/wp-json\/wp\/v2\/categories?post=183438"},{"taxonomy":"post_tag","embeddable":true,"href":"https:\/\/www.europesays.com\/pt\/wp-json\/wp\/v2\/tags?post=183438"}],"curies":[{"name":"wp","href":"https:\/\/api.w.org\/{rel}","templated":true}]}}