{"id":183456,"date":"2025-12-10T23:21:24","date_gmt":"2025-12-10T23:21:24","guid":{"rendered":"https:\/\/www.europesays.com\/pt\/183456\/"},"modified":"2025-12-10T23:21:24","modified_gmt":"2025-12-10T23:21:24","slug":"eu-nao-tenho-a-menor-duvida-que","status":"publish","type":"post","link":"https:\/\/www.europesays.com\/pt\/183456\/","title":{"rendered":"Eu n\u00e3o tenho a menor d\u00favida que\u00a0&#8230;"},"content":{"rendered":"<p>\t\t\t\t\t\t\t\t\t\t\t\t<a href=\"#\" onclick=\"window.open('http:\/\/www.facebook.com\/sharer.php?u=https:\/\/cusquices.com\/teresa-guilherme-comenta-relacionamento-de-liliana-e-fabio-no-secret-story-eu-nao-tenho-a-menor-duvida-que\/&amp;t=Teresa Guilherme comenta relacionamento de Liliana e F\u00e1bio no Secret Story: \u201cEu n\u00e3o tenho a menor d\u00favida que\u00a0\u2026\u201d', 'facebookShare', 'width=626,height=436'); return false;\" title=\"Share on Facebook\"><\/p>\n<p>Share<\/p>\n<p><\/a><br \/>\n\t\t\t\t\t\t\t\t\t\t\t\t<a href=\"#\" onclick=\"window.open('http:\/\/twitter.com\/share?text=Teresa Guilherme comenta relacionamento de Liliana e F\u00e1bio no Secret Story: \u201cEu n\u00e3o tenho a menor d\u00favida que\u00a0\u2026\u201d -&amp;url=https:\/\/cusquices.com\/teresa-guilherme-comenta-relacionamento-de-liliana-e-fabio-no-secret-story-eu-nao-tenho-a-menor-duvida-que\/', 'twitterShare', 'width=626,height=436'); return false;\" title=\"Tweet This Post\"><\/p>\n<p>Tweet<\/p>\n<p><\/a><br \/>\n\t\t\t\t\t\t\t\t\t\t\t\t<a href=\"whatsapp:\/\/send?text=Teresa Guilherme comenta relacionamento de Liliana e F\u00e1bio no Secret Story: \u201cEu n\u00e3o tenho a menor d\u00favida que\u00a0\u2026\u201d https:\/\/cusquices.com\/teresa-guilherme-comenta-relacionamento-de-liliana-e-fabio-no-secret-story-eu-nao-tenho-a-menor-duvida-que\/\" rel=\"nofollow\"><\/p>\n<p>Share<\/p>\n<p><\/a><br \/>\n\t\t\t\t\t\t\t\t\t\t\t\t<a href=\"#\" onclick=\"window.open('http:\/\/pinterest.com\/pin\/create\/button\/?url=https:\/\/cusquices.com\/teresa-guilherme-comenta-relacionamento-de-liliana-e-fabio-no-secret-story-eu-nao-tenho-a-menor-duvida-que\/&amp;media=https:\/\/cusquices.com\/wp-content\/uploads\/2025\/12\/teresa-lilifabio-1000x600.jpg&amp;description=Teresa Guilherme comenta relacionamento de Liliana e F\u00e1bio no Secret Story: \u201cEu n\u00e3o tenho a menor d\u00favida que\u00a0\u2026\u201d', 'pinterestShare', 'width=750,height=350'); return false;\" title=\"Pin This Post\"><\/p>\n<p>Share<\/p>\n<p><\/a><br \/>\n\t\t\t\t\t\t\t\t\t\t\t\t<a href=\"mailto:?subject=Teresa Guilherme comenta relacionamento de Liliana e F\u00e1bio no Secret Story: \u201cEu n\u00e3o tenho a menor d\u00favida que\u00a0\u2026\u201d&amp;BODY=I found this article interesting and thought of sharing it with you. Check it out: https:\/\/cusquices.com\/teresa-guilherme-comenta-relacionamento-de-liliana-e-fabio-no-secret-story-eu-nao-tenho-a-menor-duvida-que\/\"><\/p>\n<p>Email<\/p>\n<p><\/a><br \/>\n\t\t\t\t\t\t\t\t\t\t\t\t\t\t\t\t\t\t\t\t\t\t\t\t\t\t\t\t\t\t\t\t\t\t\t\t\t\t\t\t\t\t\t\t\t\t\t\t\t\t\t\t\t<a href=\"https:\/\/cusquices.com\/teresa-guilherme-comenta-relacionamento-de-liliana-e-fabio-no-secret-story-eu-nao-tenho-a-menor-duvida-que\/#respond\" rel=\"nofollow noopener\" target=\"_blank\"><\/p>\n<p>Teresa Guilherme analisou o relacionamento de Liliana e F\u00e1bio dentro da casa mais vigiada do pa\u00eds.<\/p>\n<p>O <strong>Secret Story<\/strong> caminha a passos largos para reta final, mas continua a dar que falar. No Manh\u00e3 CM, da CMTV, desta quarta-feira, 10 de dezembro, o reality show da TVI voltou a ser tema de destaque. Entre os assuntos discutidos, <strong>Liliana e F\u00e1bio<\/strong> \u2014 um dos casalinhos mais medi\u00e1ticos desta edi\u00e7\u00e3o \u2014 foram alvo de an\u00e1lise, levando <strong>Teresa Guilherme <\/strong>a reagir e a deixar a sua opini\u00e3o sobre a rela\u00e7\u00e3o dos concorrentes.<\/p>\n<p>\u201c<strong>Esta Liliana e este F\u00e1bio t\u00eam levado o programa ao colo. As pessoas agarraram-se \u00e0quele disparate de ela largar o namorado e n\u00e3o sei qu\u00ea e nunca mais largaram, portanto, ela, se calhar, t\u00eam alguma raz\u00e3o em andar a fazer estes esquemas e estas coisas para chegar ao fim. Porque eu n\u00e3o tenho a menor d\u00favida que ele se envolveu com ela para chegar ao fim. Ela n\u00e3o<\/strong>.\u201d, come\u00e7ou por dizer a rainha dos reality shows.<\/p>\n<p>Pouco depois, Teresa Guilherme, salientou o impacto que a sa\u00edda de Liliana pode ter e que \u00e9 natural a concorrente ter medo: \u201c<strong>\u00c9 normal que ela tenha medo de vir c\u00e1 para fora e de saber o que vai acontecer porque foi tudo muito precipitado e que deixou c\u00e1 um noivo fora. Ela n\u00e3o sabe o que \u00e9 que as pessoas pensam dela, n\u00e3o \u00e9?<\/strong>\u201c<\/p>\n<p><strong>Leia tamb\u00e9m:<\/strong><\/p>\n<p>\t\t\t\t\t\t\t\t\t\t\t\t\t\t\t\t\t\t\t\t\t\t\t\t\t<img decoding=\"async\" src=\"https:\/\/www.europesays.com\/pt\/wp-content\/uploads\/2025\/10\/cusquices-logo-52x.png\" class=\"webpexpress-processed\"\/><\/p>\n<p>\t\t\t\t\t\t\t\t\t\t\t\t\t\t\t\t\t\t\t\t\t            \t\t\t\t\t\t\t\t\t\t\t\t\t\t\t\t\t\t\t\t\t\t\t\t\t\t\t\t\t\t\t\t\t\t\t\t\t\t\t<script async src=\"https:\/\/platform.twitter.com\/widgets.js\" charset=\"utf-8\"><\/script><\/p>\n","protected":false},"excerpt":{"rendered":"Share Tweet Share Share Email Teresa Guilherme analisou o relacionamento de Liliana e F\u00e1bio dentro da casa mais&hellip;\n","protected":false},"author":2,"featured_media":183457,"comment_status":"","ping_status":"","sticky":false,"template":"","format":"standard","meta":{"footnotes":""},"categories":[85],"tags":[2632,49,114,115,19082,980,24883,32,33],"class_list":{"0":"post-183456","1":"post","2":"type-post","3":"status-publish","4":"format-standard","5":"has-post-thumbnail","7":"category-entretenimento","8":"tag-casa-dos-segredos","9":"tag-destaques","10":"tag-entertainment","11":"tag-entretenimento","12":"tag-fabio","13":"tag-famosos","14":"tag-liliana-oliveira","15":"tag-portugal","16":"tag-pt"},"share_on_mastodon":{"url":"https:\/\/pubeurope.com\/@pt\/115697843589322871","error":""},"_links":{"self":[{"href":"https:\/\/www.europesays.com\/pt\/wp-json\/wp\/v2\/posts\/183456","targetHints":{"allow":["GET"]}}],"collection":[{"href":"https:\/\/www.europesays.com\/pt\/wp-json\/wp\/v2\/posts"}],"about":[{"href":"https:\/\/www.europesays.com\/pt\/wp-json\/wp\/v2\/types\/post"}],"author":[{"embeddable":true,"href":"https:\/\/www.europesays.com\/pt\/wp-json\/wp\/v2\/users\/2"}],"replies":[{"embeddable":true,"href":"https:\/\/www.europesays.com\/pt\/wp-json\/wp\/v2\/comments?post=183456"}],"version-history":[{"count":0,"href":"https:\/\/www.europesays.com\/pt\/wp-json\/wp\/v2\/posts\/183456\/revisions"}],"wp:featuredmedia":[{"embeddable":true,"href":"https:\/\/www.europesays.com\/pt\/wp-json\/wp\/v2\/media\/183457"}],"wp:attachment":[{"href":"https:\/\/www.europesays.com\/pt\/wp-json\/wp\/v2\/media?parent=183456"}],"wp:term":[{"taxonomy":"category","embeddable":true,"href":"https:\/\/www.europesays.com\/pt\/wp-json\/wp\/v2\/categories?post=183456"},{"taxonomy":"post_tag","embeddable":true,"href":"https:\/\/www.europesays.com\/pt\/wp-json\/wp\/v2\/tags?post=183456"}],"curies":[{"name":"wp","href":"https:\/\/api.w.org\/{rel}","templated":true}]}}