{"id":183462,"date":"2025-12-10T23:25:09","date_gmt":"2025-12-10T23:25:09","guid":{"rendered":"https:\/\/www.europesays.com\/pt\/183462\/"},"modified":"2025-12-10T23:25:09","modified_gmt":"2025-12-10T23:25:09","slug":"presidenciais-catarina-martins-e-antonio-filipe-contra-o-governo-e-pacote-laboral","status":"publish","type":"post","link":"https:\/\/www.europesays.com\/pt\/183462\/","title":{"rendered":"Presidenciais. Catarina Martins e Ant\u00f3nio Filipe contra o Governo e pacote laboral"},"content":{"rendered":"<p>&#13;<br \/>\nO debate arrancou com o tema da greve geral marcada para esta quinta-feira e os dois candidatos a Bel\u00e9m mostraram estar do mesmo lado em rela\u00e7\u00e3o a este ponto.&#13;\n<\/p>\n<p>\nAnt\u00f3nio Filipe disse que espera que o Governo \u201colhe para a greve geral e retire esta proposta\u201d, referindo-se \u00e0 reforma laboral, que considera \u201cum retrocesso profundo nos direitos dos trabalhadores\u201d.<\/p>\n<p>&#13;<br \/>\n\u201cNenhum Governo respons\u00e1vel pode ficar indiferente perante uma manifesta\u00e7\u00e3o desta dimens\u00e3o\u201d, disse, afirmando que se fosse presidente, \u201clevaria ao limite os poderes presidenciais\u201d.&#13;\n<\/p>\n<p>\nQuestionada tamb\u00e9m sobre a revis\u00e3o laboral e se ser\u00e1 \u201cuma for\u00e7a de bloqueio\u201d, Catarina Martins lembra que M\u00e1rio Soares apoiou uma greve geral como presidente, em 1988, e que \u201cdeve ter sido por isso que Cavaco Silva lhe chamou for\u00e7a de bloqueio\u201d. <\/p>\n<p>\u201cSe for\u00e7a de bloqueio \u00e9 quem defende os trabalhadores contra um Governo que lhes quer tirar os direitos, ser\u00e1, mas isso n\u00e3o \u00e9 bloquear o pa\u00eds, isso \u00e9 desbloquear o pa\u00eds\u201d, asseverou.<\/p>\n<p>&#13;<br \/>\n\u201cEsta greve geral \u00e9 um sinal que o Governo tem de ter outra proposta em cima da mesa para ser negociada\u201d, acrescentou.&#13;\n<\/p>\n<p>          <img decoding=\"async\" itemprop=\"image\" class=\"img-fluid\"   src=\"https:\/\/www.europesays.com\/pt\/wp-content\/uploads\/2025\/12\/5d31ad3aa622c050c1cede489d9c159a_N.jpg\"\/><\/p>\n<p>Questionados sobre o objetivo de Lu\u00eds Montenegro de aumentar o sal\u00e1rio m\u00ednimo para 1600 euros, ambos consideram-no irrealista. <\/p>\n<p>A ex-coordenadora do Bloco de Esquerda diz que o primeiro-ministro \u201cest\u00e1 a gozar com as pessoas e \u00e9 feio\u201d. \u201cAlgu\u00e9m acha que ele est\u00e1 a falar a verdade?\u201d, questiona.<\/p>\n<p>Ant\u00f3nio Filipe concorda e diz que \u201cum sinal claro de que ningu\u00e9m leva isto \u00e9 a s\u00e9rio \u00e9 que confedera\u00e7\u00f5es empresariais n\u00e3o protestarem\u201d. \u201cNem eles acreditam nele\u201d, afirmou.<br \/>&#13;<br \/>\nConverg\u00eancia \u00e0 esquerda<b><br \/>&#13;<br \/>\n<\/b>Ant\u00f3nio Filipe n\u00e3o critica Catarina Martins, que, lembra, tem toda a legitimidade para avan\u00e7ar para Bel\u00e9m, mas entende que a sua candidatura &#8220;n\u00e3o favorece a converg\u00eancia&#8221;.<\/p>\n<p>Catarina Martins esclarece que se apresenta sabendo que tem apoios &#8220;para l\u00e1 da sua origem pol\u00edtica&#8221; e lembra que uma candidatura &#8220;pode ir para baixo e tamb\u00e9m pode ir para cima&#8221;.&#13;\n<\/p>\n<p>&#13;<br \/>\nA ex-coordenadora do Bloco de Esquerda n\u00e3o quer antecipar cen\u00e1rios e prefere esperar pela campanha eleitoral.\u00a0&#13;\n<\/p>\n<p>&#13;<br \/>\nAnt\u00f3nio Filipe considera que &#8220;uma candidatura deve valer por si&#8221;.<br \/>&#13;<br \/>\nO papel do Presidente da Rep\u00fablica<br \/>&#13;<br \/>\nPara Catarina Martins, um Presidente da Rep\u00fablica tem de ser a voz de quem est\u00e1 ao abandono e confessa que gostaria de ver um chefe de Estado que &#8220;fale menos dos jogos partid\u00e1rios e fale mais do pa\u00eds&#8221;.\u00a0&#13;\n<\/p>\n<p>&#13;<br \/>\nQuestionada sobre se defende um Presidente menos interventivo, a candidata sugere que a postura de Marcelo Rebelo de Sousa &#8220;\u00e9 a errada&#8221;. Dissolver a Assembleia da Republica, por exemplo, s\u00f3 se estiver em causa &#8220;o Estado de Direito Democr\u00e1tico&#8221;.\u00a0&#13;\n<\/p>\n<p>&#13;<br \/>\nO candidato apoiado pelo PCP sublinha que a decis\u00e3o de dissolver a Assembleia &#8220;n\u00e3o pode ser tomada de \u00e2nimo leve. A nossa Constitui\u00e7\u00e3o \u00e9 muito rica e isso deve ser levado a s\u00e9rio&#8221;.&#13;\n<\/p>\n<p>Guerra na Ucr\u00e2nia<br \/>\nPassando \u00e0 guerra na Ucr\u00e2nia e a posi\u00e7\u00e3o da Europa, Ant\u00f3nio Filipe reiterou que \u201c\u00e9 completamente errado pensar que se chega \u00e0 paz com o envio de armas\u201d.<\/p>\n<p>\u201cTodas as oportunidades desde 2014 para haver uma solu\u00e7\u00e3o de paz deveriam ter sido aproveitadas e n\u00e3o foram\u201d, disse.<\/p>\n<p>\u201cEntre Putin e Zelensky venha o diabo e escolha\u201d, disse o candidato apoiado pelos comunistas, afirmando que os presidentes da Ucr\u00e2nia e da R\u00fassia \u201cs\u00e3o muito iguais, estamos perante elites corruptas\u201d.<\/p>\n<p>Ant\u00f3nio Filipe lamentou ainda que haja \u201cdois pesos e duas medidas\u201d em rela\u00e7\u00e3o \u00e0 guerra na Ucr\u00e2nia e ao conflito no M\u00e9dio Oriente.<\/p>\n<p>Catarina Martins tamb\u00e9m v\u00ea dois pesos e duas medidas, mas salienta que \u201cindependentemente do que se pense do Governo de Zelensky, a Ucr\u00e2nia tem direito \u00e0 sua soberania e tem o direito a defender-se\u201d. \u201cA invas\u00e3o \u00e9 injustific\u00e1vel\u201d, sublinha.<br \/>&#13;<br \/>\nA situa\u00e7\u00e3o na Venezuela e Israel<b><br \/>&#13;<br \/>\n<\/b>Ant\u00f3nio Filipe n\u00e3o tem d\u00favidas: &#8220;independentemente de quem esteja no poder na Venezuela, os interesses da comunidade portuguesa devem ser defendidos. Relativamente a Mar\u00eda Corina Machado estamos de acordo, uma pessoa que quando soube que era Nobel da Paz foi ligar a Trump e a Netanyahu, est\u00e1 tudo dito&#8221;.<\/p>\n<p>Catarina Martins lamenta a escolha do Nobel da Paz e sa\u00fada &#8220;os m\u00fasicos portugueses que anunciaram que n\u00e3o v\u00e3o participar no festival da Eurovis\u00e3o se Israel l\u00e1 estiver&#8221;.<\/p>\n<p>A candidata a Bel\u00e9m pede ainda \u00e0 RTP para &#8220;reavaliar a sua posi\u00e7\u00e3o&#8221;. Sobre essa mat\u00e9ria, Ant\u00f3nio Filipe aplaudiu tamb\u00e9m a posi\u00e7\u00e3o dos m\u00fasicos.<br \/>&#13;<br \/>\nRedes Sociais<b><br \/>&#13;<br \/>\n<\/b>Ant\u00f3nio Filipe entende que este debate &#8220;faz todo o sentido&#8221;, lembrando que \u00e9 uma quest\u00e3o de cidadania&#8221;. <\/p>\n<p>Para Catarina Martins a utiliza\u00e7\u00e3o das redes at\u00e9 aos 16 anos tem desde logo a ver &#8220;com uma quest\u00e3o de sa\u00fade&#8221;. &#8220;Est\u00e1 provado que as redes sociais t\u00eam um impacto muito negativo na sa\u00fade das crian\u00e7as e dos jovens&#8221;, disse.<\/p>\n<p>Em rela\u00e7\u00e3o ao discurso de \u00f3dio, a candidata rejeita &#8220;a falsa dicotomia em perder a privacidade dos cidad\u00e3os que utilizam redes sociais e desresponsabilizar as pessoas pelos crimes que se praticam nas redes&#8221;. <\/p>\n<p>&#13;<br \/>\nA ex-cordenadora do Bloco de Esquerda avisa que n\u00e3o \u00e9 preciso apertar na &#8220;vigil\u00e2ncia individual sobre cada cidad\u00e3o para conseguirmos responsabilizar as redes de comunica\u00e7\u00e3o pelos crimes que permitem que aconte\u00e7am&#8221;.&#13;<\/p>\n","protected":false},"excerpt":{"rendered":"&#13; O debate arrancou com o tema da greve geral marcada para esta quinta-feira e os dois candidatos&hellip;\n","protected":false},"author":2,"featured_media":183463,"comment_status":"","ping_status":"","sticky":false,"template":"","format":"standard","meta":{"footnotes":""},"categories":[10],"tags":[27,28,5662,2258,15,16,14,25,26,21,22,12,13,19,20,32,5215,23,24,33,17,18,29,30,31],"class_list":{"0":"post-183462","1":"post","2":"type-post","3":"status-publish","4":"format-standard","5":"has-post-thumbnail","7":"category-portugal","8":"tag-breaking-news","9":"tag-breakingnews","10":"tag-debates","11":"tag-eleicoes","12":"tag-featured-news","13":"tag-featurednews","14":"tag-headlines","15":"tag-latest-news","16":"tag-latestnews","17":"tag-main-news","18":"tag-mainnews","19":"tag-news","20":"tag-noticias","21":"tag-noticias-principais","22":"tag-noticiasprincipais","23":"tag-portugal","24":"tag-presidenciais","25":"tag-principais-noticias","26":"tag-principaisnoticias","27":"tag-pt","28":"tag-top-stories","29":"tag-topstories","30":"tag-ultimas","31":"tag-ultimas-noticias","32":"tag-ultimasnoticias"},"share_on_mastodon":{"url":"https:\/\/pubeurope.com\/@pt\/115697859072689246","error":""},"_links":{"self":[{"href":"https:\/\/www.europesays.com\/pt\/wp-json\/wp\/v2\/posts\/183462","targetHints":{"allow":["GET"]}}],"collection":[{"href":"https:\/\/www.europesays.com\/pt\/wp-json\/wp\/v2\/posts"}],"about":[{"href":"https:\/\/www.europesays.com\/pt\/wp-json\/wp\/v2\/types\/post"}],"author":[{"embeddable":true,"href":"https:\/\/www.europesays.com\/pt\/wp-json\/wp\/v2\/users\/2"}],"replies":[{"embeddable":true,"href":"https:\/\/www.europesays.com\/pt\/wp-json\/wp\/v2\/comments?post=183462"}],"version-history":[{"count":0,"href":"https:\/\/www.europesays.com\/pt\/wp-json\/wp\/v2\/posts\/183462\/revisions"}],"wp:featuredmedia":[{"embeddable":true,"href":"https:\/\/www.europesays.com\/pt\/wp-json\/wp\/v2\/media\/183463"}],"wp:attachment":[{"href":"https:\/\/www.europesays.com\/pt\/wp-json\/wp\/v2\/media?parent=183462"}],"wp:term":[{"taxonomy":"category","embeddable":true,"href":"https:\/\/www.europesays.com\/pt\/wp-json\/wp\/v2\/categories?post=183462"},{"taxonomy":"post_tag","embeddable":true,"href":"https:\/\/www.europesays.com\/pt\/wp-json\/wp\/v2\/tags?post=183462"}],"curies":[{"name":"wp","href":"https:\/\/api.w.org\/{rel}","templated":true}]}}