{"id":183489,"date":"2025-12-10T23:48:10","date_gmt":"2025-12-10T23:48:10","guid":{"rendered":"https:\/\/www.europesays.com\/pt\/183489\/"},"modified":"2025-12-10T23:48:10","modified_gmt":"2025-12-10T23:48:10","slug":"hipertensao-pode-dar-sinais-nos-olhos-antes-do-diagnostico-veja-3-indicios","status":"publish","type":"post","link":"https:\/\/www.europesays.com\/pt\/183489\/","title":{"rendered":"Hipertens\u00e3o pode dar sinais nos olhos antes do diagn\u00f3stico; veja 3 ind\u00edcios"},"content":{"rendered":"\n<p>  Altera\u00e7\u00f5es nos olhos podem revelar hipertens\u00e3o antes mesmo do diagn\u00f3stico oficial.    <\/p>\n<p>  A press\u00e3o alta afeta \u00f3rg\u00e3os como os olhos, causando hemorragias, descolamento e vis\u00e3o emba\u00e7ada na retina.    <\/p>\n<p>  Tr\u00eas sinais oculares de alerta incluem vis\u00e3o turva, manchas de sangue e sensa\u00e7\u00e3o de press\u00e3o nos olhos.    <\/p>\n<p>  Esses sintomas est\u00e3o ligados \u00e0 retinopatia hipertensiva, que ocorre pelo estreitamento dos vasos da retina.    <\/p>\n<p>  Sem tratamento, o problema pode evoluir para hemorragias oculares e at\u00e9 risco de cegueira.    <\/p>\n<p>  Os olhos s\u00e3o afetados porque seus vasos delicados sofrem danos com a press\u00e3o arterial elevada.    <\/p>\n<p>  Altera\u00e7\u00f5es visuais indicam est\u00e1gio mais avan\u00e7ado da hipertens\u00e3o e exigem avalia\u00e7\u00e3o imediata.    <\/p>\n<p>  Pessoas com fatores de risco devem estar atentas a qualquer mudan\u00e7a s\u00fabita na vis\u00e3o.    <\/p>\n<p> Cecilie_Arcurs\/Getty Images     <\/p>\n<p>  Diagn\u00f3stico precoce, medi\u00e7\u00e3o regular da press\u00e3o e consultas ao oftalmologista evitam danos permanentes.    <\/p>\n<p>  Para saber mais, acesse VivaBem.    <\/p>\n","protected":false},"excerpt":{"rendered":"Altera\u00e7\u00f5es nos olhos podem revelar hipertens\u00e3o antes mesmo do diagn\u00f3stico oficial. A press\u00e3o alta afeta \u00f3rg\u00e3os como os&hellip;\n","protected":false},"author":2,"featured_media":133214,"comment_status":"","ping_status":"","sticky":false,"template":"","format":"standard","meta":{"footnotes":""},"categories":[86],"tags":[116,32,33,117],"class_list":{"0":"post-183489","1":"post","2":"type-post","3":"status-publish","4":"format-standard","5":"has-post-thumbnail","7":"category-saude","8":"tag-health","9":"tag-portugal","10":"tag-pt","11":"tag-saude"},"share_on_mastodon":{"url":"https:\/\/pubeurope.com\/@pt\/115697949362119945","error":""},"_links":{"self":[{"href":"https:\/\/www.europesays.com\/pt\/wp-json\/wp\/v2\/posts\/183489","targetHints":{"allow":["GET"]}}],"collection":[{"href":"https:\/\/www.europesays.com\/pt\/wp-json\/wp\/v2\/posts"}],"about":[{"href":"https:\/\/www.europesays.com\/pt\/wp-json\/wp\/v2\/types\/post"}],"author":[{"embeddable":true,"href":"https:\/\/www.europesays.com\/pt\/wp-json\/wp\/v2\/users\/2"}],"replies":[{"embeddable":true,"href":"https:\/\/www.europesays.com\/pt\/wp-json\/wp\/v2\/comments?post=183489"}],"version-history":[{"count":0,"href":"https:\/\/www.europesays.com\/pt\/wp-json\/wp\/v2\/posts\/183489\/revisions"}],"wp:featuredmedia":[{"embeddable":true,"href":"https:\/\/www.europesays.com\/pt\/wp-json\/wp\/v2\/media\/133214"}],"wp:attachment":[{"href":"https:\/\/www.europesays.com\/pt\/wp-json\/wp\/v2\/media?parent=183489"}],"wp:term":[{"taxonomy":"category","embeddable":true,"href":"https:\/\/www.europesays.com\/pt\/wp-json\/wp\/v2\/categories?post=183489"},{"taxonomy":"post_tag","embeddable":true,"href":"https:\/\/www.europesays.com\/pt\/wp-json\/wp\/v2\/tags?post=183489"}],"curies":[{"name":"wp","href":"https:\/\/api.w.org\/{rel}","templated":true}]}}