{"id":183494,"date":"2025-12-10T23:51:26","date_gmt":"2025-12-10T23:51:26","guid":{"rendered":"https:\/\/www.europesays.com\/pt\/183494\/"},"modified":"2025-12-10T23:51:26","modified_gmt":"2025-12-10T23:51:26","slug":"excecional-vinho-do-pingo-doce-tem-90-pontos-e-custa-menos-de-5-euros","status":"publish","type":"post","link":"https:\/\/www.europesays.com\/pt\/183494\/","title":{"rendered":"Excecional? Vinho do Pingo Doce tem 90 pontos e custa menos de 5 euros"},"content":{"rendered":"<p>N\u00e3o \u00e9 todos os dias que abrimos um <a href=\"https:\/\/versa.iol.pt\/pingo-doce\/vinho\/vinho-com-selo-excecional-no-pingo-doce-custa-menos-de-5-euros\/20250919\/68c93605d34e58bc6795c8f5\" rel=\"nofollow noopener\" target=\"_blank\">vinho excecional<\/a>, mas, felizmente, ocasi\u00f5es para isso n\u00e3o v\u00e3o faltar em breve. Aproxima-se o Natal e a Passagem de Ano, duas celebra\u00e7\u00f5es que pedem bons vinhos \u00e0 mesa, para acompanhar as iguarias servidas, como o bacalhau, o peru assado e o marisco.\u00a0<\/p>\n<p>Mas onde encontrar um vinho com t\u00edtulo &#8220;excecional&#8221;? Ora, no Pingo Doce.<\/p>\n<p>\u00c0 boleia do\u00a0Programa Qualidade a Toda a Prova do Pingo Doce, o en\u00f3logo Frederico Vilar Gomes atribui uma nota de 0 a 100 aos v\u00e1rios vinhos que se podem encontrar na garrafeira do supermercado e entre eles est\u00e1 o vinho tinto Varandas do Tua Douro, um vinho distinguido pelo en\u00f3logo com nota 90\/100, correspondente ao selo &#8220;excecional&#8221;.\u00a0<\/p>\n<p>&#8220;Um Douro inteiro e cheio de car\u00e1ter, produzido nos socalcos do rio Tua&#8221;, afirma sobre esta refer\u00eancia.\u00a0<\/p>\n<p>Falamos de um vinho tinto de elevada qualidade, que custava anteriormente \u20ac9,99 e que, gra\u00e7as a uma promo\u00e7\u00e3o de 50%, fica por metade do valor, isto \u00e9, por apenas \u20ac4,99. A <a href=\"https:\/\/folhetos.pingodoce.pt\/2025\/poupe-esta-semana\/continental-lojas-grandes\/S50\/?page=1\" target=\"_blank\" rel=\"nofollow noopener\">promo\u00e7\u00e3o do novo folheto do Pingo Doce<\/a>\u00a0fica em vigor at\u00e9 ao in\u00edcio da pr\u00f3xima semana, 15 de dezembro.\u00a0<\/p>\n<p>  <img loading=\"lazy\" decoding=\"async\" alt=\"\" height=\"263\" src=\"https:\/\/www.europesays.com\/pt\/wp-content\/uploads\/2025\/12\/69393fa9d34e3caad84c3280.webp\" width=\"300\"\/> <\/p>\n<p>    Vinho tinto Varandas do Tua Douro Pingo Doce | Fotografia: D.R. <\/p>\n<p>\u00a0<\/p>\n","protected":false},"excerpt":{"rendered":"N\u00e3o \u00e9 todos os dias que abrimos um vinho excecional, mas, felizmente, ocasi\u00f5es para isso n\u00e3o v\u00e3o faltar&hellip;\n","protected":false},"author":2,"featured_media":183495,"comment_status":"","ping_status":"","sticky":false,"template":"","format":"standard","meta":{"footnotes":""},"categories":[83],"tags":[1081,88,204,89,90,754,186,1079,3366,32,2406,33,1078,1080,3911],"class_list":{"0":"post-183494","1":"post","2":"type-post","3":"status-publish","4":"format-standard","5":"has-post-thumbnail","7":"category-empresas","8":"tag-beleza","9":"tag-business","10":"tag-design","11":"tag-economy","12":"tag-empresas","13":"tag-gastronomia","14":"tag-lifestyle","15":"tag-moda","16":"tag-pingo-doce","17":"tag-portugal","18":"tag-promocao","19":"tag-pt","20":"tag-versa","21":"tag-viagens","22":"tag-vinho"},"share_on_mastodon":{"url":"https:\/\/pubeurope.com\/@pt\/115697961365550840","error":""},"_links":{"self":[{"href":"https:\/\/www.europesays.com\/pt\/wp-json\/wp\/v2\/posts\/183494","targetHints":{"allow":["GET"]}}],"collection":[{"href":"https:\/\/www.europesays.com\/pt\/wp-json\/wp\/v2\/posts"}],"about":[{"href":"https:\/\/www.europesays.com\/pt\/wp-json\/wp\/v2\/types\/post"}],"author":[{"embeddable":true,"href":"https:\/\/www.europesays.com\/pt\/wp-json\/wp\/v2\/users\/2"}],"replies":[{"embeddable":true,"href":"https:\/\/www.europesays.com\/pt\/wp-json\/wp\/v2\/comments?post=183494"}],"version-history":[{"count":0,"href":"https:\/\/www.europesays.com\/pt\/wp-json\/wp\/v2\/posts\/183494\/revisions"}],"wp:featuredmedia":[{"embeddable":true,"href":"https:\/\/www.europesays.com\/pt\/wp-json\/wp\/v2\/media\/183495"}],"wp:attachment":[{"href":"https:\/\/www.europesays.com\/pt\/wp-json\/wp\/v2\/media?parent=183494"}],"wp:term":[{"taxonomy":"category","embeddable":true,"href":"https:\/\/www.europesays.com\/pt\/wp-json\/wp\/v2\/categories?post=183494"},{"taxonomy":"post_tag","embeddable":true,"href":"https:\/\/www.europesays.com\/pt\/wp-json\/wp\/v2\/tags?post=183494"}],"curies":[{"name":"wp","href":"https:\/\/api.w.org\/{rel}","templated":true}]}}