{"id":183504,"date":"2025-12-10T23:56:05","date_gmt":"2025-12-10T23:56:05","guid":{"rendered":"https:\/\/www.europesays.com\/pt\/183504\/"},"modified":"2025-12-10T23:56:05","modified_gmt":"2025-12-10T23:56:05","slug":"goiania-arena-podera-ter-mudanca-arquitetonica-para-design-redondo-o-popular","status":"publish","type":"post","link":"https:\/\/www.europesays.com\/pt\/183504\/","title":{"rendered":"Goi\u00e2nia Arena poder\u00e1 ter mudan\u00e7a arquitet\u00f4nica para design redondo &#8211; O Popular"},"content":{"rendered":"<ol>\n<li><a href=\"https:\/\/news.google.com\/rss\/articles\/CBMirAFBVV95cUxOWnozUk1WM0g0TUNqQUNjRTNMbFY1M1ZkOVV2dXRxN3Y0TFplY3lWM3R2UTZrZHJHZE5VYW9hZHEtTVB1aUtkdUk0cTZnUkFKNzg1bm9LWFZPSndUZG5UTTB0ekRUUHAxUGdwWW14NHVweG9VU05fdm8tZlEyaE84aWJBd1BYQlFIX2JITUN2OEJQX0VXZndOa3RyOFhBN1BtWXNiSkZMQzhmaHU0?oc=5\" target=\"_blank\" rel=\"nofollow noopener\">Goi\u00e2nia Arena poder\u00e1 ter mudan\u00e7a arquitet\u00f4nica para design redondo<\/a>&nbsp;&nbsp;O Popular<\/li>\n<li><a href=\"https:\/\/news.google.com\/rss\/articles\/CBMivgFBVV95cUxQRGptSngwdnBtZThVT0lsWklVc0lQWnkyRGRhT1d3bnA0Tkl4bmRrM0NyaDBkZEdiWi1JNXhSSHJuUmtIbVRhMVIzc0g1dV9UWFBPYkl3Y3J0M2JrdXl6ZWhDRlV6QS1xU0lpZnNGemdTR3NMVmlKbFVaRGd4UkRydDJfajBUTGJ6c000d2VLNkk5VUpoNkhsYjNid3NrQmlKQS13SG5iamsxVU5zcWJFRFpScDhlTG1Iakw2eTZR?oc=5\" target=\"_blank\" rel=\"nofollow noopener\">Investimento no complexo Serra Dourada vai ultrapassar R$ 1,5 bilh\u00e3o, diz empresa<\/a>&nbsp;&nbsp;O Popular<\/li>\n<li><a href=\"https:\/\/news.google.com\/rss\/articles\/CBMi2gFBVV95cUxNZjNPM0s4RkRoQWJ0MTBKSEprb0tJdElwSUdVX3llM3FQX0xCZEM4SGpVTktkTTJGZDRrRS10a3lGVnVNOTgyMV9WOFdtamJaVXc4MUVXV0VBeGhicG1BTWtyX0VtNDVzUU90UXZWMElhVF9aenJjNDRqM1owR1pzYUtmeW11QWtWNmg2SkFHWXE5bkRtNUVMTWVVcUZFbDR2Uks0dGVDcEpBYzdiUmNBVlRQYXIwU244TzMxQWVveng1SEV2aVRvN3hQM1RhQzhiVFRLT0J4RFpMUQ?oc=5\" target=\"_blank\" rel=\"nofollow noopener\">Complexo Serra Dourada vai virar arena com investimento de meio bilh\u00e3o de reais<\/a>&nbsp;&nbsp;Jornal Op\u00e7\u00e3o<\/li>\n<li><a href=\"https:\/\/news.google.com\/rss\/articles\/CBMixAFBVV95cUxQT0hxaVJKWUdFYnUwYnd0S2Z1R3ZOVXZQeUsxeklGUDZyZFN1VnBlRXFTUmN5VU5JZC1aODFzZmw2LVZLOTdBZnBEWGRSdkFSWGxIR2xKTDlNOVZBUWF6NWE4Yy1DdGY2bUxURTh4R0liQXR2YWFFZG1OYnh0dzhpSVBNRThPQUw4c3RtWXA1akZDVXd2S29jRVZHUVowUC1Yc3diTXB4Vno1LWdqWXRHdFQ1Y3N3UnNOekVSOGVtWnQ5ZHEx?oc=5\" target=\"_blank\" rel=\"nofollow noopener\">Serra Dourada ter\u00e1 arena \u201csem igual no Brasil\u201d com investimento triplicado, dizem Caiado e Vilela<\/a>&nbsp;&nbsp;Di\u00e1rio da Manh\u00e3<\/li>\n<li><a href=\"https:\/\/news.google.com\/rss\/articles\/CBMiTkFVX3lxTE1iUlY5TVFVS1I5MFpiTzB3MFhLQUNWU3M3NkxOaWpucnEyR094MUtoTm56TW13SXE2czh1b2xUeGM1ck5EUURKTVE4VkFlQQ?oc=5\" target=\"_blank\" rel=\"nofollow noopener\">Caiado anuncia transfer\u00eancia do Serra Dourada e apresenta projeto de reforma do complexo esportivo<\/a>&nbsp;&nbsp;A Reda\u00e7\u00e3o<\/li>\n<\/ol>\n","protected":false},"excerpt":{"rendered":"Goi\u00e2nia Arena poder\u00e1 ter mudan\u00e7a arquitet\u00f4nica para design redondo&nbsp;&nbsp;O Popular Investimento no complexo Serra Dourada vai ultrapassar R$&hellip;\n","protected":false},"author":2,"featured_media":183505,"comment_status":"","ping_status":"","sticky":false,"template":"","format":"standard","meta":{"footnotes":""},"categories":[144],"tags":[207,205,206,203,201,202,37392,204,114,115,37391,2554,32,33,37393],"class_list":{"0":"post-183504","1":"post","2":"type-post","3":"status-publish","4":"format-standard","5":"has-post-thumbnail","7":"category-arte-e-design","8":"tag-arte","9":"tag-arte-e-design","10":"tag-artedesign","11":"tag-arts","12":"tag-arts-and-design","13":"tag-artsanddesign","14":"tag-complexo-serra-dourada","15":"tag-design","16":"tag-entertainment","17":"tag-entretenimento","18":"tag-ginasio-goiania-arena","19":"tag-goiania","20":"tag-portugal","21":"tag-pt","22":"tag-reforma-do-serra-dourada"},"share_on_mastodon":{"url":"","error":""},"_links":{"self":[{"href":"https:\/\/www.europesays.com\/pt\/wp-json\/wp\/v2\/posts\/183504","targetHints":{"allow":["GET"]}}],"collection":[{"href":"https:\/\/www.europesays.com\/pt\/wp-json\/wp\/v2\/posts"}],"about":[{"href":"https:\/\/www.europesays.com\/pt\/wp-json\/wp\/v2\/types\/post"}],"author":[{"embeddable":true,"href":"https:\/\/www.europesays.com\/pt\/wp-json\/wp\/v2\/users\/2"}],"replies":[{"embeddable":true,"href":"https:\/\/www.europesays.com\/pt\/wp-json\/wp\/v2\/comments?post=183504"}],"version-history":[{"count":0,"href":"https:\/\/www.europesays.com\/pt\/wp-json\/wp\/v2\/posts\/183504\/revisions"}],"wp:featuredmedia":[{"embeddable":true,"href":"https:\/\/www.europesays.com\/pt\/wp-json\/wp\/v2\/media\/183505"}],"wp:attachment":[{"href":"https:\/\/www.europesays.com\/pt\/wp-json\/wp\/v2\/media?parent=183504"}],"wp:term":[{"taxonomy":"category","embeddable":true,"href":"https:\/\/www.europesays.com\/pt\/wp-json\/wp\/v2\/categories?post=183504"},{"taxonomy":"post_tag","embeddable":true,"href":"https:\/\/www.europesays.com\/pt\/wp-json\/wp\/v2\/tags?post=183504"}],"curies":[{"name":"wp","href":"https:\/\/api.w.org\/{rel}","templated":true}]}}