{"id":183514,"date":"2025-12-11T00:09:44","date_gmt":"2025-12-11T00:09:44","guid":{"rendered":"https:\/\/www.europesays.com\/pt\/183514\/"},"modified":"2025-12-11T00:09:44","modified_gmt":"2025-12-11T00:09:44","slug":"facebook-muda-completamente-parece-se-mais-com-o-instagram","status":"publish","type":"post","link":"https:\/\/www.europesays.com\/pt\/183514\/","title":{"rendered":"Facebook muda completamente parece-se mais com o Instagram"},"content":{"rendered":"<p>Num esfor\u00e7o para conquistar mais utilizadores, o Facebook recebe uma atualiza\u00e7\u00e3o que muda completamente como se interage com esta aplica\u00e7\u00e3o. A mudan\u00e7a mais evidente est\u00e1 no feed, que agora exibe as fotografias numa grelha semelhante \u00e0 do Instagram. A Meta afirma que a atualiza\u00e7\u00e3o eliminar\u00e1 o caos e facilitar\u00e1 a cria\u00e7\u00e3o e a descoberta de conte\u00fados.<\/p>\n<p><a target=\"_blank\" href=\"https:\/\/pplware.sapo.pt\/wp-content\/uploads\/2025\/02\/facebook_video_2.jpg\" onclick=\"refreshIframe()\" class=\"foobox\" rel=\"nofollow noopener\"><img fetchpriority=\"high\" decoding=\"async\" src=\"https:\/\/www.europesays.com\/pt\/wp-content\/uploads\/2025\/12\/facebook_video_2-1024x576.jpg\" alt=\"Facebook Meta Instagram\" width=\"720\" height=\"405\" class=\"aligncenter size-large wp-image-1043477\"  \/><\/a>\n<\/p>\n<p>A Meta voltou a mudar o Facebook<\/p>\n<p>Numa <a target=\"_blank\" href=\"https:\/\/about.fb.com\/news\/2025\/12\/making-it-easier-to-create-discover-and-share-content-on-facebook\/\" rel=\"nofollow noopener\">publica\u00e7\u00e3o no seu blogue<\/a>, a Meta anunciou uma reformula\u00e7\u00e3o do Facebook que o aproxima do Instagram. As altera\u00e7\u00f5es, dispon\u00edveis a partir de hoje, incluem um feed mais envolvente com navega\u00e7\u00e3o otimizada. Embora a interface n\u00e3o se afaste completamente daquilo a que o Facebook nos habituou, os ajustes melhoram a experi\u00eancia do utilizador, reduzindo o n\u00famero de passos necess\u00e1rios para realizar a\u00e7\u00f5es espec\u00edficas.<\/p>\n<p>Ao publicar v\u00e1rias fotografias numa atualiza\u00e7\u00e3o, estas ser\u00e3o organizadas numa grelha padronizada. Os utilizadores podem \u201cgostar\u201d de uma fotografia tocando duas vezes nela ou tocando uma vez para a visualizar em ecr\u00e3 inteiro. O conceito de grelha tamb\u00e9m ser\u00e1 aplicado aos resultados de pesquisa, que integrar\u00e3o fotografias e v\u00eddeos utilizando o mesmo formato para manter uma interface de utilizador consistente.<\/p>\n<p><a target=\"_blank\" href=\"https:\/\/www.europesays.com\/pt\/wp-content\/uploads\/2025\/12\/01_Navigation-1.webp.webp\"><img loading=\"lazy\" decoding=\"async\" src=\"https:\/\/www.europesays.com\/pt\/wp-content\/uploads\/2025\/12\/01_Navigation-1.webp.webp\" alt=\"Facebook Meta Instagram\" width=\"960\" height=\"836\" class=\"aligncenter size-full wp-image-1092660\"  \/><\/a><\/p>\n<p>Cada vez se parece mais com o Instagram<\/p>\n<p>Outra mudan\u00e7a vinda do Instagram \u00e9 uma nova barra de separadores que coloca as funcionalidades mais utilizadas no centro. Os utilizadores ter\u00e3o atalhos para Reels, Amigos, Marketplace, Perfil e Notifica\u00e7\u00f5es na barra inferior. Embora este menu n\u00e3o seja personaliz\u00e1vel, a Meta oferece um design de menu renovado com atalhos para amigos, p\u00e1ginas ou grupos.<\/p>\n<p>Em termos de cria\u00e7\u00e3o de conte\u00fados, o Facebook reformulou o processo de partilha de Stories e publica\u00e7\u00f5es no Feed. A plataforma aproveitou as melhores funcionalidades do Instagram e utilizou uma interface mais simples. A empresa afirma que a nova interface permite a cria\u00e7\u00e3o de conte\u00fados com o m\u00ednimo de distra\u00e7\u00f5es e oferece ferramentas para monitorizar coment\u00e1rios e conversas em cada publica\u00e7\u00e3o.<\/p>\n<p><a target=\"_blank\" href=\"https:\/\/www.europesays.com\/pt\/wp-content\/uploads\/2025\/12\/02_Feed-Updates-1.webp.webp\"><img loading=\"lazy\" decoding=\"async\" src=\"https:\/\/www.europesays.com\/pt\/wp-content\/uploads\/2025\/12\/02_Feed-Updates-1.webp.webp\" alt=\"Facebook Meta Instagram\" width=\"960\" height=\"836\" class=\"aligncenter size-full wp-image-1092659\"  \/><\/a><\/p>\n<p>Mudan\u00e7as j\u00e1 podem ser vistas por todos<\/p>\n<p>A Meta ajustou o seu algoritmo para encontrar pessoas com interesses semelhantes. Estas sugest\u00f5es baseiam-se na informa\u00e7\u00e3o que \u00e9 tornada p\u00fablica e n\u00e3o necessariamente em pessoas com liga\u00e7\u00f5es em comum, o que pode incomodar algumas pessoas. As altera\u00e7\u00f5es na descoberta tamb\u00e9m se aplicar\u00e3o ao conte\u00fado. Mais uma vez, o Facebook inspira-se no Instagram para moldar o algoritmo via controlos que permitem filtrar as publica\u00e7\u00f5es. <\/p>\n<p>Quem n\u00e3o gostar de uma sugest\u00e3o de Reels ou do feed, pode tocar no \u201cX\u201d para indicar \u00e0 aplica\u00e7\u00e3o que n\u00e3o tem interesse. Infelizmente, o Facebook n\u00e3o inclui uma op\u00e7\u00e3o para interromper a exibi\u00e7\u00e3o de conte\u00fado ou bloquear um criador de conte\u00fado diretamente nesse menu. A reformula\u00e7\u00e3o do Facebook estar\u00e1 dispon\u00edvel a partir de agora, embora algumas funcionalidades cheguem nos pr\u00f3ximos meses.<\/p>\n","protected":false},"excerpt":{"rendered":"Num esfor\u00e7o para conquistar mais utilizadores, o Facebook recebe uma atualiza\u00e7\u00e3o que muda completamente como se interage com&hellip;\n","protected":false},"author":2,"featured_media":183515,"comment_status":"","ping_status":"","sticky":false,"template":"","format":"standard","meta":{"footnotes":""},"categories":[84],"tags":[109,107,108,1169,1015,111,32,33,105,103,104,106,110],"class_list":{"0":"post-183514","1":"post","2":"type-post","3":"status-publish","4":"format-standard","5":"has-post-thumbnail","7":"category-ciencia-e-tecnologia","8":"tag-ciencia","9":"tag-ciencia-e-tecnologia","10":"tag-cienciaetecnologia","11":"tag-facebook","12":"tag-instagram","13":"tag-meta","14":"tag-portugal","15":"tag-pt","16":"tag-science","17":"tag-science-and-technology","18":"tag-scienceandtechnology","19":"tag-technology","20":"tag-tecnologia"},"share_on_mastodon":{"url":"https:\/\/pubeurope.com\/@pt\/115698032220012480","error":""},"_links":{"self":[{"href":"https:\/\/www.europesays.com\/pt\/wp-json\/wp\/v2\/posts\/183514","targetHints":{"allow":["GET"]}}],"collection":[{"href":"https:\/\/www.europesays.com\/pt\/wp-json\/wp\/v2\/posts"}],"about":[{"href":"https:\/\/www.europesays.com\/pt\/wp-json\/wp\/v2\/types\/post"}],"author":[{"embeddable":true,"href":"https:\/\/www.europesays.com\/pt\/wp-json\/wp\/v2\/users\/2"}],"replies":[{"embeddable":true,"href":"https:\/\/www.europesays.com\/pt\/wp-json\/wp\/v2\/comments?post=183514"}],"version-history":[{"count":0,"href":"https:\/\/www.europesays.com\/pt\/wp-json\/wp\/v2\/posts\/183514\/revisions"}],"wp:featuredmedia":[{"embeddable":true,"href":"https:\/\/www.europesays.com\/pt\/wp-json\/wp\/v2\/media\/183515"}],"wp:attachment":[{"href":"https:\/\/www.europesays.com\/pt\/wp-json\/wp\/v2\/media?parent=183514"}],"wp:term":[{"taxonomy":"category","embeddable":true,"href":"https:\/\/www.europesays.com\/pt\/wp-json\/wp\/v2\/categories?post=183514"},{"taxonomy":"post_tag","embeddable":true,"href":"https:\/\/www.europesays.com\/pt\/wp-json\/wp\/v2\/tags?post=183514"}],"curies":[{"name":"wp","href":"https:\/\/api.w.org\/{rel}","templated":true}]}}