{"id":183521,"date":"2025-12-11T00:15:51","date_gmt":"2025-12-11T00:15:51","guid":{"rendered":"https:\/\/www.europesays.com\/pt\/183521\/"},"modified":"2025-12-11T00:15:51","modified_gmt":"2025-12-11T00:15:51","slug":"o-mirante-morreu-a-escritora-clara-pinto-correia-que-tinha-raizes-em-tremes","status":"publish","type":"post","link":"https:\/\/www.europesays.com\/pt\/183521\/","title":{"rendered":"O MIRANTE | Morreu a escritora Clara Pinto Correia, que tinha ra\u00edzes em Trem\u00eas"},"content":{"rendered":"<p>A escritora Clara Pinto Correia morreu, aos 65 anos, confirmou no dia 9 de Dezembro a editora Exclama\u00e7\u00e3o, que publicou o seu \u00faltimo livro, \u201cAntares\u201d, em Junho do ano passado, sem adiantar mais pormenores. De acordo com o jornal Correio da Manh\u00e3, Clara Pinto Correia, que h\u00e1 j\u00e1 alguns anos se afastara do meio medi\u00e1tico, foi encontrada morta na sua casa, em Estremoz. Escritora, bi\u00f3loga e professora universit\u00e1ria, a autora do romance \u201cAdeus Princesa\u201d, publicado aos 25 anos, destacou-se tanto ao n\u00edvel das ci\u00eancias, como da literatura, tendo ainda sido cronista, jornalista, apresentadora e at\u00e9 actriz, no filme \u201cKiss me\u201d (2004), de Ant\u00f3nio Cunha Telles.<br \/>Clara Pinto Correia era filha do m\u00e9dico Jos\u00e9 Pinto Correia, especialista em gastroenterologia nascido em Trem\u00eas, concelho de Santar\u00e9m, em 1931. Foi nessa condi\u00e7\u00e3o que esteve, em 15 de Setembro de 2013, na cerim\u00f3nia em que foi atribu\u00eddo o nome do seu pai, falecido em 1988, \u00e0 biblioteca da vila de Trem\u00eas<br \/>Era irm\u00e3 da jornalista, actriz e apresentadora Margarida Pinto Correia e sobrinha do engenheiro \u00c1lvaro Pinto Correia, natural de Trem\u00eas e falecido em 2019, que foi presidente do Conselho Geral da Nersant e da Parquiscalabis \u2013 Parque de Neg\u00f3cios de Santar\u00e9m, secret\u00e1rio de Estado da Constru\u00e7\u00e3o Civil e da Habita\u00e7\u00e3o e Urbanismo, administrador da Caixa Geral de Dep\u00f3sitos e administrador n\u00e3o executivo da Sociedade Hidroel\u00e9ctrica de Cahora Bassa. O MIRANTE atribuiu-lhe o Pr\u00e9mio Vida das Personalidades do Ano 2011.<\/p>\n","protected":false},"excerpt":{"rendered":"A escritora Clara Pinto Correia morreu, aos 65 anos, confirmou no dia 9 de Dezembro a editora Exclama\u00e7\u00e3o,&hellip;\n","protected":false},"author":2,"featured_media":183522,"comment_status":"","ping_status":"","sticky":false,"template":"","format":"standard","meta":{"footnotes":""},"categories":[8],"tags":[27,28,15,16,14,6569,6568,25,26,21,22,12,13,19,20,32,23,24,33,3551,5314,17,18,29,30,31],"class_list":{"0":"post-183521","1":"post","2":"type-post","3":"status-publish","4":"format-standard","5":"has-post-thumbnail","7":"category-principais-noticias","8":"tag-breaking-news","9":"tag-breakingnews","10":"tag-featured-news","11":"tag-featurednews","12":"tag-headlines","13":"tag-jornal-regional","14":"tag-jornalismo-de-proximidade","15":"tag-latest-news","16":"tag-latestnews","17":"tag-main-news","18":"tag-mainnews","19":"tag-news","20":"tag-noticias","21":"tag-noticias-principais","22":"tag-noticiasprincipais","23":"tag-portugal","24":"tag-principais-noticias","25":"tag-principaisnoticias","26":"tag-pt","27":"tag-regiao","28":"tag-ribatejo","29":"tag-top-stories","30":"tag-topstories","31":"tag-ultimas","32":"tag-ultimas-noticias","33":"tag-ultimasnoticias"},"share_on_mastodon":{"url":"https:\/\/pubeurope.com\/@pt\/115698059381389038","error":""},"_links":{"self":[{"href":"https:\/\/www.europesays.com\/pt\/wp-json\/wp\/v2\/posts\/183521","targetHints":{"allow":["GET"]}}],"collection":[{"href":"https:\/\/www.europesays.com\/pt\/wp-json\/wp\/v2\/posts"}],"about":[{"href":"https:\/\/www.europesays.com\/pt\/wp-json\/wp\/v2\/types\/post"}],"author":[{"embeddable":true,"href":"https:\/\/www.europesays.com\/pt\/wp-json\/wp\/v2\/users\/2"}],"replies":[{"embeddable":true,"href":"https:\/\/www.europesays.com\/pt\/wp-json\/wp\/v2\/comments?post=183521"}],"version-history":[{"count":0,"href":"https:\/\/www.europesays.com\/pt\/wp-json\/wp\/v2\/posts\/183521\/revisions"}],"wp:featuredmedia":[{"embeddable":true,"href":"https:\/\/www.europesays.com\/pt\/wp-json\/wp\/v2\/media\/183522"}],"wp:attachment":[{"href":"https:\/\/www.europesays.com\/pt\/wp-json\/wp\/v2\/media?parent=183521"}],"wp:term":[{"taxonomy":"category","embeddable":true,"href":"https:\/\/www.europesays.com\/pt\/wp-json\/wp\/v2\/categories?post=183521"},{"taxonomy":"post_tag","embeddable":true,"href":"https:\/\/www.europesays.com\/pt\/wp-json\/wp\/v2\/tags?post=183521"}],"curies":[{"name":"wp","href":"https:\/\/api.w.org\/{rel}","templated":true}]}}