{"id":183527,"date":"2025-12-11T00:24:15","date_gmt":"2025-12-11T00:24:15","guid":{"rendered":"https:\/\/www.europesays.com\/pt\/183527\/"},"modified":"2025-12-11T00:24:15","modified_gmt":"2025-12-11T00:24:15","slug":"videos-manchester-city-vence-real-madrid-com-reviravolta-no-bernabeu","status":"publish","type":"post","link":"https:\/\/www.europesays.com\/pt\/183527\/","title":{"rendered":"V\u00cdDEOS: Manchester City vence Real Madrid com reviravolta no Bernab\u00e9u"},"content":{"rendered":"<p>O Manchester City foi ao Santiago Bernab\u00e9u vencer o Real Madrid por <a href=\"https:\/\/maisfutebol.iol.pt\/jogo\/real-madrid\/manchester-city\/13830126\" rel=\"nofollow noopener\" target=\"_blank\">2-1<\/a> com uma reviravolta no resultado ainda na primeira parte, resultado que permite \u00e0 equipa de Pep Guardiola ascender at\u00e9 ao quarto lugar, com a equipa de Xabi Alonso a cair para o s\u00e9timo, o pen\u00faltimo que d\u00e1 acesso direto aos oitavos de final.<\/p>\n<p>Com Kylian Mbapp\u00e9 no banco de suplentes e com o jovem Gonzalo Garcia no ataque, entre Vinicius e Rodrygo, os merengues at\u00e9 entraram bem no jogo e chegaram \u00e0 vantagem, aos 28 minutos, com Bellingham, sobre o corredor central, a lan\u00e7ar Rodrygo pela direita e o brasileiro a bater Donnarumma com um remate cruzado.<\/p>\n<blockquote class=\"twitter-tweet\" data-media-max-width=\"560\">\n<p lang=\"pt\">Rodrygo \ud83e\udef6\ud83c\udffb fazer golos ao Man City<\/p>\n<p>\ud83e\udd29 <a href=\"https:\/\/twitter.com\/ChampionsLeague?ref_src=twsrc%5Etfw\" rel=\"nofollow noopener\" target=\"_blank\">@ChampionsLeague<\/a> | <a href=\"https:\/\/twitter.com\/realmadrid?ref_src=twsrc%5Etfw\" rel=\"nofollow noopener\" target=\"_blank\">@realmadrid<\/a> 1 x 0 <a href=\"https:\/\/twitter.com\/ManCity?ref_src=twsrc%5Etfw\" rel=\"nofollow noopener\" target=\"_blank\">@ManCity<\/a><\/p>\n<p>\ud83d\udcf2 Adere j\u00e1 e aproveita \ud835\udfd2 \ud835\udc0c\ud835\udc04\ud835\udc12\ud835\udc04\ud835\udc12 \ud835\udc1c\ud835\udc28\ud835\udc26 \ud835\udfd3\ud835\udfce% \ud835\udc1d\ud835\udc1e \ud835\udc03\ud835\udc04\ud835\udc12\ud835\udc02\ud835\udc0e\ud835\udc0d\ud835\udc13\ud835\udc0e \ud83d\udc49 <a href=\"https:\/\/t.co\/GDPTC32t4i\" rel=\"nofollow\">https:\/\/t.co\/GDPTC32t4i<\/a> <a href=\"https:\/\/twitter.com\/hashtag\/DAZNChampions?src=hash&amp;ref_src=twsrc%5Etfw\" rel=\"nofollow noopener\" target=\"_blank\">#DAZNChampions<\/a> <a href=\"https:\/\/twitter.com\/hashtag\/DAZNSolverde?src=hash&amp;ref_src=twsrc%5Etfw\" rel=\"nofollow noopener\" target=\"_blank\">#DAZNSolverde<\/a> <a href=\"https:\/\/t.co\/wax9nO5Pau\" rel=\"nofollow\">pic.twitter.com\/wax9nO5Pau<\/a><\/p>\n<p> \u2014 DAZN Portugal (@DAZNPortugal)<br \/>\n  <a href=\"https:\/\/twitter.com\/DAZNPortugal\/status\/1998853439833477249?ref_src=twsrc%5Etfw\" rel=\"nofollow noopener\" target=\"_blank\">December 10, 2025<\/a>\n <\/p><\/blockquote>\n<p>No entanto, a vantagem da equipa da casa durou apenas sete minutos, uma vez que o City, com Bernardo Silva como capit\u00e3o, nivelou o resultado, aos 35 minutos, na sequ\u00eancia de um canto marcado por Cherki da esquerda para o segundo poste. Courtois ainda defendeu a cabe\u00e7ada de Gvardiol, mas j\u00e1 n\u00e3o conseguiu suster a recarga de O\u2019Reilly.<\/p>\n<blockquote class=\"twitter-tweet\" data-media-max-width=\"560\">\n<p lang=\"pt\">A vantagem do Real durou pouco \ud83d\ude05 Nico O&#8217;Reilly empata no Bernab\u00e9u<\/p>\n<p>\ud83e\udd29 <a href=\"https:\/\/twitter.com\/ChampionsLeague?ref_src=twsrc%5Etfw\" rel=\"nofollow noopener\" target=\"_blank\">@ChampionsLeague<\/a> | <a href=\"https:\/\/twitter.com\/realmadrid?ref_src=twsrc%5Etfw\" rel=\"nofollow noopener\" target=\"_blank\">@realmadrid<\/a> 1 x 1 <a href=\"https:\/\/twitter.com\/ManCity?ref_src=twsrc%5Etfw\" rel=\"nofollow noopener\" target=\"_blank\">@ManCity<\/a><\/p>\n<p>\ud83d\udcf2 Adere j\u00e1 e aproveita \ud835\udfd2 \ud835\udc0c\ud835\udc04\ud835\udc12\ud835\udc04\ud835\udc12 \ud835\udc1c\ud835\udc28\ud835\udc26 \ud835\udfd3\ud835\udfce% \ud835\udc1d\ud835\udc1e \ud835\udc03\ud835\udc04\ud835\udc12\ud835\udc02\ud835\udc0e\ud835\udc0d\ud835\udc13\ud835\udc0e \ud83d\udc49 <a href=\"https:\/\/t.co\/GDPTC32t4i\" rel=\"nofollow\">https:\/\/t.co\/GDPTC32t4i<\/a> <a href=\"https:\/\/twitter.com\/hashtag\/DAZNChampions?src=hash&amp;ref_src=twsrc%5Etfw\" rel=\"nofollow noopener\" target=\"_blank\">#DAZNChampions<\/a> <a href=\"https:\/\/twitter.com\/hashtag\/DAZNSolverde?src=hash&amp;ref_src=twsrc%5Etfw\" rel=\"nofollow noopener\" target=\"_blank\">#DAZNSolverde<\/a> <a href=\"https:\/\/t.co\/X7OT0UZJTM\" rel=\"nofollow\">pic.twitter.com\/X7OT0UZJTM<\/a><\/p>\n<p> \u2014 DAZN Portugal (@DAZNPortugal)<br \/>\n  <a href=\"https:\/\/twitter.com\/DAZNPortugal\/status\/1998855545550156274?ref_src=twsrc%5Etfw\" rel=\"nofollow noopener\" target=\"_blank\">December 10, 2025<\/a>\n <\/p><\/blockquote>\n<p>Um golo que motivou a equipa de Guardiola que acabou por virar o resultado ainda antes do intervalo, aos 43 minutos, numa grande penalidade convertida exemplarmente por Haaland a punir um empurr\u00e3o de Rudiger ao avan\u00e7ado noruegu\u00eas.<\/p>\n<blockquote class=\"twitter-tweet\" data-media-max-width=\"560\">\n<p lang=\"pt\">O suspeito do costume a colocar o Man City na frente no Bernab\u00e9u \ud83e\udd16 Haaland<\/p>\n<p>\ud83e\udd29 <a href=\"https:\/\/twitter.com\/ChampionsLeague?ref_src=twsrc%5Etfw\" rel=\"nofollow noopener\" target=\"_blank\">@ChampionsLeague<\/a> | <a href=\"https:\/\/twitter.com\/realmadrid?ref_src=twsrc%5Etfw\" rel=\"nofollow noopener\" target=\"_blank\">@realmadrid<\/a> 1 x 2 <a href=\"https:\/\/twitter.com\/ManCity?ref_src=twsrc%5Etfw\" rel=\"nofollow noopener\" target=\"_blank\">@ManCity<\/a><\/p>\n<p>\ud83d\udcf2 Adere j\u00e1 e aproveita \ud835\udfd2 \ud835\udc0c\ud835\udc04\ud835\udc12\ud835\udc04\ud835\udc12 \ud835\udc1c\ud835\udc28\ud835\udc26 \ud835\udfd3\ud835\udfce% \ud835\udc1d\ud835\udc1e \ud835\udc03\ud835\udc04\ud835\udc12\ud835\udc02\ud835\udc0e\ud835\udc0d\ud835\udc13\ud835\udc0e \ud83d\udc49 <a href=\"https:\/\/t.co\/GDPTC32t4i\" rel=\"nofollow\">https:\/\/t.co\/GDPTC32t4i<\/a> <a href=\"https:\/\/twitter.com\/hashtag\/DAZNChampions?src=hash&amp;ref_src=twsrc%5Etfw\" rel=\"nofollow noopener\" target=\"_blank\">#DAZNChampions<\/a> <a href=\"https:\/\/twitter.com\/hashtag\/DAZNSolverde?src=hash&amp;ref_src=twsrc%5Etfw\" rel=\"nofollow noopener\" target=\"_blank\">#DAZNSolverde<\/a> <a href=\"https:\/\/t.co\/GbSDMGRDKj\" rel=\"nofollow\">pic.twitter.com\/GbSDMGRDKj<\/a><\/p>\n<p> \u2014 DAZN Portugal (@DAZNPortugal)<br \/>\n  <a href=\"https:\/\/twitter.com\/DAZNPortugal\/status\/1998857488079139072?ref_src=twsrc%5Etfw\" rel=\"nofollow noopener\" target=\"_blank\">December 10, 2025<\/a>\n <\/p><\/blockquote>\n<p>Ainda antes do intervalo, o City podia ter aumentado a vantagem para 3-1, numa transi\u00e7\u00e3o r\u00e1pida, com Haaland a rematar forte na passada, mas Courtois respondeu com a defesa da noite.<\/p>\n<p>J\u00e1 na segunda parte, Xabi Alonso foi lan\u00e7ando sucessivamente Arda G\u00fcler, Brahim D\u00edaz e Endrick para a frente de ataque, mas deixou Kylian Mbapp\u00e9, melhor marcador da Liga dos Campe\u00f5es, no banco.<\/p>\n<p>O Real Madrid lutou pelo empate at\u00e9 ao \u00faltimo suspiro do jogo e at\u00e9 podia ter marcado, aos 79 minutos, na sequ\u00eancia de um canto, em que Vinicius, destacado np segundo poste, falhou de forma incr\u00edvel, atirando por cima.<\/p>\n<blockquote class=\"twitter-tweet\" data-media-max-width=\"560\">\n<p lang=\"pt\">Oportunidade de ouro para Vini Jr, mas falha o alvo \ud83c\udfaf\u274c<\/p>\n<p>\ud83d\udcf2 Adere j\u00e1 e aproveita \ud835\udfd2 \ud835\udc0c\ud835\udc04\ud835\udc12\ud835\udc04\ud835\udc12 \ud835\udc1c\ud835\udc28\ud835\udc26 \ud835\udfd3\ud835\udfce% \ud835\udc1d\ud835\udc1e \ud835\udc03\ud835\udc04\ud835\udc12\ud835\udc02\ud835\udc0e\ud835\udc0d\ud835\udc13\ud835\udc0e \ud83d\udc49 <a href=\"https:\/\/t.co\/GDPTC32t4i\" rel=\"nofollow\">https:\/\/t.co\/GDPTC32t4i<\/a> <a href=\"https:\/\/twitter.com\/hashtag\/DAZNChampions?src=hash&amp;ref_src=twsrc%5Etfw\" rel=\"nofollow noopener\" target=\"_blank\">#DAZNChampions<\/a> <a href=\"https:\/\/t.co\/tGhOn4VP5W\" rel=\"nofollow\">pic.twitter.com\/tGhOn4VP5W<\/a><\/p>\n<p> \u2014 DAZN Portugal (@DAZNPortugal)<br \/>\n  <a href=\"https:\/\/twitter.com\/DAZNPortugal\/status\/1998871435796779147?ref_src=twsrc%5Etfw\" rel=\"nofollow noopener\" target=\"_blank\">December 10, 2025<\/a>\n <\/p><\/blockquote>\n<p>Com esta vit\u00f3ria, o Manchester City sobe at\u00e9 ao quarto lugar, agora com 13 pontos, enquanto o Real Madrid cai para o s\u00e9timo posto, com menos um ponto do que os ingleses.<\/p>\n<p><a href=\"https:\/\/maisfutebol.iol.pt\/resultadoseclassificacoes\/316\/europa\/uefa-champions-league\" rel=\"nofollow noopener\" target=\"_blank\">A classifica\u00e7\u00e3o da Liga dos Campe\u00f5es<\/a><\/p>\n<p>                                <script async src=\"https:\/\/platform.twitter.com\/widgets.js\" charset=\"utf-8\"><\/script><\/p>\n","protected":false},"excerpt":{"rendered":"O Manchester City foi ao Santiago Bernab\u00e9u vencer o Real Madrid por 2-1 com uma reviravolta no resultado&hellip;\n","protected":false},"author":2,"featured_media":183528,"comment_status":"","ping_status":"","sticky":false,"template":"","format":"standard","meta":{"footnotes":""},"categories":[87],"tags":[135,26732,7706,46,1382,32,33,47,2007,134],"class_list":{"0":"post-183527","1":"post","2":"type-post","3":"status-publish","4":"format-standard","5":"has-post-thumbnail","7":"category-desporto","8":"tag-desporto","9":"tag-haaland","10":"tag-liga-campeoes","11":"tag-maisfutebol","12":"tag-manchester-city","13":"tag-portugal","14":"tag-pt","15":"tag-pura-paixao","16":"tag-real-madrid","17":"tag-sports"},"share_on_mastodon":{"url":"https:\/\/pubeurope.com\/@pt\/115698090984856661","error":""},"_links":{"self":[{"href":"https:\/\/www.europesays.com\/pt\/wp-json\/wp\/v2\/posts\/183527","targetHints":{"allow":["GET"]}}],"collection":[{"href":"https:\/\/www.europesays.com\/pt\/wp-json\/wp\/v2\/posts"}],"about":[{"href":"https:\/\/www.europesays.com\/pt\/wp-json\/wp\/v2\/types\/post"}],"author":[{"embeddable":true,"href":"https:\/\/www.europesays.com\/pt\/wp-json\/wp\/v2\/users\/2"}],"replies":[{"embeddable":true,"href":"https:\/\/www.europesays.com\/pt\/wp-json\/wp\/v2\/comments?post=183527"}],"version-history":[{"count":0,"href":"https:\/\/www.europesays.com\/pt\/wp-json\/wp\/v2\/posts\/183527\/revisions"}],"wp:featuredmedia":[{"embeddable":true,"href":"https:\/\/www.europesays.com\/pt\/wp-json\/wp\/v2\/media\/183528"}],"wp:attachment":[{"href":"https:\/\/www.europesays.com\/pt\/wp-json\/wp\/v2\/media?parent=183527"}],"wp:term":[{"taxonomy":"category","embeddable":true,"href":"https:\/\/www.europesays.com\/pt\/wp-json\/wp\/v2\/categories?post=183527"},{"taxonomy":"post_tag","embeddable":true,"href":"https:\/\/www.europesays.com\/pt\/wp-json\/wp\/v2\/tags?post=183527"}],"curies":[{"name":"wp","href":"https:\/\/api.w.org\/{rel}","templated":true}]}}