{"id":183542,"date":"2025-12-11T00:35:11","date_gmt":"2025-12-11T00:35:11","guid":{"rendered":"https:\/\/www.europesays.com\/pt\/183542\/"},"modified":"2025-12-11T00:35:11","modified_gmt":"2025-12-11T00:35:11","slug":"wagner-moura-fica-entre-melhores-atores-em-lista-do-nyt-10-12-2025-ilustrada","status":"publish","type":"post","link":"https:\/\/www.europesays.com\/pt\/183542\/","title":{"rendered":"Wagner Moura fica entre melhores atores em lista do NYT &#8211; 10\/12\/2025 &#8211; Ilustrada"},"content":{"rendered":"<p><a href=\"https:\/\/www1.folha.uol.com.br\/folha-topicos\/wagner-moura\/\" rel=\"nofollow noopener\" target=\"\">Wagner Moura<\/a>, protagonista de &#8220;<a href=\"https:\/\/www1.folha.uol.com.br\/folha-topicos\/o-agente-secreto\/\" rel=\"nofollow noopener\" target=\"\">O Agente Secreto<\/a>&#8220;, apareceu na lista das melhores atua\u00e7\u00f5es de 2025 do <a href=\"https:\/\/www1.folha.uol.com.br\/mundo\/nyt\/\" rel=\"nofollow noopener\" target=\"\">The New York Times<\/a>, publicada nesta ter\u00e7a-feira (9). Junto do brasileiro, o jornal americano ainda citou os pap\u00e9is de <a href=\"https:\/\/www1.folha.uol.com.br\/ilustrada\/2025\/04\/jacob-elordi-e-entrevista-com-othon-bastos-o-que-ver-na-tv-e-no-streaming-na-sexta.shtml\" rel=\"nofollow noopener\" target=\"\">Jacob Elordi<\/a> como o monstro de &#8220;<a href=\"https:\/\/www1.folha.uol.com.br\/ilustrada\/2025\/10\/guillermo-del-toro-diz-que-seu-frankenstein-e-drama-autobiografico-de-pai-e-filho.shtml\" rel=\"nofollow noopener\" target=\"\">Frankenstein<\/a>&#8220;, a atua\u00e7\u00e3o de <a href=\"https:\/\/www1.folha.uol.com.br\/amp\/ilustrada\/2025\/12\/com-o-agente-secreto-e-pecadores-new-york-times-lista-melhores-filmes-do-ano.shtml\" rel=\"nofollow noopener\" target=\"\">Teyana Taylor<\/a> em &#8220;Uma<a href=\"https:\/\/www1.folha.uol.com.br\/ilustrada\/2025\/09\/uma-batalha-apos-a-outra-e-espetaculo-de-contradicoes-americanas.shtml\" rel=\"nofollow noopener\" target=\"\"> Batalha Ap\u00f3s a Outra<\/a>&#8220;, de <a href=\"https:\/\/www1.folha.uol.com.br\/ilustrada\/2025\/10\/quem-sao-as-freiras-maconheiras-que-inspiraram-paul-thomas-anderson.shtml\" rel=\"nofollow noopener\" target=\"\">Paul Thomas Anderson<\/a>, e a interpreta\u00e7\u00e3o c\u00f4mica de <a href=\"https:\/\/www1.folha.uol.com.br\/ilustrada\/2025\/08\/liam-neeson-estrela-sua-primeira-comedia-como-policial-com-humor-absurdo.shtml\" rel=\"nofollow noopener\" target=\"\">Liam Neeson<\/a> no novo &#8220;<a href=\"https:\/\/www1.folha.uol.com.br\/ilustrada\/2025\/08\/novo-corra-que-a-policia-vem-ai-resgata-um-tipo-de-comedia-que-faz-falta.shtml\" rel=\"nofollow noopener\" target=\"\">Corra que a Pol\u00edcia Vem A\u00ed!<\/a>&#8220;, lan\u00e7ado no \u00faltimo m\u00eas de agosto, entre outros.<\/p>\n<p>Em entrevista ao ve\u00edculo, Moura disse que, conforme envelhece, tenta transpor mais caracter\u00edsticas de si mesmo para os seus personagens. &#8220;\u00c9 como compartilhar algo sobre mim, algo em que acredito. Eu sou uma pessoa muito pol\u00edtica, e \u00e9 claro que isso se manifesta naquilo que fa\u00e7o. Artes e pol\u00edtica s\u00e3o coisas muito pr\u00f3ximas&#8221;, afirmou o ator.<\/p>\n<p>&#8220;Eu ainda sinto felicidade como uma crian\u00e7a. Penso que todos os atores \u2014talvez todos os artistas, em geral\u2014 gostam de brincar, fingir, que \u00e9 o que crian\u00e7as fazem. Crian\u00e7as s\u00e3o \u00f3timos atores, quando n\u00e3o est\u00e3o domadas. Elas s\u00e3o naturais, os melhores atores do mundo&#8221;, complementou ele.<\/p>\n<p>Wagner Moura concorre ao <a href=\"https:\/\/www1.folha.uol.com.br\/ilustrada\/2025\/12\/critics-choice-awards-termometro-do-oscar-anuncia-indicados-hoje.shtml\" rel=\"nofollow noopener\" target=\"\">Critics Choice Awards<\/a> de melhor ator e ao <a href=\"https:\/\/www1.folha.uol.com.br\/folha-topicos\/globo-de-ouro\/\" rel=\"nofollow noopener\" target=\"\">Globo de Ouro<\/a> de melhor ator em filme de drama. No Critics, &#8220;O Agente Secreto&#8221; concorre ao pr\u00eamio de melhor filme internacional e foi indicado ao Globo de Ouro de melhor filme em l\u00edngua n\u00e3o inglesa e melhor filme de drama. O filme de <a href=\"https:\/\/www1.folha.uol.com.br\/ilustrada\/2025\/12\/nao-sabia-que-era-recorde-diz-kleber-mendonca-filho-sobre-globo-de-ouro.shtml\" rel=\"nofollow noopener\" target=\"\">Kleber Mendon\u00e7a Filho<\/a> \u00e9 o representante brasileiro ao Oscar de 2026.<\/p>\n<p>Veja a lista completa das melhores atua\u00e7\u00f5es do ano segundo o New York Times.<\/p>\n<ul>&#13;<\/p>\n<li>Teyana Taylor, &#8220;Uma Batalha Ap\u00f3s a Outra&#8221;;<\/li>\n<p>&#13;<\/p>\n<li>Jessie Buckley, &#8220;Hamnet&#8221;;<\/li>\n<p>&#13;<\/p>\n<li>Jacob Elordi, &#8220;Frankeinstein&#8221;;<\/li>\n<p>&#13;<\/p>\n<li>Wagner Moura, &#8220;O Agente Secreto&#8221;;<\/li>\n<p>&#13;<\/p>\n<li>Lee Byung Hun, &#8220;No Other Choice&#8221;;<\/li>\n<p>&#13;<\/p>\n<li>Kirsten Dunst, &#8220;O Bom Bandido&#8221;;<\/li>\n<p>&#13;<\/p>\n<li>Liam Neeson, &#8220;Corra que a Pol\u00edcia Vem A\u00ed!&#8221;;<\/li>\n<p>&#13;<\/p>\n<li>Rose Byrne, &#8220;Se Eu Tivesse Pernas Eu Te Chutaria&#8221;;<\/li>\n<p>&#13;<\/p>\n<li>Wunmi Mosaku, &#8220;Pecadores&#8221;;<\/li>\n<p>&#13;<\/p>\n<li>Kathleen Chalfant, &#8220;Toque Familiar&#8221;.<\/li>\n<p>&#13;\n<\/ul>\n","protected":false},"excerpt":{"rendered":"Wagner Moura, protagonista de &#8220;O Agente Secreto&#8220;, apareceu na lista das melhores atua\u00e7\u00f5es de 2025 do The New&hellip;\n","protected":false},"author":2,"featured_media":183543,"comment_status":"","ping_status":"","sticky":false,"template":"","format":"standard","meta":{"footnotes":""},"categories":[145],"tags":[11098,211,210,470,6724,114,115,236,19262,2595,2153,2158,1409,32,33,12348],"class_list":{"0":"post-183542","1":"post","2":"type-post","3":"status-publish","4":"format-standard","5":"has-post-thumbnail","7":"category-celebridades","8":"tag-academia-de-cinema","9":"tag-celebridades","10":"tag-celebrities","11":"tag-cinema","12":"tag-cinema-brasileiro","13":"tag-entertainment","14":"tag-entretenimento","15":"tag-folha","16":"tag-globo-de-ouro","17":"tag-hollywood","18":"tag-kleber-mendonca-filho","19":"tag-o-agente-secreto","20":"tag-oscar","21":"tag-portugal","22":"tag-pt","23":"tag-wagner-moura"},"share_on_mastodon":{"url":"https:\/\/pubeurope.com\/@pt\/115698134163758569","error":""},"_links":{"self":[{"href":"https:\/\/www.europesays.com\/pt\/wp-json\/wp\/v2\/posts\/183542","targetHints":{"allow":["GET"]}}],"collection":[{"href":"https:\/\/www.europesays.com\/pt\/wp-json\/wp\/v2\/posts"}],"about":[{"href":"https:\/\/www.europesays.com\/pt\/wp-json\/wp\/v2\/types\/post"}],"author":[{"embeddable":true,"href":"https:\/\/www.europesays.com\/pt\/wp-json\/wp\/v2\/users\/2"}],"replies":[{"embeddable":true,"href":"https:\/\/www.europesays.com\/pt\/wp-json\/wp\/v2\/comments?post=183542"}],"version-history":[{"count":0,"href":"https:\/\/www.europesays.com\/pt\/wp-json\/wp\/v2\/posts\/183542\/revisions"}],"wp:featuredmedia":[{"embeddable":true,"href":"https:\/\/www.europesays.com\/pt\/wp-json\/wp\/v2\/media\/183543"}],"wp:attachment":[{"href":"https:\/\/www.europesays.com\/pt\/wp-json\/wp\/v2\/media?parent=183542"}],"wp:term":[{"taxonomy":"category","embeddable":true,"href":"https:\/\/www.europesays.com\/pt\/wp-json\/wp\/v2\/categories?post=183542"},{"taxonomy":"post_tag","embeddable":true,"href":"https:\/\/www.europesays.com\/pt\/wp-json\/wp\/v2\/tags?post=183542"}],"curies":[{"name":"wp","href":"https:\/\/api.w.org\/{rel}","templated":true}]}}