{"id":183557,"date":"2025-12-11T00:49:15","date_gmt":"2025-12-11T00:49:15","guid":{"rendered":"https:\/\/www.europesays.com\/pt\/183557\/"},"modified":"2025-12-11T00:49:15","modified_gmt":"2025-12-11T00:49:15","slug":"governo-preparado-para-guerra-de-longa-duracao-observador","status":"publish","type":"post","link":"https:\/\/www.europesays.com\/pt\/183557\/","title":{"rendered":"Governo preparado para guerra de longa dura\u00e7\u00e3o \u2013 Observador"},"content":{"rendered":"<p>A sondagem publicada esta quarta-feira no <a href=\"https:\/\/www.dn.pt\/pol%C3%ADtica\/barmetro-dnaximage-greve-geral-tem-apoio-maioritrio-dos-portugueses-sindicatos-tambm-com-opinio-favorvel\" rel=\"nofollow noopener\" target=\"_blank\">Di\u00e1rio de Not\u00edcias<\/a>, e que aponta para uma <strong>aprova\u00e7\u00e3o maiorit\u00e1ria da greve<\/strong> (69%), \u00e9 largamente desvalorizada pelo Governo. A come\u00e7ar pelo pr\u00f3prio primeiro-ministro. \u201cN\u00e3o vale a pena andar com esse jogo, uma sondagem aqui ou amanh\u00e3 vamos andar seguramente com n\u00fameros aqui ou l\u00e1\u201d, despachou logo Lu\u00eds Montenegro.<\/p>\n<p>Por outro lado, h\u00e1 quem olhe para as letras pequeninas da mesma sondagem e aponte para o <strong>copo meio-cheio<\/strong>: o apoio aos sindicatos cresce sobretudo a partir dos 35 anos; por contraste, os mais jovens s\u00e3o os que mais se colocam do lado do Governo. Ali\u00e1s, quem, no Executivo, ajudou a pensar esta reforma laboral vai tentando comprovar a tese de que esta flexibiliza\u00e7\u00e3o permitir\u00e1 responder aos desafios que o pa\u00eds enfrenta em mat\u00e9ria de \u201cdesemprego jovem\u201d, mais expressivo do que a m\u00e9dia, combater a \u201cprecariedade\u201d nos mais novos, aumentar os \u201c<strong>baixos <\/strong><strong>sal\u00e1rios de entrada<\/strong>\u201d e travar a \u201cemigra\u00e7\u00e3o jovem\u201d.<\/p>\n<p>\u00c9 para esta nova gera\u00e7\u00e3o, que \u201cn\u00e3o sonha com o mesmo\u00a0emprego para a vida\u201d e que quer progredir mais rapidamente em termos salariais, e para um pa\u00eds largamente n\u00e3o sindicalizado (apenas 7,2% dos trabalhadores o s\u00e3o) que o Executivo est\u00e1 a falar. O resto \u00e9 ru\u00eddo. Importa, ainda assim, n\u00e3o juntar mais ru\u00eddo ao ru\u00eddo. A partir do Governo, a ordem foi para parar com o tiro ao alvo \u00e0 UGT e aliviar a press\u00e3o sobre a central sindical. \u201c<strong>Queremos serenidade<\/strong>\u201c, sublinha fonte do Executivo.<\/p>\n<p>A audi\u00eancia entre o secret\u00e1rio-geral, M\u00e1rio Mour\u00e3o, e Lu\u00eds Montenegro foi um primeiro sinal nesse sentido, e os dois sa\u00edram de l\u00e1 manter as portas abertas, apesar da greve. No mesmo dia, por\u00e9m, a ministra <strong>Maria do Ros\u00e1rio Palma Ramalho<\/strong> deu uma entrevista \u00e0 RTP a dizer que a paralisa\u00e7\u00e3o era \u201cinoportuna\u201d e \u201c<strong>um instituto danoso<\/strong>\u201c, o que motivou renovadas cr\u00edticas por parte dos sindicatos.<\/p>\n<p>\u201cQuando sa\u00ed da reuni\u00e3o com o senhor primeiro-ministro, disse que tinha sido muito construtiva. Logo nessa noite, vi a entrevista que a senhora ministra deu \u00e0 RTP e fiquei <strong>preocupado<\/strong>. Estivemos a construir um ambiente prop\u00edcio para o di\u00e1logo e a senhora ministra diz que as linhas mestras continuam. Assim n\u00e3o vamos l\u00e1\u201d, amea\u00e7ou M\u00e1rio Mour\u00e3o, j\u00e1 depois de ter dito que a ministra do Trabalho \u201c\u00e9 uma t\u00e9cnica\u201d e que \u201c<strong>n\u00e3o tem jeito<\/strong> para criar ambiente e clima negocial\u201d.<\/p>\n<p>De todo em todo, com o aproximar da greve, os decib\u00e9is da discuss\u00e3o p\u00fablica foram baixando. O que vai sendo dito em privado, nos corredores do Governo, nem por isso. \u201cNingu\u00e9m compreende a greve. \u00c9 o<strong> descr\u00e9dito da UGT<\/strong>, que promove greves e negocia\u00e7\u00f5es ao mesmo tempo\u201d, denuncia um elemento do n\u00facleo duro do Governo. \u201cDizem \u2018n\u00e3o queremos abandonar o di\u00e1logo\u2019, mas fazem uma greve a meio das negocia\u00e7\u00f5es? N\u00e3o faz sentido\u201d, concorda outra fonte do Executivo.<\/p>\n<p>Em novembro, quando se perspetivava esta greve geral, j\u00e1 se <a href=\"https:\/\/observador.pt\/especiais\/deixem-o-luis-trabalhar-parte-2-governo-prepara-contra-ofensiva-a-greve-e-confia-ter-apoio-da-opiniao-publica\/\" rel=\"nofollow noopener\" target=\"_blank\"><strong>multiplicavam as cr\u00edticas<\/strong><\/a> \u00e0 posi\u00e7\u00e3o negocial da UGT e \u00e0quilo que se dizia ser uma ced\u00eancia de M\u00e1rio Mour\u00e3o \u00e0 CGTP de Tiago Oliveira. Semanas depois, a opini\u00e3o n\u00e3o mudou, mas as baterias est\u00e3o agora mais apontadas a <strong>Jos\u00e9 Lu\u00eds Carneiro<\/strong>, acusado de estar a instrumentalizar a central sindical para fazer prova de vida. \u201cO PS ficou em terceiro em n\u00famero de deputados, perdeu 40 C\u00e2maras nas aut\u00e1rquicas, o seu candidato presidencial aparece em quarto lugar nas sondagens\u2026 <strong>Est\u00e1 a lutar pela sobreviv\u00eancia<\/strong>. Est\u00e3o desesperados\u201d, analisa fonte do Governo.<\/p>\n<p>Em rigor, n\u00e3o \u00e9 apenas a esquerda, a CGTP, o PS ou a UGT que criticam esta proposta de reforma laboral. Pedro Roque, secret\u00e1rio-geral dos Trabalhadores Social Democratas (TSD), estrutura do partido e que \u00e9 afeta \u00e0 UGT, n\u00e3o deixou de reconhecer que h\u00e1 diverg\u00eancias com o Governo nesta mat\u00e9ria. Lucinda D\u00e2maso, membro da dire\u00e7\u00e3o do PSD e presidente da UGT, votou favoravelmente esta greve. <strong>Bag\u00e3o F\u00e9lix<\/strong> e <strong>Jos\u00e9 da Silva Peneda<\/strong>, antigos ministros do Trabalho nos governos de Dur\u00e3o Barroso e Cavaco Silva, criticaram abertamente os planos da atual ministra.<\/p>\n<p>Mesmo assim, os sociais-democratas continuam apostados em insistir na mensagem que norteou a \u00faltima campanha legislativa e agarrados \u00e0 ideia de que h\u00e1 quem n\u00e3o queira deixar Lu\u00eds Montenegro trabalhar. Uma imagem que j\u00e1 era uma colagem evidente \u00e0 simbologia cavaquista, que imortalizou o \u201cDeixem-nos trabalhar\u201d. Nem de prop\u00f3sito, <strong>Alexandre Po\u00e7o<\/strong>, antigo l\u00edder da JSD e um dos \u2018vices\u2019 da bancada parlamentar social-democrata, assinar\u00e1 amanh\u00e3, quinta-feira, dia da greve geral, um texto de opini\u00e3o no Observador com o t\u00edtulo: \u201cDeixem o pa\u00eds trabalhar\u201d. O gui\u00e3o est\u00e1 estudado e n\u00e3o muda. At\u00e9 ver, pelo menos.<\/p>\n","protected":false},"excerpt":{"rendered":"A sondagem publicada esta quarta-feira no Di\u00e1rio de Not\u00edcias, e que aponta para uma aprova\u00e7\u00e3o maiorit\u00e1ria da greve&hellip;\n","protected":false},"author":2,"featured_media":183558,"comment_status":"","ping_status":"","sticky":false,"template":"","format":"standard","meta":{"footnotes":""},"categories":[8],"tags":[27,28,15,16,301,14,25,26,21942,37396,590,21,22,12,13,19,20,57,302,32,23,24,33,58,17,18,29,30,31],"class_list":{"0":"post-183557","1":"post","2":"type-post","3":"status-publish","4":"format-standard","5":"has-post-thumbnail","7":"category-principais-noticias","8":"tag-breaking-news","9":"tag-breakingnews","10":"tag-featured-news","11":"tag-featurednews","12":"tag-governo","13":"tag-headlines","14":"tag-latest-news","15":"tag-latestnews","16":"tag-legislau00e7u00e3o","17":"tag-legislau00e7u00e3o-laboral","18":"tag-luu00eds-montenegro","19":"tag-main-news","20":"tag-mainnews","21":"tag-news","22":"tag-noticias","23":"tag-noticias-principais","24":"tag-noticiasprincipais","25":"tag-pau00eds","26":"tag-polu00edtica","27":"tag-portugal","28":"tag-principais-noticias","29":"tag-principaisnoticias","30":"tag-pt","31":"tag-sociedade","32":"tag-top-stories","33":"tag-topstories","34":"tag-ultimas","35":"tag-ultimas-noticias","36":"tag-ultimasnoticias"},"share_on_mastodon":{"url":"https:\/\/pubeurope.com\/@pt\/115698189333007105","error":""},"_links":{"self":[{"href":"https:\/\/www.europesays.com\/pt\/wp-json\/wp\/v2\/posts\/183557","targetHints":{"allow":["GET"]}}],"collection":[{"href":"https:\/\/www.europesays.com\/pt\/wp-json\/wp\/v2\/posts"}],"about":[{"href":"https:\/\/www.europesays.com\/pt\/wp-json\/wp\/v2\/types\/post"}],"author":[{"embeddable":true,"href":"https:\/\/www.europesays.com\/pt\/wp-json\/wp\/v2\/users\/2"}],"replies":[{"embeddable":true,"href":"https:\/\/www.europesays.com\/pt\/wp-json\/wp\/v2\/comments?post=183557"}],"version-history":[{"count":0,"href":"https:\/\/www.europesays.com\/pt\/wp-json\/wp\/v2\/posts\/183557\/revisions"}],"wp:featuredmedia":[{"embeddable":true,"href":"https:\/\/www.europesays.com\/pt\/wp-json\/wp\/v2\/media\/183558"}],"wp:attachment":[{"href":"https:\/\/www.europesays.com\/pt\/wp-json\/wp\/v2\/media?parent=183557"}],"wp:term":[{"taxonomy":"category","embeddable":true,"href":"https:\/\/www.europesays.com\/pt\/wp-json\/wp\/v2\/categories?post=183557"},{"taxonomy":"post_tag","embeddable":true,"href":"https:\/\/www.europesays.com\/pt\/wp-json\/wp\/v2\/tags?post=183557"}],"curies":[{"name":"wp","href":"https:\/\/api.w.org\/{rel}","templated":true}]}}