{"id":183561,"date":"2025-12-11T00:53:10","date_gmt":"2025-12-11T00:53:10","guid":{"rendered":"https:\/\/www.europesays.com\/pt\/183561\/"},"modified":"2025-12-11T00:53:10","modified_gmt":"2025-12-11T00:53:10","slug":"segredo-de-pedro-e-revelado-e-o-momento-e-o-mais-epico-de-sempre-do-secret-story-secret-story","status":"publish","type":"post","link":"https:\/\/www.europesays.com\/pt\/183561\/","title":{"rendered":"Segredo de Pedro \u00e9 revelado. E o momento \u00e9 o mais \u00e9pico de sempre do Secret Story &#8211; Secret Story"},"content":{"rendered":"<p style=\"margin-bottom:11px\">A noite mais bomb\u00e1stica do Secret Story chegou. <strong>O segredo de Pedro acaba de ser descoberto<\/strong>. O grande momento aconteceu no Especial desta quarta-feira, dia 10 de dezembro. <a href=\"https:\/\/tvi.iol.pt\/secretstory\/videos\/imagens-na-integra-segredo-de-pedro-e-revelado-e-a-casa-quase-desmaiou-de-choque\/6939fd720cf229bd2f8d5d18\" rel=\"nofollow noopener\" target=\"_blank\">A revela\u00e7\u00e3o deixou todos de boca aberta e em completo choque.<\/a><\/p>\n<p style=\"margin-bottom:11px\">Este \u00e9 o mist\u00e9rio mais bem guardado desta edi\u00e7\u00e3o do Secret Story e aquele que tem feito mais furor entre os f\u00e3s do programa. Ao longo de tr\u00eas meses, <strong>Pedro <\/strong>e M<strong>arisa<\/strong> conseguiram manter os segredos bem escondidos. S\u00f3 recentemente, e devido \u00e0 revela\u00e7\u00e3o de v\u00e1rias pistas, as pe\u00e7as se come\u00e7aram a encaixar e alguns concorrentes come\u00e7aram a formular teorias certeiras.\u00a0<\/p>\n<p style=\"margin-bottom:11px\">Desde que entraram na casa mais vigiada do Pa\u00eds, que Pedro e Marisa conseguiram discutir, mas tamb\u00e9m viver momentos de muito amor e troca de carinhos mesmo nas &#8216;barbas&#8217; dos colegas e sem que eles se apercebessem.\u00a0<\/p>\n<p style=\"margin-bottom:11px\">Pedro tinha o segredo: \u00abA m\u00e3e dos meus filhos est\u00e1 na casa\u00bb. J\u00e1 Marisa ainda esconde o segredo: \u00abO meu marido est\u00e1 na casa\u00bb.\u00a0<\/p>\n<p style=\"margin-bottom:11px\"><b>VEJA AQUI O MOMENTO NA \u00cdNTEGRA:\u00a0<\/b><\/p>\n","protected":false},"excerpt":{"rendered":"A noite mais bomb\u00e1stica do Secret Story chegou. O segredo de Pedro acaba de ser descoberto. O grande&hellip;\n","protected":false},"author":2,"featured_media":183562,"comment_status":"","ping_status":"","sticky":false,"template":"","format":"standard","meta":{"footnotes":""},"categories":[142],"tags":[114,115,19184,19795,14646,32,33,7958,19793,19794,151],"class_list":{"0":"post-183561","1":"post","2":"type-post","3":"status-publish","4":"format-standard","5":"has-post-thumbnail","7":"category-tv","8":"tag-entertainment","9":"tag-entretenimento","10":"tag-marisa","11":"tag-misterios-reality-show-tvi","12":"tag-pedro","13":"tag-portugal","14":"tag-pt","15":"tag-segredo","16":"tag-segredos-concorrentes","17":"tag-segredos-revelados","18":"tag-tv"},"share_on_mastodon":{"url":"https:\/\/pubeurope.com\/@pt\/115698204893275858","error":""},"_links":{"self":[{"href":"https:\/\/www.europesays.com\/pt\/wp-json\/wp\/v2\/posts\/183561","targetHints":{"allow":["GET"]}}],"collection":[{"href":"https:\/\/www.europesays.com\/pt\/wp-json\/wp\/v2\/posts"}],"about":[{"href":"https:\/\/www.europesays.com\/pt\/wp-json\/wp\/v2\/types\/post"}],"author":[{"embeddable":true,"href":"https:\/\/www.europesays.com\/pt\/wp-json\/wp\/v2\/users\/2"}],"replies":[{"embeddable":true,"href":"https:\/\/www.europesays.com\/pt\/wp-json\/wp\/v2\/comments?post=183561"}],"version-history":[{"count":0,"href":"https:\/\/www.europesays.com\/pt\/wp-json\/wp\/v2\/posts\/183561\/revisions"}],"wp:featuredmedia":[{"embeddable":true,"href":"https:\/\/www.europesays.com\/pt\/wp-json\/wp\/v2\/media\/183562"}],"wp:attachment":[{"href":"https:\/\/www.europesays.com\/pt\/wp-json\/wp\/v2\/media?parent=183561"}],"wp:term":[{"taxonomy":"category","embeddable":true,"href":"https:\/\/www.europesays.com\/pt\/wp-json\/wp\/v2\/categories?post=183561"},{"taxonomy":"post_tag","embeddable":true,"href":"https:\/\/www.europesays.com\/pt\/wp-json\/wp\/v2\/tags?post=183561"}],"curies":[{"name":"wp","href":"https:\/\/api.w.org\/{rel}","templated":true}]}}