{"id":183574,"date":"2025-12-11T01:04:24","date_gmt":"2025-12-11T01:04:24","guid":{"rendered":"https:\/\/www.europesays.com\/pt\/183574\/"},"modified":"2025-12-11T01:04:24","modified_gmt":"2025-12-11T01:04:24","slug":"homem-encontrado-morto-junto-da-psp-em-lisboa-tinha-dado-entrada-nas-urgencias-do-hospital-s-francisco-xavier","status":"publish","type":"post","link":"https:\/\/www.europesays.com\/pt\/183574\/","title":{"rendered":"Homem encontrado morto junto da PSP em Lisboa tinha dado entrada nas urg\u00eancias do Hospital S. Francisco Xavier"},"content":{"rendered":"<p class=\"category\"><a href=\"https:\/\/sicnoticias.pt\/pais\" rel=\"nofollow noopener\" target=\"_blank\">Pa\u00eds<\/a><\/p>\n<p>Unidade Local de Sa\u00fade Lisboa Ocidental (ULSLO) informa que o doente tinha dado entrada no dia 14 de novembro, mas como n\u00e3o respondeu a chamada para observa\u00e7\u00e3o nem contacto telef\u00f3nico foi considerado que o mesmo tinha abandonado o servi\u00e7o de urg\u00eancia. PSP j\u00e1 tinha sido notificada.<\/p>\n<p><img decoding=\"async\" src=\"https:\/\/www.europesays.com\/pt\/wp-content\/uploads\/2025\/12\/1765415064_50_original.webp\" alt=\"Homem encontrado morto junto da PSP em Lisboa tinha dado entrada nas urg\u00eancias do Hospital S. Francisco Xavier\"\/><\/p>\n<p><strong>O corpo do homem que foi encontrado esta quarta-feira junto \u00e0 Divis\u00e3o de Investiga\u00e7\u00e3o Criminal (DIC) da PSP de Lisboa por pol\u00edcias que se encontravam a fazer manuten\u00e7\u00e3o ao espa\u00e7o, tinha dado entrado no servi\u00e7o de urg\u00eancia (SU) do <\/strong><strong>Hospital de S. Francisco Xavier no dia 14 de novembro.<\/strong><\/p>\n<p>Em comunicado a ULSLO informa que o mesmo foi &#8220;<strong>triado, observado, efetuou v\u00e1rios meios de diagn\u00f3stico e terap\u00eautica<\/strong>&#8221; e estava &#8220;orientado e aut\u00f3nomo&#8221; pelo que <strong>n\u00e3o foi considerada a necessidade de pulseira de localiza\u00e7\u00e3o.<\/strong><\/p>\n<p>Uma vez que o utente n\u00e3o respondeu a uma nova chamada para observa\u00e7\u00e3o, na sequ\u00eancia destas observa\u00e7\u00f5es iniciais, os <strong>&#8220;servi\u00e7os tentaram contactar telefonicamente o utente e o contacto de refer\u00eancia, sem sucesso&#8221;.<\/strong><\/p>\n<p>Perante a aus\u00eancia de resposta, &#8220;foi feita <strong>notifica\u00e7\u00e3o junto da PSP e foi considerado o abandono do SU pelo utente<\/strong>&#8220;.<\/p>\n<p>Em comunicado, a ULSLO garante que &#8220;<strong>desenvolveu todos os esfor\u00e7os<\/strong>, do ponto de vista assistencial e processual, para dar a resposta adequada a esta situa\u00e7\u00e3o&#8221;.<\/p>\n<p>Tal como a <a href=\"https:\/\/sicnoticias.pt\/pais\/2025-12-10-corpo-de-homem-com-pulseira-hospitalar-encontrado-junto-a-investigacao-criminal-da-psp-em-lisboa-cfea74db\" target=\"_blank\" rel=\"noopener noreferrer nofollow\">SIC j\u00e1 tinha avan\u00e7ado esta tarde<\/a>, o cad\u00e1ver j\u00e1 se encontrava em decomposi\u00e7\u00e3o e tinha pulseira hospitalar. A descoberta foi feita esta manh\u00e3 e a Pol\u00edcia Judici\u00e1ria acionada para o local.<\/p>\n<p>O espa\u00e7o foi vedado e as autoridades investigam o caso. <\/p>\n","protected":false},"excerpt":{"rendered":"Pa\u00eds Unidade Local de Sa\u00fade Lisboa Ocidental (ULSLO) informa que o doente tinha dado entrada no dia 14&hellip;\n","protected":false},"author":2,"featured_media":183575,"comment_status":"","ping_status":"","sticky":false,"template":"","format":"standard","meta":{"footnotes":""},"categories":[10],"tags":[27,28,15,16,14,25,26,21,22,12,13,19,20,32,23,24,33,17,18,29,30,31],"class_list":{"0":"post-183574","1":"post","2":"type-post","3":"status-publish","4":"format-standard","5":"has-post-thumbnail","7":"category-portugal","8":"tag-breaking-news","9":"tag-breakingnews","10":"tag-featured-news","11":"tag-featurednews","12":"tag-headlines","13":"tag-latest-news","14":"tag-latestnews","15":"tag-main-news","16":"tag-mainnews","17":"tag-news","18":"tag-noticias","19":"tag-noticias-principais","20":"tag-noticiasprincipais","21":"tag-portugal","22":"tag-principais-noticias","23":"tag-principaisnoticias","24":"tag-pt","25":"tag-top-stories","26":"tag-topstories","27":"tag-ultimas","28":"tag-ultimas-noticias","29":"tag-ultimasnoticias"},"share_on_mastodon":{"url":"https:\/\/pubeurope.com\/@pt\/115698248426364481","error":""},"_links":{"self":[{"href":"https:\/\/www.europesays.com\/pt\/wp-json\/wp\/v2\/posts\/183574","targetHints":{"allow":["GET"]}}],"collection":[{"href":"https:\/\/www.europesays.com\/pt\/wp-json\/wp\/v2\/posts"}],"about":[{"href":"https:\/\/www.europesays.com\/pt\/wp-json\/wp\/v2\/types\/post"}],"author":[{"embeddable":true,"href":"https:\/\/www.europesays.com\/pt\/wp-json\/wp\/v2\/users\/2"}],"replies":[{"embeddable":true,"href":"https:\/\/www.europesays.com\/pt\/wp-json\/wp\/v2\/comments?post=183574"}],"version-history":[{"count":0,"href":"https:\/\/www.europesays.com\/pt\/wp-json\/wp\/v2\/posts\/183574\/revisions"}],"wp:featuredmedia":[{"embeddable":true,"href":"https:\/\/www.europesays.com\/pt\/wp-json\/wp\/v2\/media\/183575"}],"wp:attachment":[{"href":"https:\/\/www.europesays.com\/pt\/wp-json\/wp\/v2\/media?parent=183574"}],"wp:term":[{"taxonomy":"category","embeddable":true,"href":"https:\/\/www.europesays.com\/pt\/wp-json\/wp\/v2\/categories?post=183574"},{"taxonomy":"post_tag","embeddable":true,"href":"https:\/\/www.europesays.com\/pt\/wp-json\/wp\/v2\/tags?post=183574"}],"curies":[{"name":"wp","href":"https:\/\/api.w.org\/{rel}","templated":true}]}}