{"id":183611,"date":"2025-12-11T01:48:12","date_gmt":"2025-12-11T01:48:12","guid":{"rendered":"https:\/\/www.europesays.com\/pt\/183611\/"},"modified":"2025-12-11T01:48:12","modified_gmt":"2025-12-11T01:48:12","slug":"ucrania-acordo-qual-acordo-zelensky-entre-os-humores-de-trump-e-o-suicidio-politico-de-entregar-o-donbas-a-putin","status":"publish","type":"post","link":"https:\/\/www.europesays.com\/pt\/183611\/","title":{"rendered":"Ucr\u00e2nia: acordo, qual acordo? Zelensky entre os humores de Trump e o \u201csuic\u00eddio pol\u00edtico\u201d de entregar o Donbas a Putin"},"content":{"rendered":"<p>Volodymyr Zelensky precisa de tempo. Mete-se o Natal e isso \u00e9 bom para a sua estrat\u00e9gia de dar tempo aos europeus para o ajudarem a continuar a <a href=\"https:\/\/expresso.pt\/internacional\/guerra-na-ucrania\/2025-11-14-nova-batalha-na-ue-hungria-e-eslovaquia-rejeitam-emprestimo-de-reparacoes-a-ucrania.-a-novidade-e-que-a-belgica-tambem-por-outras-razoes-fcfc73dc\" target=\"_blank\" rel=\"noopener noreferrer nofollow\">financiar o pa\u00eds<\/a>. Talvez a press\u00e3o de Donald Trump alivie um pouco, talvez ele volte a mudar de humores para aquela altura em que considerava a R\u00fassia um <a href=\"https:\/\/expresso.pt\/internacional\/guerra-na-ucrania\/2025-09-23-trump-chama-a-russia-tigre-de-papel-e-diz-que-a-ucrania-pode-recuperar-todo-o-territorio-conquistado-por-moscovo-30740508-1\" target=\"_blank\" rel=\"noopener noreferrer nofollow\">\u201ctigre de papel\u201d<\/a>.<\/p>\n<p>Neste momento, o Presidente dos Estados Unidos est\u00e1 outra vez numa fase de aparente falta de paci\u00eancia com o seu hom\u00f3logo ucraniano e deu-lhe <a href=\"https:\/\/expresso.pt\/internacional\/guerra-na-ucrania\/2025-12-09-zelensky-enviara-em-breve-revisao-de-plano-de-paz-a-trump-acho-que-vamos-entrega-la-amanha-511cea30\" target=\"_blank\" rel=\"noopener noreferrer nofollow\">\u201cdias\u201d<\/a> para responder a uma proposta de acordo de paz que exige que a Ucr\u00e2nia aceite perdas territoriais em troca de garantias de seguran\u00e7a, garantias essas que Washington n\u00e3o detalhou ainda. Zelensky pede que seja alguma coisa an\u00e1loga ao artigo <a href=\"https:\/\/kyivindependent.com\/zelensky-unveils-3-track-plan-as-talks-intensify\/\" target=\"_blank\" rel=\"noopener noreferrer nofollow\">5\u00ba da NATO<\/a>, que pressup\u00f5e o aux\u00edlio militar entre membros, mas nada disso est\u00e1 pr\u00f3ximo de se materializar num acordo assinado por todas as partes.<\/p>\n<p>Foi o pr\u00f3prio Zelensky que, reunido com os parceiros europeus, os informou de ter sido pressionado pelo enviado especial de Trump, Steve Witkoff, e pelo genro do Presidente, Jared Kushner, a tomar uma decis\u00e3o r\u00e1pida. A <a href=\"https:\/\/www.ft.com\/content\/ea36e244-4b2d-486e-881d-af7e1c25094a\" target=\"_blank\" rel=\"noopener noreferrer nofollow\">not\u00edcia<\/a>, do \u201cFinancial Times\u201d, que cita fontes com conhecimento destas reuni\u00f5es, nota que Trump espera ter um acordo conclu\u00eddo \u201cat\u00e9 ao Natal\u201d.<\/p>\n<p><a href=\"https:\/\/expresso.pt\/subscrever?action=GEN&amp;channel=BAF&amp;type=CAP&amp;source=WEB&amp;returnUrl=https:\/\/expresso.pt\/internacional\/guerra-na-ucrania\/2025-12-10-ucrania-acordo-qual-acordo--zelensky-entre-os-humores-de-trump-e-o-suicidio-politico-de-entregar-o-donbas-a-putin-1a338730&amp;utm_source=expresso&amp;utm_medium=locked_article&amp;locked=true&amp;article_id=98150405-3b3b-4483-b66c-b0506037ccf0&amp;author_id=Ana+Fran\u00e7a&amp;category=Guerra+na+Ucr\u00e2nia\" target=\"_self\" class=\"\" rel=\"nofollow noopener\">Subscrever<\/a>J\u00e1 \u00e9 Subscritor?Fa\u00e7a login e continue a ler<a href=\"http:\/\/expresso.pt\/codigo?redirectUrl=https:\/\/expresso.pt\/internacional\/guerra-na-ucrania\/2025-12-10-ucrania-acordo-qual-acordo--zelensky-entre-os-humores-de-trump-e-o-suicidio-politico-de-entregar-o-donbas-a-putin-1a338730\" target=\"_self\" class=\"\" rel=\"nofollow noopener\">Inserir C\u00f3digo<\/a>Comprou o Expresso?Insira o c\u00f3digo presente na Revista E para continuar a ler<\/p>\n","protected":false},"excerpt":{"rendered":"Volodymyr Zelensky precisa de tempo. Mete-se o Natal e isso \u00e9 bom para a sua estrat\u00e9gia de dar&hellip;\n","protected":false},"author":2,"featured_media":183612,"comment_status":"","ping_status":"","sticky":false,"template":"","format":"standard","meta":{"footnotes":""},"categories":[50],"tags":[27,28,15,16,14,25,26,21,22,62,12,13,19,20,23,24,17,18,29,30,31,63,64,65],"class_list":{"0":"post-183611","1":"post","2":"type-post","3":"status-publish","4":"format-standard","5":"has-post-thumbnail","7":"category-mundo","8":"tag-breaking-news","9":"tag-breakingnews","10":"tag-featured-news","11":"tag-featurednews","12":"tag-headlines","13":"tag-latest-news","14":"tag-latestnews","15":"tag-main-news","16":"tag-mainnews","17":"tag-mundo","18":"tag-news","19":"tag-noticias","20":"tag-noticias-principais","21":"tag-noticiasprincipais","22":"tag-principais-noticias","23":"tag-principaisnoticias","24":"tag-top-stories","25":"tag-topstories","26":"tag-ultimas","27":"tag-ultimas-noticias","28":"tag-ultimasnoticias","29":"tag-world","30":"tag-world-news","31":"tag-worldnews"},"share_on_mastodon":{"url":"https:\/\/pubeurope.com\/@pt\/115698421135364824","error":""},"_links":{"self":[{"href":"https:\/\/www.europesays.com\/pt\/wp-json\/wp\/v2\/posts\/183611","targetHints":{"allow":["GET"]}}],"collection":[{"href":"https:\/\/www.europesays.com\/pt\/wp-json\/wp\/v2\/posts"}],"about":[{"href":"https:\/\/www.europesays.com\/pt\/wp-json\/wp\/v2\/types\/post"}],"author":[{"embeddable":true,"href":"https:\/\/www.europesays.com\/pt\/wp-json\/wp\/v2\/users\/2"}],"replies":[{"embeddable":true,"href":"https:\/\/www.europesays.com\/pt\/wp-json\/wp\/v2\/comments?post=183611"}],"version-history":[{"count":0,"href":"https:\/\/www.europesays.com\/pt\/wp-json\/wp\/v2\/posts\/183611\/revisions"}],"wp:featuredmedia":[{"embeddable":true,"href":"https:\/\/www.europesays.com\/pt\/wp-json\/wp\/v2\/media\/183612"}],"wp:attachment":[{"href":"https:\/\/www.europesays.com\/pt\/wp-json\/wp\/v2\/media?parent=183611"}],"wp:term":[{"taxonomy":"category","embeddable":true,"href":"https:\/\/www.europesays.com\/pt\/wp-json\/wp\/v2\/categories?post=183611"},{"taxonomy":"post_tag","embeddable":true,"href":"https:\/\/www.europesays.com\/pt\/wp-json\/wp\/v2\/tags?post=183611"}],"curies":[{"name":"wp","href":"https:\/\/api.w.org\/{rel}","templated":true}]}}