{"id":183621,"date":"2025-12-11T01:57:07","date_gmt":"2025-12-11T01:57:07","guid":{"rendered":"https:\/\/www.europesays.com\/pt\/183621\/"},"modified":"2025-12-11T01:57:07","modified_gmt":"2025-12-11T01:57:07","slug":"jose-mourinho-responde-ao-bola-na-rede-apos-o-benfica-x-napoles-e-deixa-elogios-tu-percebes-da-coisa","status":"publish","type":"post","link":"https:\/\/www.europesays.com\/pt\/183621\/","title":{"rendered":"Jos\u00e9 Mourinho responde ao Bola na Rede ap\u00f3s o Benfica x N\u00e1poles e deixa elogios: \u00abTu percebes da coisa\u00bb"},"content":{"rendered":"<p>&#8211; Advertisement &#8211;<\/p>\n<p><strong>Jos\u00e9 Mourinho analisou a vit\u00f3ria do Benfica sobre o N\u00e1poles. T\u00e9cnico respondeu \u00e0 pergunta do Bola na Rede em confer\u00eancia de imprensa.<\/strong><\/p>\n<p>Jos\u00e9 Mourinho respondeu ao Bola na Rede, ap\u00f3s a <a href=\"https:\/\/bolanarede.pt\/especial-bola-na-rede\/atualidade\/mamma-mia-exibicao-de-luxo-do-benfica-tomba-napoles-e-permite-2a-vitoria-consecutiva-na-champions-league\/\" target=\"_blank\" rel=\"noreferrer noopener nofollow\">vit\u00f3ria do Benfica<\/a> frente ao N\u00e1poles, na sexta jornada da Champions League. O t\u00e9cnico portugu\u00eas analisou a import\u00e2ncia de Enzo Barrenechea na equipa encarnada e algumas especificidades t\u00e1ticas do encontro.<\/p>\n<p><strong>Bola na Rede: J\u00e1 aqui destacou a forma como o Benfica conseguiu atrair a press\u00e3o do N\u00e1poles para explorar espa\u00e7os na frente. Na constru\u00e7\u00e3o de jogo encarnada, qual a import\u00e2ncia individual e coletiva, por um lado do Barrenechea lateralizar \u00e0 esquerda e ver o jogo de frente, sozinho, e num segundo momento dos movimentos a toda a largura do Aursnes. Qual a import\u00e2ncia dos dois jogadores na constru\u00e7\u00e3o de bola?<\/strong><\/p>\n<p><strong>Jos\u00e9 Mourinho:<\/strong> Tu percebes da coisa. Parab\u00e9ns, tu percebes da coisa. Pode ser que te levem para substituir algum dos sabich\u00f5es que n\u00e3o sabe de nada. \u00c9 uma pergunta \u00f3tima. Aquele posicionamento do Barrenechea criava-lhes um problema porque eles t\u00eam s\u00f3 dois m\u00e9dios, o Elmas e o McTominay. Quando o Enzo abre naquela posi\u00e7\u00e3o, ou n\u00e3o pressionam e ele consegue receber a bola sozinho, ou salta um m\u00e9dio e abre mais espa\u00e7os por dentro, ou tem de saltar um jogador tipo Neres, que efetivamente n\u00e3o \u00e9 um rapaz cujas qualidades mais fortes s\u00e3o a ocupa\u00e7\u00e3o dos espa\u00e7os defensivos. A movimenta\u00e7\u00e3o do Enzo naquela posi\u00e7\u00e3o \u00e9 chave no nosso jogo com bola\u00a0neste\u00a0jogo.<\/p>\n<p><strong>V\u00ea em baixo a pergunta do Bola na Rede para Jos\u00e9 Mourinho:<\/strong><\/p>\n<blockquote class=\"instagram-media\" data-instgrm-captioned=\"\" data-instgrm-permalink=\"https:\/\/www.instagram.com\/reel\/DSGfZfqDP0-\/?utm_source=ig_embed&amp;utm_campaign=loading\" data-instgrm-version=\"14\" style=\" background:#FFF; border:0; border-radius:3px; box-shadow:0 0 1px 0 rgba(0,0,0,0.5),0 1px 10px 0 rgba(0,0,0,0.15); margin: 1px; max-width:540px; min-width:326px; padding:0; width:99.375%; width:-webkit-calc(100% - 2px); width:calc(100% - 2px);\"\/>\n<p><script async src=\"\/\/www.instagram.com\/embed.js\"><\/script><\/p>\n","protected":false},"excerpt":{"rendered":"&#8211; Advertisement &#8211; Jos\u00e9 Mourinho analisou a vit\u00f3ria do Benfica sobre o N\u00e1poles. T\u00e9cnico respondeu \u00e0 pergunta do&hellip;\n","protected":false},"author":2,"featured_media":183622,"comment_status":"","ping_status":"","sticky":false,"template":"","format":"standard","meta":{"footnotes":""},"categories":[87],"tags":[260,51,1230,135,478,2100,32,33,134],"class_list":{"0":"post-183621","1":"post","2":"type-post","3":"status-publish","4":"format-standard","5":"has-post-thumbnail","7":"category-desporto","8":"tag-atualidade","9":"tag-benfica","10":"tag-champions-league","11":"tag-desporto","12":"tag-destaques-bnr","13":"tag-napoles","14":"tag-portugal","15":"tag-pt","16":"tag-sports"},"share_on_mastodon":{"url":"https:\/\/pubeurope.com\/@pt\/115698456560804026","error":""},"_links":{"self":[{"href":"https:\/\/www.europesays.com\/pt\/wp-json\/wp\/v2\/posts\/183621","targetHints":{"allow":["GET"]}}],"collection":[{"href":"https:\/\/www.europesays.com\/pt\/wp-json\/wp\/v2\/posts"}],"about":[{"href":"https:\/\/www.europesays.com\/pt\/wp-json\/wp\/v2\/types\/post"}],"author":[{"embeddable":true,"href":"https:\/\/www.europesays.com\/pt\/wp-json\/wp\/v2\/users\/2"}],"replies":[{"embeddable":true,"href":"https:\/\/www.europesays.com\/pt\/wp-json\/wp\/v2\/comments?post=183621"}],"version-history":[{"count":0,"href":"https:\/\/www.europesays.com\/pt\/wp-json\/wp\/v2\/posts\/183621\/revisions"}],"wp:featuredmedia":[{"embeddable":true,"href":"https:\/\/www.europesays.com\/pt\/wp-json\/wp\/v2\/media\/183622"}],"wp:attachment":[{"href":"https:\/\/www.europesays.com\/pt\/wp-json\/wp\/v2\/media?parent=183621"}],"wp:term":[{"taxonomy":"category","embeddable":true,"href":"https:\/\/www.europesays.com\/pt\/wp-json\/wp\/v2\/categories?post=183621"},{"taxonomy":"post_tag","embeddable":true,"href":"https:\/\/www.europesays.com\/pt\/wp-json\/wp\/v2\/tags?post=183621"}],"curies":[{"name":"wp","href":"https:\/\/api.w.org\/{rel}","templated":true}]}}