{"id":183623,"date":"2025-12-11T01:58:23","date_gmt":"2025-12-11T01:58:23","guid":{"rendered":"https:\/\/www.europesays.com\/pt\/183623\/"},"modified":"2025-12-11T01:58:23","modified_gmt":"2025-12-11T01:58:23","slug":"coren-ce-realiza-o-i-encontro-de-auxiliares-e-tecnicos-de-enfermagem-do-ceara-com-mais-de-500-participantes","status":"publish","type":"post","link":"https:\/\/www.europesays.com\/pt\/183623\/","title":{"rendered":"Coren-CE realiza o I Encontro de Auxiliares e T\u00e9cnicos de Enfermagem do Cear\u00e1 com mais de 500 participantes"},"content":{"rendered":"<p><a href=\"https:\/\/www.europesays.com\/pt\/wp-content\/uploads\/2025\/12\/Coren-CE-1.jpg\"><img fetchpriority=\"high\" decoding=\"async\" class=\"wpa-warning wpa-image-missing-alt wp-image-171371\" src=\"https:\/\/www.europesays.com\/pt\/wp-content\/uploads\/2025\/12\/Coren-CE-1.jpg\" alt=\"\" width=\"450\" height=\"253\" data-warning=\"Texto alternativo ausente\"\/><\/a>O evento marcou um importante momento de integra\u00e7\u00e3o, valoriza\u00e7\u00e3o e fortalecimento da categoria em todo o Estado<\/p>\n<p>O Conselho Regional de Enfermagem do Cear\u00e1 (Coren-CE), em parceria com o Conselho Federal de Enfermagem (Cofen), realizou na \u00faltima quinta-feira (4) o I Encontro de T\u00e9cnicos e Auxiliares de Enfermagem do Cear\u00e1 (ENATEN), reunindo mais de 500 profissionais no Hotel Gran Marquise, em Fortaleza. O evento marcou um importante momento de integra\u00e7\u00e3o, valoriza\u00e7\u00e3o e fortalecimento da categoria em todo o Estado.<\/p>\n<p>A abertura oficial foi conduzida pela presidente do Coren-CE, Natana Pacheco, e contou com a presen\u00e7a da conselheira federal Ana Paula Brand\u00e3o, que destacou a relev\u00e2ncia da categoria ao afirmar:\u00a0\u201cValorizar T\u00e9cnicos e Auxiliares \u00e9 reconhecer a base que sustenta a Enfermagem em todo o Pa\u00eds.\u201d<\/p>\n<p>Tamb\u00e9m participaram o conselheiro-tesoureiro do Coren-AM, Andr\u00e9 Willison de Souza Ramos; o conselheiro do Coren-AM, J\u00falio Cunha; e o conselheiro-tesoureiro do Coren-PI, Wendel Marcos Alves, fortalecendo a integra\u00e7\u00e3o entre os regionais no debate sobre o futuro da Enfermagem.<\/p>\n<p>A programa\u00e7\u00e3o da manh\u00e3 trouxe tr\u00eas palestras centrais:<\/p>\n<ul>\n<li>Cleberson dos Santos \u2013 Auxiliares e T\u00e9cnicos em foco: o protagonismo que transforma a Enfermagem<\/li>\n<li>Edna Pontes dos Reis \u2013 Ass\u00e9dio Moral na Enfermagem: como identificar, reagir e denunciar<\/li>\n<li>Stela Mara Brito da Costa \u2013 Seguran\u00e7a da Assist\u00eancia e Registro da Enfermagem<\/li>\n<\/ul>\n<p><a href=\"https:\/\/www.europesays.com\/pt\/wp-content\/uploads\/2025\/12\/Coren-CE-2-scaled.jpg\"><img loading=\"lazy\" decoding=\"async\" class=\"wpa-warning wpa-image-missing-alt wp-image-171370\" src=\"https:\/\/www.europesays.com\/pt\/wp-content\/uploads\/2025\/12\/Coren-CE-2-scaled.jpg\" alt=\"\" width=\"450\" height=\"299\" data-warning=\"Texto alternativo ausente\"\/><\/a>Abertura teve presen\u00e7a da conselheira federal Ana Paula Brand\u00e3o, que destacou a relev\u00e2ncia da categoria<\/p>\n<p>O encontro recebeu profissionais de diferentes regi\u00f5es do Cear\u00e1, incluindo Fortaleza, Trairi, Campos Sales, Caucaia, Senador Pompeu e Baturit\u00e9, refor\u00e7ando seu alcance estadual. A manh\u00e3 tamb\u00e9m contou com uma sess\u00e3o de musicoterapia conduzida pela conselheira Luciana Pereira e com a apresenta\u00e7\u00e3o do humorista Jil com J.<\/p>\n<p>No per\u00edodo da tarde, o enfermeiro\u00a0Acassio Ferreira\u00a0abriu as atividades com a palestra\u00a0Manejo e Manuten\u00e7\u00e3o de Cateteres Intravenosos. Em seguida, a enfermeira\u00a0Lorieny Rocha\u00a0discutiu\u00a0O Papel do T\u00e9cnico de Enfermagem no Cuidado Integral, ressaltando a import\u00e2ncia da atua\u00e7\u00e3o qualificada na assist\u00eancia. Fechando o ciclo de palestras, a t\u00e9cnica de Enfermagem e diretora do Sindsa\u00fade,\u00a0Martinha Brand\u00e3o, falou sobre\u00a0O Protagonismo de T\u00e9cnicos e Auxiliares na Valoriza\u00e7\u00e3o da Enfermagem.<\/p>\n<p>O evento foi encerrado com a apresenta\u00e7\u00e3o do humorista\u00a0Ciro Santos, celebrando a energia e o compromisso da categoria.<\/p>\n<p>O Coren-CE parabeniza todos os profissionais presentes e refor\u00e7a seu compromisso em promover a\u00e7\u00f5es que valorizem, integrem e fortale\u00e7am os Auxiliares e T\u00e9cnicos de Enfermagem em todo o Cear\u00e1.<\/p>\n<p>Fonte: Coren-CE<\/p>\n","protected":false},"excerpt":{"rendered":"O evento marcou um importante momento de integra\u00e7\u00e3o, valoriza\u00e7\u00e3o e fortalecimento da categoria em todo o Estado O&hellip;\n","protected":false},"author":2,"featured_media":183624,"comment_status":"","ping_status":"","sticky":false,"template":"","format":"standard","meta":{"footnotes":""},"categories":[86],"tags":[116,32,33,117],"class_list":{"0":"post-183623","1":"post","2":"type-post","3":"status-publish","4":"format-standard","5":"has-post-thumbnail","7":"category-saude","8":"tag-health","9":"tag-portugal","10":"tag-pt","11":"tag-saude"},"share_on_mastodon":{"url":"https:\/\/pubeurope.com\/@pt\/115698460654267618","error":""},"_links":{"self":[{"href":"https:\/\/www.europesays.com\/pt\/wp-json\/wp\/v2\/posts\/183623","targetHints":{"allow":["GET"]}}],"collection":[{"href":"https:\/\/www.europesays.com\/pt\/wp-json\/wp\/v2\/posts"}],"about":[{"href":"https:\/\/www.europesays.com\/pt\/wp-json\/wp\/v2\/types\/post"}],"author":[{"embeddable":true,"href":"https:\/\/www.europesays.com\/pt\/wp-json\/wp\/v2\/users\/2"}],"replies":[{"embeddable":true,"href":"https:\/\/www.europesays.com\/pt\/wp-json\/wp\/v2\/comments?post=183623"}],"version-history":[{"count":0,"href":"https:\/\/www.europesays.com\/pt\/wp-json\/wp\/v2\/posts\/183623\/revisions"}],"wp:featuredmedia":[{"embeddable":true,"href":"https:\/\/www.europesays.com\/pt\/wp-json\/wp\/v2\/media\/183624"}],"wp:attachment":[{"href":"https:\/\/www.europesays.com\/pt\/wp-json\/wp\/v2\/media?parent=183623"}],"wp:term":[{"taxonomy":"category","embeddable":true,"href":"https:\/\/www.europesays.com\/pt\/wp-json\/wp\/v2\/categories?post=183623"},{"taxonomy":"post_tag","embeddable":true,"href":"https:\/\/www.europesays.com\/pt\/wp-json\/wp\/v2\/tags?post=183623"}],"curies":[{"name":"wp","href":"https:\/\/api.w.org\/{rel}","templated":true}]}}